{"id":52463,"date":"2016-06-17T14:16:34","date_gmt":"2016-06-17T14:16:34","guid":{"rendered":"https:\/\/archiviogioia.lavocedelpaese.info\/?p=52463"},"modified":"2016-06-17T14:16:34","modified_gmt":"2016-06-17T14:16:34","slug":"elezioni-curci-qnovita-e-dialogo-non-difesa-posizioniq","status":"publish","type":"post","link":"https:\/\/archiviogioia.lavocedelpaese.info\/?p=52463","title":{"rendered":"ELEZIONI, CURCI: &#8220;NOVIT\u00c0 \u00c8 DIALOGO, NON DIFESA POSIZIONI&#8221;"},"content":{"rendered":"<p><a title=\"800px-Gioia_del_Colle_-_Palazzo_San_Domenico_-_Municipio\" href=\"https:\/\/www.flickr.com\/photos\/91470992@N02\/18099528136\/in\/photolist-Fcc8Zk-CBJtur-wXJBQq-tzoP8W-uTukoJ-uTuZ9G-vb5nJM-saFEu4-yhw3iN-rM9ZWz-rZ4GCg-rLLziJ-rJgSwS-r4FTin-r6r6gE-ro1jet-r6yfCc-rnTdpx-qkH6kA-HcTPmk\" data-flickr-embed=\"true\"><img loading=\"lazy\" decoding=\"async\" style=\"display: block; margin-left: auto; margin-right: auto;\" src=\"https:\/\/c1.staticflickr.com\/9\/8835\/18099528136_b1e00b2fbb_z.jpg\" alt=\"800px-Gioia_del_Colle_-_Palazzo_San_Domenico_-_Municipio\" width=\"320\" height=\"240\" \/><\/a><\/p>\n<p><!--more--><\/p>\n<p style=\"text-align: justify;\"><a title=\"Anna Curci\" href=\"https:\/\/www.flickr.com\/photos\/91470992@N02\/27337033742\/in\/photolist-HDFrHY-H1Lox5-GYLbVt-ouyW11-rceaUP-rce1Je-qUV5Ac-ouyVRU-qfn4FU-qUMQwd-qUNUbY-qUP2Fh-4RQnjc-qUV4CR-qUP7hm-rcdPEa-qUP7iJ-ra5v19-qUUSKD-qUV7ae-qUMHyf-rcdTgi-qfn5Lu-qfz4vD-qUMFdy-ra5mwW-rcdZgz-qUMApL-rce7HZ-A9Khbx-qUVcKH-rch8fL-rcnRgc-A8M698\" data-flickr-embed=\"true\"><img loading=\"lazy\" decoding=\"async\" style=\"margin: 4px; float: left;\" src=\"https:\/\/c7.staticflickr.com\/8\/7390\/27337033742_c40200c253_z.jpg\" alt=\"Anna Curci\" width=\"400\" height=\"300\" \/><\/a>&#8220;Il ballottaggio di domenica chiude non solo una lunga campagna elettorale, ma una pagina intera di storia politica della citt\u00e0. Per questo, occorre esercitare il dovere civico del voto ed occorre farlo con coscienza, assumendosi la responsabilit\u00e0 di una scelta di campo. Come gruppo Nuova Gioia, infatti, abbiamo utilizzato ogni spazio di riflessione per interrogarci sulla necessit\u00e0 di dire la nostra, nel rispetto delle volont\u00e0 degli sfidanti &#8211; che hanno escluso apparentamenti formali &#8211; e coscienti che avremo a disposizione sulla scheda due figure di alto profilo e spessore.<\/p>\n<p style=\"text-align: justify;\">Tuttavia, non ci sono sfuggiti approcci e comportamenti di queste settimane. Non ci \u00e8 sfuggita la chiusura mostrata dalla coalizione &#8220;Un Impegno in Comune&#8221;, la reticenza al confronto che ha portato i rappresentanti di quest&#8217;ultima a rifiutare il ponte lanciato dal gruppo di Donato Paradiso, tanto pi\u00f9 grave dal momento che avveniva alla luce del sole e senza alcuna richiesta, come si addice alle persone serie e ai buoni amministratori.<\/p>\n<p style=\"text-align: justify;\">Un atteggiamento di arroccamento sulle proprie posizioni che non lascia ben sperare: se ci si chiude alle sollecitazioni esterne ancor prima di cominciare a governare, infatti, come si potr\u00e0 mantenere quel filo diretto con cittadini ed elettori, una volta seduti tra i banchi del Consiglio? Qualcuno ha parlato di &#8220;integralismo&#8221;, noi restiamo convinti che apertura e dialogo tra le parti siano l&#8217;unica strada per restituire alla citt\u00e0 una dimensione comune, al riparo da ogni forma di arroganza e dalla retorica da campagna elettorale.<\/p>\n<p style=\"text-align: justify;\">I volti nuovi non bastano, dunque. Ad essere nuovo deve essere il metodo e certi colpi ad effetto, usati da taluni in conferenza stampa, mostrano che \u00e8 sempre pi\u00f9 facile cambiare i primi, rispetto al secondo, scadendo nella demonizzazione dell&#8217;avversario. Pur non avendo risparmiato critiche a Giuseppe Gallo, in queste settimane, gli riconosciamo una propensione al dialogo e alla mediazione propria di un professionista pragmatico e di un amministratore realista, convinti che le sue stesse qualit\u00e0 umane siano importante garanzia sull&#8217;integrit\u00e0 di una eventuale azione di governo. Scegliamo, dunque, di dargli fiducia, con la serenit\u00e0 di chi non chiede nulla in cambio e non dimenticando il ruolo di controllo che i cittadini ci hanno affidato al primo turno. Promettiamo, inoltre, sin da ora, leale collaborazione a colui che gli elettori sceglieranno come nuovo Sindaco. Buon voto a tutti\u201d.<\/p>\n<div style=\"text-align: right;\" align=\"right\"><strong>Anna Curci<\/strong><\/div>\n<div style=\"text-align: right;\" align=\"right\">gi\u00e0 candidata a Sindaco \u201cNuova Gioia\u201d<\/div>\n<p>&nbsp;<\/p>\n","protected":false},"excerpt":{"rendered":"","protected":false},"author":1,"featured_media":0,"comment_status":"open","ping_status":"closed","sticky":false,"template":"","format":"standard","meta":{"colormag_page_container_layout":"default_layout","colormag_page_sidebar_layout":"default_layout","footnotes":""},"categories":[4],"tags":[],"class_list":["post-52463","post","type-post","status-publish","format-standard","hentry","category-politica"],"_links":{"self":[{"href":"https:\/\/archiviogioia.lavocedelpaese.info\/index.php?rest_route=\/wp\/v2\/posts\/52463","targetHints":{"allow":["GET"]}}],"collection":[{"href":"https:\/\/archiviogioia.lavocedelpaese.info\/index.php?rest_route=\/wp\/v2\/posts"}],"about":[{"href":"https:\/\/archiviogioia.lavocedelpaese.info\/index.php?rest_route=\/wp\/v2\/types\/post"}],"author":[{"embeddable":true,"href":"https:\/\/archiviogioia.lavocedelpaese.info\/index.php?rest_route=\/wp\/v2\/users\/1"}],"replies":[{"embeddable":true,"href":"https:\/\/archiviogioia.lavocedelpaese.info\/index.php?rest_route=%2Fwp%2Fv2%2Fcomments&post=52463"}],"version-history":[{"count":0,"href":"https:\/\/archiviogioia.lavocedelpaese.info\/index.php?rest_route=\/wp\/v2\/posts\/52463\/revisions"}],"wp:attachment":[{"href":"https:\/\/archiviogioia.lavocedelpaese.info\/index.php?rest_route=%2Fwp%2Fv2%2Fmedia&parent=52463"}],"wp:term":[{"taxonomy":"category","embeddable":true,"href":"https:\/\/archiviogioia.lavocedelpaese.info\/index.php?rest_route=%2Fwp%2Fv2%2Fcategories&post=52463"},{"taxonomy":"post_tag","embeddable":true,"href":"https:\/\/archiviogioia.lavocedelpaese.info\/index.php?rest_route=%2Fwp%2Fv2%2Ftags&post=52463"}],"curies":[{"name":"wp","href":"https:\/\/api.w.org\/{rel}","templated":true}]}}