{"id":52499,"date":"2016-06-19T22:20:03","date_gmt":"2016-06-19T22:20:03","guid":{"rendered":"https:\/\/archiviogioia.lavocedelpaese.info\/?p=52499"},"modified":"2016-06-19T22:20:03","modified_gmt":"2016-06-19T22:20:03","slug":"anna-curci-qbuon-lavoro-a-donato-lucillaq-2","status":"publish","type":"post","link":"https:\/\/archiviogioia.lavocedelpaese.info\/?p=52499","title":{"rendered":"ANNA CURCI: &#8220;BUON LAVORO A DONATO LUCILLA&#8221;"},"content":{"rendered":"<p><a title=\"Anna Curci\" href=\"https:\/\/www.flickr.com\/photos\/91470992@N02\/27337033742\/in\/photolist-GYLbVt-HDFrHY-H1Lox5\" data-flickr-embed=\"true\"><img loading=\"lazy\" decoding=\"async\" style=\"display: block; margin-left: auto; margin-right: auto;\" src=\"https:\/\/c7.staticflickr.com\/8\/7390\/27337033742_c40200c253_z.jpg\" alt=\"Anna Curci\" width=\"320\" height=\"240\" \/><\/a><\/p>\n<p><!--more--><\/p>\n<p style=\"text-align: justify;\"><a title=\"donato lucilla\" href=\"https:\/\/www.flickr.com\/photos\/91470992@N02\/27706815911\/in\/photolist-JdmF5B-JgV28f-JdkX9T-JdkWVM-JdkyWB-Jb2QdN-Jb2Qwd-Jb2Qo7-Jb1uqU-HUhjYj-HhEEwx-JhrcgF-GYXjLL-GZ5nXF-GZ5wHX-HcRZan-HYVhx1-J5HN1m-J2f2qg-J5HMMf\" data-flickr-embed=\"true\"><img loading=\"lazy\" decoding=\"async\" style=\"margin: 5px; float: left;\" src=\"https:\/\/c8.staticflickr.com\/8\/7442\/27706815911_b8e47507d5.jpg\" alt=\"donato lucilla\" width=\"400\" height=\"225\" \/><\/a>\u201cA Donato Lucilla i miei migliori auguri di buon lavoro. A lui la maggioranza dei gioiesi ha affidato le proprie speranze ed una chiara richiesta di cambiamento e di buona amministrazione: un compito gravoso e, allo stesso tempo, entusiasmante. Non gli faremo mancare il nostro supporto, in termini di idee e progettualit\u00e0, senza venir meno al ruolo che i cittadini ci hanno assegnato al primo turno.<\/p>\n<p style=\"text-align: justify;\">Per quanto mi riguarda, non posso che ringraziare tutti coloro che mi hanno accompagnato in questa avventura. Grazie a chi ci ha messo la faccia e ci ha creduto, a chi ci ha sostenuto in ogni modo: una straordinaria esperienza collettiva destinata a continuare con tante iniziative in cantiere, con le formule che il gruppo riterr\u00e0 pi\u00f9 opportune e la medesima caparbiet\u00e0 nella costruzione di una &#8220;Nuova Gioia&#8221;. Cos\u00ec, in una nota, Anna Curci, gi\u00e0 candidata a Sindaco di Gioia del Colle con la lista civica &#8220;Nuova Gioia&#8221;.<\/p>\n<p style=\"text-align: right;\" align=\"right\"><strong>Anna Curci<\/strong><\/p>\n<p>&nbsp;<\/p>\n","protected":false},"excerpt":{"rendered":"","protected":false},"author":1,"featured_media":0,"comment_status":"open","ping_status":"closed","sticky":false,"template":"","format":"standard","meta":{"colormag_page_container_layout":"default_layout","colormag_page_sidebar_layout":"default_layout","footnotes":""},"categories":[4],"tags":[],"class_list":["post-52499","post","type-post","status-publish","format-standard","hentry","category-politica"],"_links":{"self":[{"href":"https:\/\/archiviogioia.lavocedelpaese.info\/index.php?rest_route=\/wp\/v2\/posts\/52499","targetHints":{"allow":["GET"]}}],"collection":[{"href":"https:\/\/archiviogioia.lavocedelpaese.info\/index.php?rest_route=\/wp\/v2\/posts"}],"about":[{"href":"https:\/\/archiviogioia.lavocedelpaese.info\/index.php?rest_route=\/wp\/v2\/types\/post"}],"author":[{"embeddable":true,"href":"https:\/\/archiviogioia.lavocedelpaese.info\/index.php?rest_route=\/wp\/v2\/users\/1"}],"replies":[{"embeddable":true,"href":"https:\/\/archiviogioia.lavocedelpaese.info\/index.php?rest_route=%2Fwp%2Fv2%2Fcomments&post=52499"}],"version-history":[{"count":0,"href":"https:\/\/archiviogioia.lavocedelpaese.info\/index.php?rest_route=\/wp\/v2\/posts\/52499\/revisions"}],"wp:attachment":[{"href":"https:\/\/archiviogioia.lavocedelpaese.info\/index.php?rest_route=%2Fwp%2Fv2%2Fmedia&parent=52499"}],"wp:term":[{"taxonomy":"category","embeddable":true,"href":"https:\/\/archiviogioia.lavocedelpaese.info\/index.php?rest_route=%2Fwp%2Fv2%2Fcategories&post=52499"},{"taxonomy":"post_tag","embeddable":true,"href":"https:\/\/archiviogioia.lavocedelpaese.info\/index.php?rest_route=%2Fwp%2Fv2%2Ftags&post=52499"}],"curies":[{"name":"wp","href":"https:\/\/api.w.org\/{rel}","templated":true}]}}