{"id":52673,"date":"2016-07-08T17:40:04","date_gmt":"2016-07-08T17:40:04","guid":{"rendered":"https:\/\/archiviogioia.lavocedelpaese.info\/?p=52673"},"modified":"2016-07-08T17:40:04","modified_gmt":"2016-07-08T17:40:04","slug":"donato-paradiso-rinuncia-alla-presidenza-del-consiglio-2","status":"publish","type":"post","link":"https:\/\/archiviogioia.lavocedelpaese.info\/?p=52673","title":{"rendered":"DONATO PARADISO RINUNCIA ALLA PRESIDENZA DEL CONSIGLIO"},"content":{"rendered":"<p><a title=\"donato paradiso candidato\" href=\"https:\/\/www.flickr.com\/photos\/91470992@N02\/25705847116\/in\/album-72157663489295364\/\" data-flickr-embed=\"true\"><img loading=\"lazy\" decoding=\"async\" style=\"display: block; margin-left: auto; margin-right: auto;\" src=\"https:\/\/c5.staticflickr.com\/2\/1443\/25705847116_799e478705_z.jpg\" alt=\"donato paradiso candidato\" width=\"320\" height=\"240\" \/><\/a><\/p>\n<p><!--more--><\/p>\n<div style=\"text-align: justify;\"><strong>Pur non avendo ricevuto nulla in merito<\/strong>, la nostra redazione non risulta nella mailing list (elenco delle redazioni e dei redattori a cui indirizzare la notizia), <strong>provvediamo a pubblicare<\/strong> la missiva di &#8220;rinuncia&#8221; inviata al sindaco Donato Lucilla e alla coalizione che rappresenta. Buona lettura.<\/div>\n<div>&#8212;&#8212;&#8212;&#8212;&#8212;&#8212;&#8212;&#8211;&nbsp;<\/div>\n<div><a title=\"donato paradiso candidato\" href=\"https:\/\/www.flickr.com\/photos\/91470992@N02\/25105285293\/in\/album-72157663489295364\/\" data-flickr-embed=\"true\"><img loading=\"lazy\" decoding=\"async\" style=\"margin: 4px; float: left;\" src=\"https:\/\/c6.staticflickr.com\/2\/1452\/25105285293_cf485e8f43_o.jpg\" alt=\"donato paradiso candidato\" width=\"250\" height=\"297\" \/><\/a>Alla coalizione \u201cUn impegno.. in comune\u201d<\/div>\n<div>Al Sindaco Donato Lucilla<\/div>\n<p style=\"text-align: justify;\">\u201cLa proposta di inserire il mio nome, quale componente dell\u2019opposizione, nella rosa dei tre consiglieri da proporre per la carica di Presidente del Consiglio Comunale sicuramente rappresenta un segnale importante della volont\u00e0 di questa Amministrazione di voler garantire un coinvolgimento di tutte le forze politiche al risanamento della citt\u00e0. Di questo Vi ringrazio per la stima e la considerazione che avete dimostrato nei miei confronti e nei confronti della Coalizione che rappresento. Ci\u00f2 non toglie per\u00f2 che il metodo adottato non \u00e8 condivisibile laddove la maggioranza indica alla minoranza il nome del candidato da eleggere, togliendo alla stessa la possibilit\u00e0 di concordare, in maniera del tutto autonoma, il nome di un proprio esponente al suo interno.<\/p>\n<p style=\"text-align: justify;\">In ogni caso, tenuto conto che \u00e8 mia intenzione onorare in maniera piena il mandato ricevuto dagli elettori quale consigliere di minoranza e dopo un confronto sereno e costruttivo che ho avuto all\u2019interno della coalizione che mi ha sostenuto, sono arrivato alla determinazione di non dare la mia disponibilit\u00e0 ad una eventuale candidatura a Presidente del Consiglio Comunale.<\/p>\n<p style=\"text-align: justify;\">Cordiali saluti\u201d.<\/p>\n<div style=\"text-align: right;\" align=\"right\">p. la Coalizione \u2018INSIEME SI PUO\u2019<\/div>\n<div style=\"text-align: right;\" align=\"right\">Donato Paradiso<\/div>\n<p>&nbsp;<\/p>\n","protected":false},"excerpt":{"rendered":"","protected":false},"author":1,"featured_media":0,"comment_status":"open","ping_status":"closed","sticky":false,"template":"","format":"standard","meta":{"colormag_page_container_layout":"default_layout","colormag_page_sidebar_layout":"default_layout","footnotes":""},"categories":[4],"tags":[],"class_list":["post-52673","post","type-post","status-publish","format-standard","hentry","category-politica"],"_links":{"self":[{"href":"https:\/\/archiviogioia.lavocedelpaese.info\/index.php?rest_route=\/wp\/v2\/posts\/52673","targetHints":{"allow":["GET"]}}],"collection":[{"href":"https:\/\/archiviogioia.lavocedelpaese.info\/index.php?rest_route=\/wp\/v2\/posts"}],"about":[{"href":"https:\/\/archiviogioia.lavocedelpaese.info\/index.php?rest_route=\/wp\/v2\/types\/post"}],"author":[{"embeddable":true,"href":"https:\/\/archiviogioia.lavocedelpaese.info\/index.php?rest_route=\/wp\/v2\/users\/1"}],"replies":[{"embeddable":true,"href":"https:\/\/archiviogioia.lavocedelpaese.info\/index.php?rest_route=%2Fwp%2Fv2%2Fcomments&post=52673"}],"version-history":[{"count":0,"href":"https:\/\/archiviogioia.lavocedelpaese.info\/index.php?rest_route=\/wp\/v2\/posts\/52673\/revisions"}],"wp:attachment":[{"href":"https:\/\/archiviogioia.lavocedelpaese.info\/index.php?rest_route=%2Fwp%2Fv2%2Fmedia&parent=52673"}],"wp:term":[{"taxonomy":"category","embeddable":true,"href":"https:\/\/archiviogioia.lavocedelpaese.info\/index.php?rest_route=%2Fwp%2Fv2%2Fcategories&post=52673"},{"taxonomy":"post_tag","embeddable":true,"href":"https:\/\/archiviogioia.lavocedelpaese.info\/index.php?rest_route=%2Fwp%2Fv2%2Ftags&post=52673"}],"curies":[{"name":"wp","href":"https:\/\/api.w.org\/{rel}","templated":true}]}}