{"id":52688,"date":"2016-07-11T07:16:29","date_gmt":"2016-07-11T07:16:29","guid":{"rendered":"https:\/\/archiviogioia.lavocedelpaese.info\/?p=52688"},"modified":"2016-07-11T07:16:29","modified_gmt":"2016-07-11T07:16:29","slug":"se-vuoi-sostenere-la-capitale-italiana-dei-giovani","status":"publish","type":"post","link":"https:\/\/archiviogioia.lavocedelpaese.info\/?p=52688","title":{"rendered":"ASSOCIAZIONI: SCADE IL 13\/07 &#8220;CAPITALE ITALIANA DEI GIOVANI&#8221;"},"content":{"rendered":"<p><a title=\"capitale italiana dei giovani\" href=\"https:\/\/www.flickr.com\/photos\/91470992@N02\/27626622064\" data-flickr-embed=\"true\"><img loading=\"lazy\" decoding=\"async\" style=\"display: block; margin-left: auto; margin-right: auto;\" src=\"https:\/\/c1.staticflickr.com\/9\/8649\/27626622064_e99bb0bd67_o.jpg\" alt=\"capitale italiana dei giovani\" width=\"320\" height=\"240\" \/><\/a><\/p>\n<p><!--more--><\/p>\n<p style=\"text-align: justify;\"><a title=\"capitale italiana dei giovani\" href=\"https:\/\/www.flickr.com\/photos\/91470992@N02\/28137771852\/in\/photostream\/\" data-flickr-embed=\"true\"><img loading=\"lazy\" decoding=\"async\" style=\"margin: 4px; float: left;\" src=\"https:\/\/c5.staticflickr.com\/9\/8849\/28137771852_f3e092d579.jpg\" alt=\"capitale italiana dei giovani\" width=\"400\" height=\"221\" \/><\/a>\u201cCapitale Italiana dei Giovani \u00e8 il prestigioso titolo che viene assegnato annualmente ad una citt\u00e0 italiana che avr\u00e0 cos\u00ec la possibilit\u00e0 di mettere in mostra la sua vita e il suo programma vario di iniziative rivolte alle giovani generazioni. I soggetti promotori della Capitale Italiana dei Giovani, riuniti in un comitato, sono: Forum Nazionale dei Giovani, Dipartimento della Giovent\u00f9 e del Servizio Civile Nazionale \u2013 Presidenza del Consiglio dei Ministri, Agenzia Nazionale per i Giovani e ANCI Giovani.<\/p>\n<p style=\"text-align: justify;\">Lo scopo primario dell\u2019iniziativa \u00e8 la promozione e l\u2019attivazione di idee e di progetti innovativi, con l\u2019obiettivo di garantire ai giovani un ruolo sempre pi\u00f9 da protagonisti all\u2019interno della societ\u00e0 civile.<br \/> Lo scorso giugno il Comitato ha selezionato come finaliste le Citt\u00e0 di Bari, Palermo e Venezia ed entro la prossima settimana richiede, ad integrazione del Dossier, le manifestazioni di sostegno delle associazioni giovanili interessate a proseguire nel percorso di co-progettazione e dei laboratori urbani per la creativit\u00e0 giovanile.<\/p>\n<p style=\"text-align: justify;\">Dichiarazioni di sostegno: di organizzazioni giovanili comunali (es. associazioni culturali, di volontariato ecc.) secondo il format allegato sottoscritte dai rappresentanti legali in formato pdf, da far pervenire all\u2019indirizzo e-mail <a href=\"mailto:v.marzano@comune.bari.it\" target=\"_blank\" rel=\"noopener\">v.marzano@comune.bari.it<\/a> entro e non oltre la data del 13 luglio 2016 ore 16.00.\u201d<\/p>\n<div style=\"text-align: right;\" align=\"right\">L\u2019Assessore alle Politiche Giovanili<\/div>\n<div style=\"text-align: right;\" align=\"right\">Paolo Cantore<\/div>\n<p>Per scaricare <strong>il modello di sostegno<\/strong>: <a href=\"http:\/\/www.comune.gioiadelcolle.ba.it\/cms\/files\/54101b51-4e6e-4655-b077-d41a09ed82e7\">format adesioni<\/a><\/p>\n<p>&nbsp;<\/p>\n","protected":false},"excerpt":{"rendered":"","protected":false},"author":1,"featured_media":0,"comment_status":"open","ping_status":"closed","sticky":false,"template":"","format":"standard","meta":{"colormag_page_container_layout":"default_layout","colormag_page_sidebar_layout":"default_layout","footnotes":""},"categories":[7],"tags":[],"class_list":["post-52688","post","type-post","status-publish","format-standard","hentry","category-attualita"],"_links":{"self":[{"href":"https:\/\/archiviogioia.lavocedelpaese.info\/index.php?rest_route=\/wp\/v2\/posts\/52688","targetHints":{"allow":["GET"]}}],"collection":[{"href":"https:\/\/archiviogioia.lavocedelpaese.info\/index.php?rest_route=\/wp\/v2\/posts"}],"about":[{"href":"https:\/\/archiviogioia.lavocedelpaese.info\/index.php?rest_route=\/wp\/v2\/types\/post"}],"author":[{"embeddable":true,"href":"https:\/\/archiviogioia.lavocedelpaese.info\/index.php?rest_route=\/wp\/v2\/users\/1"}],"replies":[{"embeddable":true,"href":"https:\/\/archiviogioia.lavocedelpaese.info\/index.php?rest_route=%2Fwp%2Fv2%2Fcomments&post=52688"}],"version-history":[{"count":0,"href":"https:\/\/archiviogioia.lavocedelpaese.info\/index.php?rest_route=\/wp\/v2\/posts\/52688\/revisions"}],"wp:attachment":[{"href":"https:\/\/archiviogioia.lavocedelpaese.info\/index.php?rest_route=%2Fwp%2Fv2%2Fmedia&parent=52688"}],"wp:term":[{"taxonomy":"category","embeddable":true,"href":"https:\/\/archiviogioia.lavocedelpaese.info\/index.php?rest_route=%2Fwp%2Fv2%2Fcategories&post=52688"},{"taxonomy":"post_tag","embeddable":true,"href":"https:\/\/archiviogioia.lavocedelpaese.info\/index.php?rest_route=%2Fwp%2Fv2%2Ftags&post=52688"}],"curies":[{"name":"wp","href":"https:\/\/api.w.org\/{rel}","templated":true}]}}