{"id":52705,"date":"2016-07-12T11:33:23","date_gmt":"2016-07-12T11:33:23","guid":{"rendered":"https:\/\/archiviogioia.lavocedelpaese.info\/?p=52705"},"modified":"2016-07-12T11:33:23","modified_gmt":"2016-07-12T11:33:23","slug":"scontro-frontale-tra-due-treni-20-morti-decine-i-feriti-foto-2","status":"publish","type":"post","link":"https:\/\/archiviogioia.lavocedelpaese.info\/?p=52705","title":{"rendered":"SCONTRO FRONTALE TRA DUE TRENI. 20 MORTI, DECINE I FERITI-foto"},"content":{"rendered":"<p><a title=\"scontro frontale tra treni bari nord\" href=\"https:\/\/www.flickr.com\/photos\/91470992@N02\/27981420990\/in\/album-72157670873003786\/\" data-flickr-embed=\"true\"><img loading=\"lazy\" decoding=\"async\" style=\"display: block; margin-left: auto; margin-right: auto;\" src=\"https:\/\/c7.staticflickr.com\/9\/8850\/27981420990_f9d86f0b7e_z.jpg\" alt=\"scontro frontale tra treni bari nord\" width=\"320\" height=\"240\" \/><\/a><\/p>\n<p><!--more--><\/p>\n<p style=\"text-align: justify;\"><a title=\"scontro frontale tra treni bari nord\" href=\"https:\/\/www.flickr.com\/photos\/91470992@N02\/27981422210\/in\/album-72157670873003786\/\" data-flickr-embed=\"true\"><img loading=\"lazy\" decoding=\"async\" style=\"margin: 4px; float: left;\" src=\"https:\/\/c3.staticflickr.com\/9\/8728\/27981422210_052483ca18.jpg\" alt=\"scontro frontale tra treni bari nord\" width=\"400\" height=\"300\" \/><\/a><span><strong>AVVISO IMPORTANTE<\/strong>: c&#8217;\u00e8 necessit\u00e0 di sangue gruppo O negli ospedali di Barletta e Corato e acqua per i soccorritori. Chiediamo a tutti i nostri lettori di fare un veloce passaparola per far fronte a questa emergenza. Grazie a tutti per la collaborazione.<\/span><\/p>\n<p style=\"text-align: justify;\"><span>&#8212;&#8212;&#8212;&#8212;&#8212;<\/span><\/p>\n<p style=\"text-align: justify;\"><span>Una squadra di volontari di Gioia Soccorso con un automezzo \u00e8 presente presso il C.O.C. di Corato su richiesta del Coordinamento provinciale della Protezione Civile di Bari per supporto e cambio al personale volontario presente sul posto dal momento successivo all&#8217;incidente presso il palasport di Barletta.<br \/><\/span><\/p>\n<p style=\"text-align: justify;\"><span><span>&#8212;&#8212;&#8212;&#8212;&#8212;<\/span><\/span><\/p>\n<p style=\"text-align: justify;\">&#8220;Drammatico incidente ferroviario in Puglia, <strong>uno dei pi\u00f9 gravi incidenti ferroviari mai avvenuti in Italia<\/strong>. Il bilancio parla di <strong>11 morti e numerosi feriti gravi<\/strong>. Uno <strong>s<\/strong><strong><span style=\"font-weight: normal;\">contro<\/span> frontale<\/strong> avvenuto fra due treni di <strong><span style=\"font-weight: normal;\">linea della Bari Nord<\/span><\/strong>, sul tratto ferroviario a binario unico <strong>tra Ruvo e Corato<\/strong>. Il bilancio potrebbe aggravarsi: ci sono numerose persone ancora incastrate tra le lamiere.&nbsp;Sono al momento 18 i feriti, ricoverati negli ospedali di Andria e d<a title=\"scontro_treni_andria_corato3\" href=\"https:\/\/www.flickr.com\/photos\/91470992@N02\/28228123536\/in\/album-72157670873003786\/\" data-flickr-embed=\"true\"><img loading=\"lazy\" decoding=\"async\" style=\"margin: 4px; float: right;\" src=\"https:\/\/c1.staticflickr.com\/9\/8827\/28228123536_9ab3900e76.jpg\" alt=\"scontro_treni_andria_corato3\" width=\"400\" height=\"229\" \/><\/a>i Barletta. Dieci versano in gravi condizioni.<\/p>\n<p style=\"text-align: justify;\">&#8220;<strong>La situazione \u00e8 drammatica<\/strong>&#8221; e sul numero dei morti &#8220;siamo in grosso difetto&#8221;, dice all&#8217;ANSA il vicepresidente della Regione Puglia con delega alla Protezione civile, Antonio Nunziante, che si trova sul posto.<\/p>\n<p style=\"text-align: justify;\">Uno dei due convogli era partito da Corato ed era diretto ad Andria e l&#8217;altro, viceversa, proveniva da Andria e andava in direzione Corato.<\/p>\n<p style=\"text-align: justify;\">L&#8217;impatto frontale, avvenuto all&#8217;inizio di una curva del binario unico, \u00e8 avvenuto<strong> in aperta campagna<\/strong>. La zona \u00e8 sorvolata da numerosi elicotteri e sul posto \u00e8 stato allestito un campo per i soccorsi sanitari. Viene distribuita acqua. &#8220;E&#8217; <strong>una scena surreale&#8221;, <\/strong>racconta chi \u00e8 sul posto<strong>. <\/strong>&#8220;Una <strong>scena spaventosa, allucinante<\/strong>&#8220;, dice un agente di polizia, con la divisa impolverata e i guanti sulle mani i<a title=\"scontro frontale tra treni bari nord\" href=\"https:\/\/www.flickr.com\/photos\/91470992@N02\/27981421640\/in\/album-72157670873003786\/\" data-flickr-embed=\"true\"><img loading=\"lazy\" decoding=\"async\" style=\"margin: 4px; float: left;\" src=\"https:\/\/c1.staticflickr.com\/9\/8603\/27981421640_276c90a33c.jpg\" alt=\"scontro frontale tra treni bari nord\" width=\"300\" height=\"534\" \/><\/a>mpegnato a scavare tra i detriti. L&#8217;uomo \u00e8 tra i primi giunti sul posto dopo l&#8217;impatto, &#8220;ho visto persone morte, altre che chiedevano aiuto, persone che piangevano. La scena pi\u00f9 brutta della mia vita&#8221;.<\/p>\n<p style=\"text-align: justify;\">I vigili del fuoco hanno <strong>estratto dalle lamiere un bambino di pochi anni<\/strong>: era ancora in vita ed \u00e8 stato portato via con l&#8217;elicottero. Ciascuno dei due convogli era formato da quattro vagoni. Nell&#8217;incidente sono state coinvolte le prime due carrozze di ogni convoglio.&nbsp;<\/p>\n<p style=\"text-align: justify;\">A guardare l&#8217;immagine dall&#8217;alto si vedono <strong>i vagoni letteralmente sbriciolati<\/strong> nell&#8217;impatto e pezzi di lamiere volati per decine di metri nella campagna ai lati dei binari. Proprio le foto scattate dai vigili del fuoco danno l&#8217;idea della violenza dello scontro tra i due convogli: al centro si vede quel che rimane dei vagoni pi\u00f9 direttamente coinvolti, praticamente soltanto pezzi di lamiera sparsi ovunque. Uno dei treni ha soltanto due vagoni rimasti pressoch\u00e8 intatti; l&#8217;altro solo l&#8217;ultimo, quello di coda.<\/p>\n<p style=\"text-align: justify;\">Renzi sta seguendo gli sviluppi del drammatico incidente. Il ministro Graziano Delrio e il capo della Protezione Civile Fabrizio Curcio si stanno recando sul luogo dello scontro per assicurare il coordinamento delle operazioni.&nbsp;C&#8217;\u00e8 &#8220;assoluta richiesta di capire i responsabili e <strong>fare totale chiarezza&#8221;, ha detto Renzi<\/strong>. &#8220;Non ci fermeremo finch\u00e9 non chiariremo&#8221;.<\/p>\n<p style=\"text-align: justify;\"><strong>Delrio ha chiamato la societ\u00e0 Rfi per chiedergli di mettersi a disposizione<\/strong> e dare tutto il supporto alle societ\u00e0 coinvolte (che non sono del gruppo Fs, si tratta di due treni della societ\u00e0 privata Ferrotramviaria SpA) e alle indagini. Il Gruppo FS esprime il proprio cordoglio e attraverso le sue societ\u00e0, Rete Ferroviaria Italiana e Trenitalia, ha offerto la piena disponibilit\u00e0 di tutte le strutture e i tecnici per ogni supporto operativo.<\/p>\n<p style=\"text-align: justify;\">Il presidente del Consiglio regionale della Puglia, <strong>Mario Loizzo<\/strong>, segue con preoccupazione la vicenda. &#8220;La notizia mi ha profondamente scosso e sento di manifestare il pi\u00f9 sincero sgomento, anche a nome dell&#8217;intero Consiglio regionale&#8221;. Nell&#8217;apprendere di alcuni morti e feriti, Loizzo esprime partecipazione e vicinanza ai coinvolti ed ai congiunti, in un momento di grandissima apprensione&#8221;. [fonte Ansa]<\/p>\n<p>\n<object data=\"https:\/\/www.flickr.com\/apps\/slideshow\/show.swf?v=261948265\" type=\"application\/x-shockwave-flash\" width=\"660\" height=\"495\"><param name=\"flashvars\" value=\"offsite=true&amp;lang=it-it&amp;page_show_url=%2Fphotos%2F91470992%40N02%2Fsets%2F72157670873003786%2Fshow%2F&amp;page_show_back_url=%2Fphotos%2F91470992%40N02%2Fsets%2F72157670873003786%2F&amp;set_id=72157670873003786&amp;jump_to=\" \/><param name=\"movie\" value=\"https:\/\/www.flickr.com\/apps\/slideshow\/show.swf?v=261948265\" \/><param name=\"allowFullScreen\" value=\"true\" \/><\/object><\/p>\n","protected":false},"excerpt":{"rendered":"","protected":false},"author":1,"featured_media":0,"comment_status":"open","ping_status":"closed","sticky":false,"template":"","format":"standard","meta":{"colormag_page_container_layout":"default_layout","colormag_page_sidebar_layout":"default_layout","footnotes":""},"categories":[8],"tags":[],"class_list":["post-52705","post","type-post","status-publish","format-standard","hentry","category-cronaca"],"_links":{"self":[{"href":"https:\/\/archiviogioia.lavocedelpaese.info\/index.php?rest_route=\/wp\/v2\/posts\/52705","targetHints":{"allow":["GET"]}}],"collection":[{"href":"https:\/\/archiviogioia.lavocedelpaese.info\/index.php?rest_route=\/wp\/v2\/posts"}],"about":[{"href":"https:\/\/archiviogioia.lavocedelpaese.info\/index.php?rest_route=\/wp\/v2\/types\/post"}],"author":[{"embeddable":true,"href":"https:\/\/archiviogioia.lavocedelpaese.info\/index.php?rest_route=\/wp\/v2\/users\/1"}],"replies":[{"embeddable":true,"href":"https:\/\/archiviogioia.lavocedelpaese.info\/index.php?rest_route=%2Fwp%2Fv2%2Fcomments&post=52705"}],"version-history":[{"count":0,"href":"https:\/\/archiviogioia.lavocedelpaese.info\/index.php?rest_route=\/wp\/v2\/posts\/52705\/revisions"}],"wp:attachment":[{"href":"https:\/\/archiviogioia.lavocedelpaese.info\/index.php?rest_route=%2Fwp%2Fv2%2Fmedia&parent=52705"}],"wp:term":[{"taxonomy":"category","embeddable":true,"href":"https:\/\/archiviogioia.lavocedelpaese.info\/index.php?rest_route=%2Fwp%2Fv2%2Fcategories&post=52705"},{"taxonomy":"post_tag","embeddable":true,"href":"https:\/\/archiviogioia.lavocedelpaese.info\/index.php?rest_route=%2Fwp%2Fv2%2Ftags&post=52705"}],"curies":[{"name":"wp","href":"https:\/\/api.w.org\/{rel}","templated":true}]}}