{"id":52725,"date":"2016-07-15T08:40:31","date_gmt":"2016-07-15T08:40:31","guid":{"rendered":"https:\/\/archiviogioia.lavocedelpaese.info\/?p=52725"},"modified":"2016-07-15T08:40:31","modified_gmt":"2016-07-15T08:40:31","slug":"incendio-doloso-in-fiamme-300-ha-di-boschi-e-pascolo-video","status":"publish","type":"post","link":"https:\/\/archiviogioia.lavocedelpaese.info\/?p=52725","title":{"rendered":"INCENDIO DOLOSO. IN FIAMME 300 HA DI BOSCHI E PASCOLO-video"},"content":{"rendered":"<p><a title=\"cfs incendio doloso\" href=\"https:\/\/www.flickr.com\/photos\/91470992@N02\/27705272084\" data-flickr-embed=\"true\"><img loading=\"lazy\" decoding=\"async\" style=\"display: block; margin-left: auto; margin-right: auto;\" src=\"https:\/\/c5.staticflickr.com\/9\/8569\/27705272084_0731c31cd1_z.jpg\" alt=\"cfs incendio doloso\" width=\"320\" height=\"240\" \/><\/a><\/p>\n<p><!--more--><\/p>\n<p style=\"margin-bottom: 0.0001pt; text-align: justify; line-height: normal;\"><a title=\"cfs incendio doloso\" href=\"https:\/\/www.flickr.com\/photos\/91470992@N02\/27705257594\/in\/photostream\/\" data-flickr-embed=\"true\"><img loading=\"lazy\" decoding=\"async\" style=\"margin: 4px; float: left;\" src=\"https:\/\/c3.staticflickr.com\/9\/8805\/27705257594_2223286cd1.jpg\" alt=\"cfs incendio doloso\" width=\"330\" height=\"497\" \/><\/a>\u201cGli uomini del Comando Provinciale CFS di Bari e del Coordinamento Territoriale per l\u2019Ambiente CFS di Altamura, nonch\u00e9 dei Comandi Stazione forestali locali competenti, hanno <strong>domato un incendio boschivo di ingenti dimensioni<\/strong>, sviluppatosi per ben 300 ettari di superficie boschiva e adibita a pascolo nel comune di Altamura, in localit\u00e0 Bosco Quarto \u2013 La Polveriera.<\/p>\n<p style=\"margin-bottom: 0.0001pt; text-align: justify; line-height: normal;\"><strong>L\u2019incendio si \u00e8 sviluppato mercoled\u00ec 13 luglio<\/strong>, intorno alle ore 11; sono subito intervenuti in loco gli uomini del CFS, supportati dalle squadre dell\u2019ARIF. <strong>Le fiamme si sono sviluppate anche nel corso della notte, a causa del forte vento<\/strong>, delle altissime temperature e dell\u2019orografia accidentata. L\u2019incendio \u00e8 stato domato definitivamente gioved\u00ec 14 luglio intorno alle ore 12; in seguito, si \u00e8 dato corso alla bonifica atta a spegnere gli ultimi focolai ancora attivi nella zona perimetrale dell\u2019incendio.<\/p>\n<p style=\"margin-bottom: 0.0001pt; text-align: justify; line-height: normal;\">Nel corso delle due giornate, per un totale complessivo di 6 ore, <strong>sono intervenuti 2 Canad Air e 2 Fire Boss<\/strong>, i quali hanno effettuato numerosi lanci<\/p>\n<p style=\"margin-bottom: 0.0001pt; text-align: justify; line-height: normal;\">E\u2019 attualmente ancora <strong>in corso l\u2019attivit\u00e0 di repertazione MEF<\/strong> (Metodo delle Evidenze Fisiche) del Corpo Forestale dello Stato, con la finalit\u00e0 di individuare ogni elemento utile che possa condurre all\u2019identificazione degli incendiari.<\/p>\n<p style=\"margin-bottom: 0.0001pt; text-align: justify; line-height: normal;\"><strong>Si configura un\u2019ipotesi di incendio doloso<\/strong>; pertanto, le indagini proseguiranno, a cura dei reparti specializzati del CFS Puglia, alla ricerca dei responsabili\u201d.<\/p>\n<p style=\"margin-bottom: 0.0001pt; text-align: right; line-height: normal;\" align=\"right\">CfS. Comando Regionale Puglia<\/p>\n<p><iframe loading=\"lazy\" src=\"https:\/\/www.youtube.com\/embed\/ZX7NpPjXFEA\" width=\"640\" height=\"480\" allowfullscreen=\"allowfullscreen\"><\/iframe><\/p>\n","protected":false},"excerpt":{"rendered":"","protected":false},"author":1,"featured_media":0,"comment_status":"open","ping_status":"closed","sticky":false,"template":"","format":"standard","meta":{"colormag_page_container_layout":"default_layout","colormag_page_sidebar_layout":"default_layout","footnotes":""},"categories":[8],"tags":[],"class_list":["post-52725","post","type-post","status-publish","format-standard","hentry","category-cronaca"],"_links":{"self":[{"href":"https:\/\/archiviogioia.lavocedelpaese.info\/index.php?rest_route=\/wp\/v2\/posts\/52725","targetHints":{"allow":["GET"]}}],"collection":[{"href":"https:\/\/archiviogioia.lavocedelpaese.info\/index.php?rest_route=\/wp\/v2\/posts"}],"about":[{"href":"https:\/\/archiviogioia.lavocedelpaese.info\/index.php?rest_route=\/wp\/v2\/types\/post"}],"author":[{"embeddable":true,"href":"https:\/\/archiviogioia.lavocedelpaese.info\/index.php?rest_route=\/wp\/v2\/users\/1"}],"replies":[{"embeddable":true,"href":"https:\/\/archiviogioia.lavocedelpaese.info\/index.php?rest_route=%2Fwp%2Fv2%2Fcomments&post=52725"}],"version-history":[{"count":0,"href":"https:\/\/archiviogioia.lavocedelpaese.info\/index.php?rest_route=\/wp\/v2\/posts\/52725\/revisions"}],"wp:attachment":[{"href":"https:\/\/archiviogioia.lavocedelpaese.info\/index.php?rest_route=%2Fwp%2Fv2%2Fmedia&parent=52725"}],"wp:term":[{"taxonomy":"category","embeddable":true,"href":"https:\/\/archiviogioia.lavocedelpaese.info\/index.php?rest_route=%2Fwp%2Fv2%2Fcategories&post=52725"},{"taxonomy":"post_tag","embeddable":true,"href":"https:\/\/archiviogioia.lavocedelpaese.info\/index.php?rest_route=%2Fwp%2Fv2%2Ftags&post=52725"}],"curies":[{"name":"wp","href":"https:\/\/api.w.org\/{rel}","templated":true}]}}