{"id":52759,"date":"2016-07-20T08:22:43","date_gmt":"2016-07-20T08:22:43","guid":{"rendered":"https:\/\/archiviogioia.lavocedelpaese.info\/?p=52759"},"modified":"2016-07-20T08:22:43","modified_gmt":"2016-07-20T08:22:43","slug":"con-alchimie-saracene-pietro-paradiso-conquista-yu-ximan","status":"publish","type":"post","link":"https:\/\/archiviogioia.lavocedelpaese.info\/?p=52759","title":{"rendered":"CON \u201cALCHIMIE SARACENE\u201d PIETRO PARADISO CONQUISTA YU XIMAN"},"content":{"rendered":"<p><a title=\"sfilata pietro paradiso\" href=\"https:\/\/www.flickr.com\/photos\/91470992@N02\/27814962534\" data-flickr-embed=\"true\"><img loading=\"lazy\" decoding=\"async\" style=\"display: block; margin-left: auto; margin-right: auto;\" src=\"https:\/\/c7.staticflickr.com\/8\/7572\/27814962534_025b3beb70_z.jpg\" alt=\"sfilata pietro paradiso\" width=\"320\" height=\"240\" \/><\/a><\/p>\n<p><!--more--><\/p>\n<p style=\"text-align: justify;\"><a title=\"sfilata pietro paradiso\" href=\"https:\/\/www.flickr.com\/photos\/91470992@N02\/27814778234\" data-flickr-embed=\"true\"><img loading=\"lazy\" decoding=\"async\" style=\"margin: 4px; float: left;\" src=\"https:\/\/c3.staticflickr.com\/9\/8634\/27814778234_b39566a0e0_z.jpg\" alt=\"sfilata pietro paradiso\" width=\"400\" height=\"300\" \/><\/a> Abito, anima. Due diversi concetti legati ad una trasfigurazione \u201calchemica\u201d che d\u00e0 vita ad <strong>\u201cUn abito per l\u2019anima\u201d<\/strong>, evento che a sua volta il 10 luglio, nel Chiostro del Comune di Gioia del Colle, <strong>crea altre alchimie e trasformazioni<\/strong>, sotto l\u2019egida di un potente reagente per la creativit\u00e0 di <strong>Pietro Paradiso<\/strong>, in grado di trasformare in \u201coro\u201d e luce, al pari della pietra filosofale, ogni sua creazione: <strong>il pensiero positivo di Francesco Zizzi.<\/strong><\/p>\n<p style=\"text-align: justify;\">Ed \u00e8 cos\u00ec che sotto lo sguardo obliquo e scintillante di <strong>Yu Ximan<\/strong>, la magia si compie e non \u00e8 un caso che ci\u00f2 avvenga nel cuore della citt\u00e0 che ha dato i natali allo stilista.<\/p>\n<p style=\"text-align: justify;\">Nel buio, Francesco con emozione illustra l\u2019alchimia di <strong>un incontro da cui scaturiscono pensieri, trama e ordito di una filosofia di vita <\/strong>che trova le sue radici nell\u2019accettarsi, nella dualit\u00e0 di un io che sceglie consapevolmente di divenire \u2018noi\u2019 senza rinnegare nulla di s\u00e9, della propria unicit\u00e0. <strong>Le \u201caffermazioni\u201d sfilano<\/strong> per prime <strong>nel buio, riflettendo il pi\u00f9 intimo dei b<\/strong><strong>isogni: riconoscersi, raccontarsi ed accettarsi,<\/strong> rispecchiandosi <strong>nello sguardo e nell\u2019anima di chi amiamo e ci ama<\/strong> o semplicemente<a title=\"sfilata pietro paradiso\" href=\"https:\/\/www.flickr.com\/photos\/91470992@N02\/27814881214\" data-flickr-embed=\"true\"><img loading=\"lazy\" decoding=\"async\" style=\"margin: 4px; float: right;\" src=\"https:\/\/c7.staticflickr.com\/8\/7750\/27814881214_ea76b1984e_z.jpg\" alt=\"sfilata pietro paradiso\" width=\"400\" height=\"300\" \/><\/a> incontriamo.<\/p>\n<p style=\"text-align: justify;\">\u201cLascia che i tuoi stati d\u2019animo fluiscano liberamente. Accettati amorevolmente\u2026 sei al sicuro\u2026\u201d ed ancora \u201c<strong>Concediti di accoglierti anche quando la realt\u00e0 non ti accoglie<\/strong>.\u201d Questa ed altre esortazioni declinate anche in prima persona, dapprima fluorescenti sfidano il buio, poi si lasciano sfogliare in un artistico e scenografico divenire mentre le modelle sfilano, quindi si svelano in inserti incastonati tra seta e preziosi filati.<\/p>\n<p style=\"text-align: justify;\"><strong>Ogni abito<\/strong> diviene una seconda pelle, un <strong>simulacro d\u2019arte<\/strong> che <strong>riflette armonia e dialoga attraverso le \u201caffermazioni\u201d <\/strong>con quella vibrante, intimistica spiritualit\u00e0 che traspare anche in video nelle movenze e sui volti delle <strong>modelle<\/strong> che <strong>eteree<\/strong> e con passo leggero, <strong>solcano zolle ieri scure e feconde, oggi insanguinate dalla xylella<\/strong>.<\/p>\n<p><strong>LA SFILATA<\/strong><\/p>\n<p style=\"text-align: justify;\"><strong>Sete, veli e tessuti avvolgono i corpi<\/strong> disegnando geometrie di suggestione\u2026 <strong>non su tutti le affermazioni trovano spazio<\/strong>\u2026 un libero arbitrio che esprime una scelta imp<a title=\"sfilata pietro paradiso\" href=\"https:\/\/www.flickr.com\/photos\/91470992@N02\/28326365682\/in\/photostream\/\" data-flickr-embed=\"true\"><img loading=\"lazy\" decoding=\"async\" style=\"margin: 4px; float: left;\" src=\"https:\/\/c3.staticflickr.com\/9\/8597\/28326365682_ebcabc645c.jpg\" alt=\"sfilata pietro paradiso\" width=\"400\" height=\"226\" \/><\/a>ortante, quella di svelare attraverso ritagli \u201cgioiello\u201d intarsiati di ricami, uno scorcio della propria anima ed attrarre in quella lama di luce, tanta positivit\u00e0.<\/p>\n<p style=\"text-align: justify;\"><strong>Alcune linee incantano, accarezzano e scivolano in drappeggi ed eleganti strascichi<\/strong> che sgorgano da scollature annodate ad arte, con semplicit\u00e0.<\/p>\n<p style=\"text-align: justify;\">Al bianco perlaceo di eleganti tailleur con ampi pantaloni e <strong>capi impreziositi da ricami antichi e nodi, <\/strong>si oppongono tenui pastelli screziati di oro e arancio. Varie tonalit\u00e0 di verde si sovrappongono in balze ed orli, <strong>maniche da fata fluttuan<\/strong><strong>o su abiti corti<\/strong>, conferendo leggiadria e grazia alle modelle. <strong>Tagli asimmetrici assecondano ed esaltano dett<\/strong><strong>agli del corpo, conferendo bellezza anche alle imperfezioni.<\/strong> Ai monastici sai in seta color sabbia che esaltano i gioielli indossati, si oppone un <strong>fiammeggiante abito da sera con la sua berbera collana<\/strong> che evoca una mediterraneit\u00e0 che profuma di mare, mirto, madreperle, coralli ed ambra. <strong>Il p<\/strong><a title=\"sfilata pietro paradiso\" href=\"https:\/\/www.flickr.com\/photos\/91470992@N02\/28148198840\/in\/photostream\/\" data-flickr-embed=\"true\"><img loading=\"lazy\" decoding=\"async\" style=\"margin: 4px; float: right;\" src=\"https:\/\/c1.staticflickr.com\/9\/8188\/28148198840_f417b7b247.jpg\" alt=\"sfilata pietro paradiso\" width=\"400\" height=\"226\" \/><\/a><strong>i\u00f9 prezioso dei capi rimanda a spose saracene<\/strong>: raso, seta e chiffon color cipria ed un velo virgineo bordato di ricami e intarsi sovrapposto ad una tiara che si adagia sul capo e ingioiella la fronte.&nbsp;&nbsp;&nbsp;&nbsp;<\/p>\n<p style=\"text-align: justify;\"><strong>N\u00e9 mancano capi estrosi e colorati, indossati a piedi nudi<\/strong>, con spigliatezza\u2026 stringhe e ritagli colorati che esprimono quel \u201cpensiero\u201d alternativo che nella moda \u201cdetta la moda\u201d, cos\u00ec come le <strong>creazioni soutache di Rosangela Manca<\/strong>, <strong>i gioielli di Giulio Cerqua, le creazioni <\/strong>preziose <strong>di Rosa Ladisa<\/strong> <strong>e <\/strong>quelle in cristallo <strong>di Alessandra Donvito<\/strong>.<\/p>\n<p style=\"text-align: justify;\">Per esaltare il valore dell\u2019amicizia e della condivisione, ecco sfilare dopo i capi di Paradiso, gli elegantissimi abiti per sposi di <strong>\u201cDettagli sartoriali\u201d di Alessandr<\/strong><strong>o Cris<\/strong><strong>tantielli <\/strong>e le spose di <strong>Veronica Mancani<\/strong>.<span style=\"font-size: 12pt;\"> <\/span><\/p>\n<p style=\"text-align: justify;\">La sfilata ormai volge al termine, quando a sorpresa <strong>entra in scena<\/strong> la cantante rumena <strong>Paula Mitrache in <\/strong><a title=\"sfilata pietro paradiso\" href=\"https:\/\/www.flickr.com\/photos\/91470992@N02\/28326317572\/in\/album-72157670585763231\/\" data-flickr-embed=\"true\"><img loading=\"lazy\" decoding=\"async\" style=\"margin: 4px; float: left;\" src=\"https:\/\/c5.staticflickr.com\/9\/8574\/28326317572_cef19dac65.jpg\" alt=\"sfilata pietro paradiso\" width=\"400\" height=\"226\" \/><\/a><strong>arte Haiducii<\/strong>. Canta indossando uno degli abiti di Pietro Paradiso e con frizzante verve lo ringrazia per averla \u201ccitata\u201d con il suo vero nome, permettendole di riscoprire e condividere radici e autenticit\u00e0 con un cos\u00ec ampio pubblico. E\u2019 la cantante ad invitare al centro del chiostro lo stilista, il sindaco <strong>Donato Lucilla<\/strong>, <strong>Yu Ximan, Francesco Zizzi<\/strong> ed \u00e8 ancora lei ad indicare l\u2019indossatrice<strong> prescelta per rappresentare \u201cAlchimie Saracene\u201d per il prossimo anno<\/strong> in tutti i contesti nazionali e internazionali in cui si sfiler\u00e0: la sedicenne <strong>Roberta Capurso<\/strong>, statuaria modella che oltre ad essere icona di mediterraneit\u00e0 con il suo incarnato bronzeo, lancia un messaggio importante: si pu\u00f2 sfilare senza essere filiformi, ma conservando femminilit\u00e0 e\u2026 curve.<\/p>\n<p style=\"text-align: justify;\">Con lei sua sorella <strong>Chiara Capurso, <\/strong><strong>Maria Vittoria Tolentino, Claudia Lorusso, <\/strong><strong>Angelic<\/strong><strong>a Milella, Sara Polieri, Oriana De Luca, Lorena Albanese, Maria Grazia Partipilo, Clarissa Flora, Elizabeth Uvirov\u00e0, Sofi Bara<\/strong><strong>novskaya, Anna Pia Mascevo, Chiara Sassanelli, Giulio Masi, Danilo Colu<\/strong><a title=\"sfilata pietro paradiso\" href=\"https:\/\/www.flickr.com\/photos\/91470992@N02\/28148185140\/in\/album-72157670585763231\/\" data-flickr-embed=\"true\"><img loading=\"lazy\" decoding=\"async\" style=\"margin: 4px; float: right;\" src=\"https:\/\/c5.staticflickr.com\/9\/8885\/28148185140_ca866907df.jpg\" alt=\"sfilata pietro paradiso\" width=\"400\" height=\"226\" \/><\/a><strong>cci, Simone Musio, Francesco De Bellis, Vito Tunzi e Giovanni Memoli<\/strong>.<\/p>\n<p style=\"text-align: justify;\">Paula ringrazia tutti coloro che hanno contribuito alla riuscita dell\u2019evento prima che la torta arrivi: il regista <strong>Massimo Cerbera<\/strong> cui va il merito di aver trasformato il Chiostro in un magico, \u201cacquatico\u201d set, curando con sapiente regia dettagli, musica ed effetti luce e scenici, le creative <strong>Rosangela Manca<\/strong> e <strong>Rosa Ladisa<\/strong>, la stilista <strong>Veronica Mancani<\/strong>, l\u2019hair stylist <strong>Cosma Bonpasso<\/strong>, la make up artist <strong>Emanuela Indellicati<\/strong>, l\u2019interprete <strong>Mariela Donvito<\/strong>, lo chef de \u201cA Crjianz\u201d <strong>Gregorio Barletta<\/strong>, l\u2019Agency Fashion Model <strong>Carmen Martorana<\/strong>, la giornalista <strong>Daniela Mazzacane<\/strong>, il maestro orafo <strong>Giulio<\/strong><strong> Cerqua<\/strong>, <strong>Alessandro Cristantielli<\/strong> di \u201cDettagli Sartoriali\u201d, <strong>Antonio Indiveri<\/strong>, <strong>Domenico Cafarchia<\/strong>, <strong>Daniela Paradiso<\/strong>, don <strong>Tonino Posa<\/strong> che ha concesso le sedie della parrocchia, e la direzione della <strong>Masseria \u201cLa Grava\u201d<\/strong>.<\/p>\n<p><strong>YU<\/strong><strong> X<\/strong><a title=\"sfilata pietro paradiso\" href=\"https:\/\/www.flickr.com\/photos\/91470992@N02\/28326344112\/in\/photostream\/\" data-flickr-embed=\"true\"><img loading=\"lazy\" decoding=\"async\" style=\"margin: 4px; float: left;\" src=\"https:\/\/c1.staticflickr.com\/9\/8872\/28326344112_9630a9c08e.jpg\" alt=\"sfilata pietro paradiso\" width=\"300\" height=\"532\" \/><\/a><strong>IMAN<\/strong><\/p>\n<p style=\"text-align: justify;\">Durante la conferenza stampa iniziata in ritardo per un imprevisto impegno delle troupe televisive, ritardo che ha prolungato l\u2019attesa degli invitati costretti ad attendere in piedi all\u2019ingresso per motivi di sicurezza, <strong>Pietro Paradiso<\/strong> ha accolto <strong>Yu Ximan<\/strong>, imprenditrice cinese che \u201cveste\u201d e colora con eleganza e buon gusto la ricchezza di ogni donna che per conquistarla ha trascurato la sua anima e la sua bellezza.&nbsp;<\/p>\n<p style=\"text-align: justify;\"><strong>Yu Ximan studia Economia<\/strong> ed insegna al Tianjlin Aviation Institute, quindi si reca <strong>in Giappone<\/strong> dove nel 1989 <strong>consegue un Master in Economia<\/strong> per poi approdare con un prestigioso incarico nella pi\u00f9 grande azienda produttrice di profumi in Cina. <strong>Il suo compito \u00e8 accogliere e negoziare accordi con le delegazioni cinesi<\/strong>. In questo periodo nota l\u2019assenza di glamour e buon gusto sia nel vestire che nell\u2019accostamento dei colori e <strong>decide di intraprendere la carriera di consulente di colore e moda<\/strong>. Nei successivi cinque anni disegna abiti, studia linee cosmetiche, idea nuovi design per mobili ed esplora l\u2019universo della creativit\u00e0. Nel 1996 supera gli esami e <strong>consegue in Giappone<\/strong> <strong>titolo e certificazione di esperta di Design e colore<\/strong>, titolo riconosciuto dalla American CMB. <strong>Dal 1\u00b0 maggio del 1998 \u00e8 lei a dettare \u201cmoda\u201d in Cina<\/strong>, suo il primato in questo settore che le conferisce un immenso potere: \u00e8 infatti un punto di riferimento importante per le donne che si affermano e cercano attraverso abiti, accessori e gioielli.<\/p>\n<p style=\"text-align: justify;\"><strong>Yu Ximan incontra Pietro nell\u2019agosto del 2014<\/strong>, <strong>li presenta<\/strong> <strong>Irene Pivetti <\/strong>e da allora il feeling cresce. <strong>Paradiso \u00e8 invitato ad allestire uno Showroom<\/strong> in Cina, <strong>a Pechino<\/strong> e non \u00e8 un caso che oggi lady Ximan sia in Italia ed a Gioia. La intervista <strong>Daniela Mazzacane<\/strong> &#8211; giornalista e conduttrice di TeleNorba &#8211; mentre <strong>Mariela Donvito<\/strong> traduce simultaneamente in cinese e dal cinese.<\/p>\n<p style=\"text-align: justify;\"><strong>Yu Ximan, bella e levigata, indossa un abito in seta color verde acquamarina<\/strong> con disegni floreali dipinti a mano. La sua eleganza \u00e8 di una semplicit\u00e0 regale. Nelle sue risposte \u00e8 fortemente assertiva: <strong>l\u2019Italia le piace, vi trova creativit\u00e0 e fermento<\/strong>, storia e passione, bellezza e allegria. Invitata ad un confronto, esalta la sua cultura oggi penalizzata da una economia in rapida crescita che inaridisce creativit\u00e0 ed arte. \u201c<strong>Non ci sono artigian<\/strong><strong>i che sappiano c<\/strong><a title=\"sfilata pietro paradiso\" href=\"https:\/\/www.flickr.com\/photos\/91470992@N02\/28352496851\/in\/photostream\/\" data-flickr-embed=\"true\"><img loading=\"lazy\" decoding=\"async\" style=\"margin: 4px; float: right;\" src=\"https:\/\/c4.staticflickr.com\/9\/8323\/28352496851_c915bcc6b2.jpg\" alt=\"sfilata pietro paradiso\" width=\"400\" height=\"226\" \/><\/a><strong>reare innovazione, e questo sia nella moda che nel design a tutti i livelli,<\/strong> dall\u2019arte orafa al decoro\u201d, e ci\u00f2 rende la Cina un vero Eldorado per gli artisti che vorranno avviare produzioni in questo paese.<\/p>\n<p style=\"text-align: justify;\">Il suo invito \u00e8 allettante\u2026 \u201cCi sono grandi possibilit\u00e0 che ci possa essere in futuro una collaborazione proficua tra la Cina, l\u2019Italia e Gioia in particolare, e non solo nel settore della creativit\u00e0, ma anche per le maestranze e per il settore eno-gastronomico. Siamo un paese con un\u2019economia in forte crescita, <strong>oggi per ogni donna italiana ve ne sono 250 in Cina pronte ad investire in un abito, in gioielli ed accessori unici<\/strong> che le rappresentino. Non abbiamo il tempo di interpretare con originalit\u00e0 il bisogno del bello e questo crea ampi margini di contaminazione tra le nostre culture [\u2026]\u201d.<\/p>\n<p><span><strong>PREMIO A MILANO IN SETTEMBRE PE<\/strong><\/span><a title=\"sfilata pietro paradiso\" href=\"https:\/\/www.flickr.com\/photos\/91470992@N02\/28398500056\/in\/photostream\/\" data-flickr-embed=\"true\"><img loading=\"lazy\" decoding=\"async\" style=\"margin: 4px; float: left;\" src=\"https:\/\/c1.staticflickr.com\/9\/8744\/28398500056_7da768b798.jpg\" alt=\"sfilata pietro paradiso\" width=\"400\" height=\"226\" \/><\/a><span><strong>R PIETRO PARADISO<\/strong> <\/span><\/p>\n<p style=\"text-align: justify;\"><span><strong>Le creazioni di Pietro Paradiso e le affermazioni di<\/strong> <strong>Francesco Zizzi<\/strong> &#8211; Ricercatore in Antropologia Personalistica Esistenziale dal 1997 Metodo Sophianalitico di Antonio <\/span><span>Mercurio- Facilitatore della Crescita Personale anche in lingua Inglese &#8211; Insegnante ufficiale Certificato HYL (Guarisci la tua vita) Metodo Louise<\/span><span> Hay-Esperto nella selezione, formazione, Coach nella Gestione delle &#8220;Risorse Umane&#8221; &#8211; <strong>assolvono a quel bisogno di ritrovarsi e ritrovare la propria anima attraverso la meditazione<\/strong> &#8211; che gi\u00e0 \u00e8 insita nella cultura orientale &#8211; e le affermazioni. <\/span><\/p>\n<p style=\"text-align: justify;\"><span>\u201cC\u2019\u00e8 un momento in cui ognuno di noi dovrebbe dire a se stesso: <strong>\u201cColtivo la presenza dell\u2019anima \u2026 sono attento alle sue vibrazioni \u2026 ne colgo la saggezza\u201d &#8211; afferma Zizzi<\/strong> con convinzione. <\/span><\/p>\n<p style=\"text-align: justify;\"><span><strong>Pietro Paradiso<\/strong> nel suo intervento non ha dubbi: \u201c<strong>Un abito per l\u2019anima\u201d non \u00e8 <\/strong><\/span><a title=\"sfilata pietro paradiso\" href=\"https:\/\/www.flickr.com\/photos\/91470992@N02\/28398509126\/in\/album-72157670585763231\/\" data-flickr-embed=\"true\"><img loading=\"lazy\" decoding=\"async\" style=\"margin: 4px; float: right;\" src=\"https:\/\/c7.staticflickr.com\/9\/8611\/28398509126_9155c3d22e.jpg\" alt=\"sfilata pietro paradiso\" width=\"400\" height=\"226\" \/><\/a><span><strong>solo una sfilata di moda, ma \u00e8 qualcosa di pi\u00f9 intimo. \u00c8 un viaggio nell\u2019anima<\/strong>, scaturito dal suo personale percorso verso il pensiero positivo. Crede fermamente che dietro ogni desiderio vi sia una necessit\u00e0 e che un abito sia una seconda pelle in dialogo con la propria anima che attraverso di esso in parte si svela. <\/span><\/p>\n<p style=\"text-align: justify;\"><span>Il servizio su&nbsp;<strong> &#8220;Un abito per l&#8217;anima&#8221;<\/strong> andr\u00e0 <strong>in onda m<\/strong><span><strong>ercoled\u00ec 20 luglio<\/strong> su <strong>TeleNorba<\/strong> nel<\/span> Tg delle ore <strong>9.30 &#8211; 13.00 &#8211; 15.15 &#8211; 17.25 &#8211; 20.45 &#8211; 22.00 &#8211; 23.15<\/strong> <strong>sul canale 180<\/strong> del digitale terrestre e <strong>510 di Sky<\/strong>.<\/span><\/p>\n<p style=\"text-align: justify;\"><span><strong>A settembre incontrer\u00e0 Yu Ximan, sar\u00e0 con lui a Milano, in occasione del prestigioso premio alla moda di cui sar\u00e0 insignito <\/strong>e la sua speranza \u00e8 che Gioia possa instaurare tramite l\u2019imprenditrice cinese rapporti importanti con la Cina, contaminando di creativit\u00e0 l\u2019Oriente. [<strong>Foto Mario Di Giuseppe<\/strong>]<\/span><\/p>\n<p><iframe loading=\"lazy\" src=\"https:\/\/www.youtube.com\/embed\/nro7mCKxmlk\" width=\"640\" height=\"360\" allowfullscreen=\"allowfullscreen\"><\/iframe><br \/>\n<object data=\"https:\/\/www.flickr.com\/apps\/slideshow\/show.swf?v=261948265\" type=\"application\/x-shockwave-flash\" width=\"660\" height=\"495\"><param name=\"flashvars\" value=\"offsite=true&amp;lang=it-it&amp;page_show_url=%2Fphotos%2F91470992%40N02%2Fsets%2F72157670585763231%2Fshow%2F&amp;page_show_back_url=%2Fphotos%2F91470992%40N02%2Fsets%2F72157670585763231%2F&amp;set_id=72157670585763231&amp;jump_to=\" \/><param name=\"movie\" value=\"https:\/\/www.flickr.com\/apps\/slideshow\/show.swf?v=261948265\" \/><param name=\"allowFullScreen\" value=\"true\" \/><\/object><\/p>\n","protected":false},"excerpt":{"rendered":"","protected":false},"author":1,"featured_media":0,"comment_status":"open","ping_status":"closed","sticky":false,"template":"","format":"standard","meta":{"colormag_page_container_layout":"default_layout","colormag_page_sidebar_layout":"default_layout","footnotes":""},"categories":[7],"tags":[],"class_list":["post-52759","post","type-post","status-publish","format-standard","hentry","category-attualita"],"_links":{"self":[{"href":"https:\/\/archiviogioia.lavocedelpaese.info\/index.php?rest_route=\/wp\/v2\/posts\/52759","targetHints":{"allow":["GET"]}}],"collection":[{"href":"https:\/\/archiviogioia.lavocedelpaese.info\/index.php?rest_route=\/wp\/v2\/posts"}],"about":[{"href":"https:\/\/archiviogioia.lavocedelpaese.info\/index.php?rest_route=\/wp\/v2\/types\/post"}],"author":[{"embeddable":true,"href":"https:\/\/archiviogioia.lavocedelpaese.info\/index.php?rest_route=\/wp\/v2\/users\/1"}],"replies":[{"embeddable":true,"href":"https:\/\/archiviogioia.lavocedelpaese.info\/index.php?rest_route=%2Fwp%2Fv2%2Fcomments&post=52759"}],"version-history":[{"count":0,"href":"https:\/\/archiviogioia.lavocedelpaese.info\/index.php?rest_route=\/wp\/v2\/posts\/52759\/revisions"}],"wp:attachment":[{"href":"https:\/\/archiviogioia.lavocedelpaese.info\/index.php?rest_route=%2Fwp%2Fv2%2Fmedia&parent=52759"}],"wp:term":[{"taxonomy":"category","embeddable":true,"href":"https:\/\/archiviogioia.lavocedelpaese.info\/index.php?rest_route=%2Fwp%2Fv2%2Fcategories&post=52759"},{"taxonomy":"post_tag","embeddable":true,"href":"https:\/\/archiviogioia.lavocedelpaese.info\/index.php?rest_route=%2Fwp%2Fv2%2Ftags&post=52759"}],"curies":[{"name":"wp","href":"https:\/\/api.w.org\/{rel}","templated":true}]}}