{"id":52875,"date":"2016-07-31T22:43:12","date_gmt":"2016-07-31T22:43:12","guid":{"rendered":"https:\/\/archiviogioia.lavocedelpaese.info\/?p=52875"},"modified":"2016-07-31T22:43:12","modified_gmt":"2016-07-31T22:43:12","slug":"lultimo-saluto-in-ricordo-del-maestro-gaetano-pavone","status":"publish","type":"post","link":"https:\/\/archiviogioia.lavocedelpaese.info\/?p=52875","title":{"rendered":"L\u2019ULTIMO SALUTO IN RICORDO DEL MAESTRO GAETANO PAVONE"},"content":{"rendered":"<p><a title=\"Gaetano Pavone\" href=\"https:\/\/www.flickr.com\/photos\/91470992@N02\/28399069230\/in\/dateposted-public\/\" data-flickr-embed=\"true\"><img loading=\"lazy\" decoding=\"async\" style=\"display: block; margin-left: auto; margin-right: auto;\" src=\"https:\/\/c7.staticflickr.com\/9\/8640\/28399069230_6b86f45a42_z.jpg\" alt=\"Gaetano Pavone\" width=\"320\" height=\"240\" \/><\/a><\/p>\n<p><!--more--><\/p>\n<p style=\"text-align: justify;\"><strong>Il 31 lu<\/strong><a title=\"Gaetano Pavone\" href=\"https:\/\/www.flickr.com\/photos\/91470992@N02\/28651217296\/in\/dateposted-public\/\" data-flickr-embed=\"true\"><img loading=\"lazy\" decoding=\"async\" style=\"margin: 4px; float: left;\" src=\"https:\/\/c1.staticflickr.com\/9\/8561\/28651217296_edc5c04c86_z.jpg\" alt=\"Gaetano Pavone\" width=\"400\" height=\"300\" \/><\/a><strong>glio<\/strong>, dopo aver lottato contro un male che non perdona, <strong>il maestro Gaetano Pavone ha dovuto arrendersi. Dalla mattinata del 31 luglio \u00e8 nella Chiesa di San Francesco<\/strong> e luned\u00ec &#8211; 1 agosto &#8211; alle 10.15, l\u2019ultimo saluto gli sar\u00e0 rivolto nella Chiesa di Santa Lucia.<\/p>\n<p style=\"text-align: justify;\">Del maestro, <strong>102 anni vissuti tra due secoli con estremo senso civico<\/strong>, ricorderemo l\u2019infinito amore per la patria, il fervido credo politico, l\u2019<strong>instancabile impegno nel divulgare il suo pensiero<\/strong> sulla politica e su temi di attualit\u00e0 attraverso meditate e mai scontate riflessioni. Un uomo che non \u00e8 vissuto con lo sguardo volto al passato &#8211; ricchissimo di avventurosi eventi bellici e ricordi &#8211; ma al futuro, <strong>tenendosi al passo con i tempi ed informandosi s<\/strong><strong>u tutto con ammirevole curiosit\u00e0<\/strong>.<\/p>\n<p style=\"text-align: justify;\">Anche quando &#8211; ferito dalle vicende che hanno portato la sua citt\u00e0 e l\u2019intera nazion<a title=\"antonio pavone\" href=\"https:\/\/www.flickr.com\/photos\/91470992@N02\/28654906566\/in\/dateposted-public\/\" data-flickr-embed=\"true\"><img loading=\"lazy\" decoding=\"async\" style=\"margin: 4px; float: right;\" src=\"https:\/\/c7.staticflickr.com\/9\/8566\/28654906566_e4c32c8d19.jpg\" alt=\"antonio pavone\" width=\"400\" height=\"300\" \/><\/a>e al declino &#8211; <strong>ha sentito l\u2019urgenza di denunciare casi di mal politica<\/strong>, nel suo appassionato indignarsi \u00e8 sempre stato sobrio e misurato. La sua presenza ed il suo costante \u201cesserci\u201d nel partito di Rifondazione Comunista finch\u00e9 ha potuto, offrendo ai giovani la sua esperienza ed il suo inesauribile entusiasmo, sono stati <strong>esempio di dedizione e seriet\u00e0<\/strong>.<\/p>\n<p style=\"text-align: justify;\">Uomo del suo tempo, <strong>padre e nonno affettuoso, studioso di storia e politica<\/strong>, lucidissimo nel ricordare il passato di cui \u00e8 stato testimone e protagonista, lungimirante nell\u2019interpretare il presente ed il futuro, <strong>mancher\u00e0 a tutti<\/strong>! <strong>A suo figlio, Antonio Pavone<\/strong>, <strong>ai suoi cari tutti<\/strong>, insieme al nostro pi\u00f9 sentito cordoglio, <strong>un suo ricordo, pubblicato su \u201cLa voce del paese\u201d<\/strong> nel dicembre del 2014, in occasione del suo 101\u00b0 compleanno.<\/p>\n<p style=\"text-align: justify;\" align=\"center\">____________<\/p>\n<p style=\"text-align: justify;\"><strong>GAETANO PAVONE\u2026 101 ANNI DI PATRIOTTICI RICORDI<\/strong><\/p>\n<p style=\"text-align: justify;\">\u201cGaetano P<a title=\"Albania\" href=\"https:\/\/www.flickr.com\/photos\/91470992@N02\/28068449063\/in\/dateposted-public\/\" data-flickr-embed=\"true\"><img loading=\"lazy\" decoding=\"async\" style=\"margin: 4px; float: left;\" src=\"https:\/\/c8.staticflickr.com\/9\/8818\/28068449063_be39658ddc.jpg\" alt=\"Albania\" width=\"400\" height=\"278\" \/><\/a>avone, 101 anni di vita e di storia, il 20 dicembre festeggia il suo compleanno anche se tiene a precisare di essere stato registrato all\u2019anagrafe il 10 gennaio del 1915.<\/p>\n<p style=\"text-align: justify;\">Una mente brillante, allenata da letture impegnate e da un vivido interesse per la politica e la storia. Nel suo studio illuminato da un raggio di sole, appare fragile, sottile come in giunco eppur tenace. Con voce sicura, sia pur bassa, si abbandona ai ricordi\u2026<\/p>\n<p style=\"text-align: justify;\">\u201cIn famiglia eravamo in sei, il pap\u00e0 era un piccolo commerciante\u2026 avevo due sorelle, una di loro lavorava. Ho frequentato l\u2019istituto \u201cMazzini\u201d, ricordo la maestra Nico Pedrazzi, una signora di origini leccesi, moglie del dirigente, che portava in classe lo scaldino. Dopo le scuole medie ho studiato privatamente per l\u2019ammissione al liceo classico. L\u2019anno in cui conseguii la maturit\u00e0, era preside De Palma. Nel periodo bellico ho effettuato il concorso, poi arriv\u00f2 la cartolina di precetto e venni richiamato come Allievo ufficiale di complemento. Effettuai un corso e nel 1943 divenni istruttore di reclute. Partecipai alla campagna in Albania che ci vide sconfitti, ero Ufficiale di complemento nella X Fanteria. Ricordo quell\u2019inverno, il viaggio in treno con gli Alpini e poi sul piroscafo diretti vero il fronte greco\u2026\u201d<\/p>\n<p style=\"text-align: justify;\">I ricordi si sgranano, assumono connotazioni storiche\u2026 la battaglia in cui perse il mitragliere colpito al capo, lo scoraggiamento per essere in inferiorit\u00e0 numerica, il coraggio degli Alpini, insieme sullo stesso fronte, la guida al plotone, le armi. &#8220;[&#8230;] Erano bravi ragazzi, ma eravamo in pochi e fummo accerchiati. Mi disarmarono e venni fatto prigioniero. Incontrai un dottore greco che parlava italiano e divenimmo amici\u2026. Aveva casa a Milano e mi disse: \u201cHo curato molti feriti, i suoi uomini stanno bene, se \u00e8 fortunato mi venga a trovare a Milano\u201d, poi mi consegn\u00f2 il suo biglietto da visita. Ci portarono lungo la frontiera, bruciarono i nostri vestiti e ci spidocchiarono. Ricordo che quando attraversammo Atene ci applaudivano e offrivano sigarette\u2026 poi ci chiusero in un carcere in campagna. La prigionia era interminabile\u2026\u201d<\/p>\n<p style=\"text-align: justify;\">Affascina ascoltarlo parlare di Creta, di Alessandria d\u2019Egitto, dell\u2019India, di Melbourne dove impar\u00f2 l\u2019inglese, della prigionia in terra australiana, del campo circondato da filo spinato e dei tentativi di fuga dei suoi compagni, mentre a turno scavavano tunnel, ed ancora la caccia al coniglio, preda ghiotta in tempi di fame\u2026<\/p>\n<p style=\"text-align: justify;\">Non tutti sanno che Gaetano Pavone ebbe come compagno di prigionia Aroldo Tieri, direttore del teatro di Siena che lo invit\u00f2, al termine della guerra, ad un raduno per esorcizzare i ricordi negativi degli anni di prigionia.<\/p>\n<p style=\"text-align: justify;\">Ed infine il ritorno in Italia, i progetti europeisti che in quegli anni nascevano nei circoli di sinistra\u2026 Nel 1950, all\u2019et\u00e0 di 35 anni si sposa, tre anni dopo nasce suo figlio Antonio.<\/p>\n<p style=\"text-align: justify;\">\u201cVinto il concorso magistrale insegnai prima a Taranto, fino al \u201960, poi a Bari. Mi laureai in Filosofia e mi trasferii a Gioia. Insegnai alla Mazzini e alla San Filippo Neri, conclusi la mia carriera al Liceo classico dove insegnai per due anni\u2026\u201d<\/p>\n<p style=\"text-align: justify;\">Tra i suoi alunni Gianmarco Surico, Filippo Lerede e Francesco Pastore che pare fossero parecchio vivaci.<\/p>\n<p style=\"text-align: justify;\">Del passato pi\u00f9 recente racconta poco, forse d\u00e0 per scontato che tutti ricordino il suo impegno, la sua militanza in quella sinistra traboccante di idealit\u00e0&nbsp;in cui rivers\u00f2 il suo impegno. Poco pi\u00f9 che ottantenne Gaetano Pavone scrive a mano i suoi articoli pubblicati su Atlante, su Gioia in Cronaca, la Piazza e su riviste locali, sempre pungente ed attento agli accadimenti politici che possono minare la libert\u00e0, la stessa per cui avrebbe dato la vita, consapevole dei danni irreversibili che dittature e guerre arrecano all\u2019umanit\u00e0.<\/p>\n<p style=\"text-align: justify;\">Auguri, professor Pavone! Lunga vita a chi &#8211; come lei &#8211; la ama!\u201d<\/p>\n<p style=\"text-align: right;\" align=\"right\"><strong>DALILA BELLACICCO<\/strong><\/p>\n<p>&nbsp;<\/p>\n","protected":false},"excerpt":{"rendered":"","protected":false},"author":1,"featured_media":0,"comment_status":"open","ping_status":"closed","sticky":false,"template":"","format":"standard","meta":{"colormag_page_container_layout":"default_layout","colormag_page_sidebar_layout":"default_layout","footnotes":""},"categories":[7],"tags":[],"class_list":["post-52875","post","type-post","status-publish","format-standard","hentry","category-attualita"],"_links":{"self":[{"href":"https:\/\/archiviogioia.lavocedelpaese.info\/index.php?rest_route=\/wp\/v2\/posts\/52875","targetHints":{"allow":["GET"]}}],"collection":[{"href":"https:\/\/archiviogioia.lavocedelpaese.info\/index.php?rest_route=\/wp\/v2\/posts"}],"about":[{"href":"https:\/\/archiviogioia.lavocedelpaese.info\/index.php?rest_route=\/wp\/v2\/types\/post"}],"author":[{"embeddable":true,"href":"https:\/\/archiviogioia.lavocedelpaese.info\/index.php?rest_route=\/wp\/v2\/users\/1"}],"replies":[{"embeddable":true,"href":"https:\/\/archiviogioia.lavocedelpaese.info\/index.php?rest_route=%2Fwp%2Fv2%2Fcomments&post=52875"}],"version-history":[{"count":0,"href":"https:\/\/archiviogioia.lavocedelpaese.info\/index.php?rest_route=\/wp\/v2\/posts\/52875\/revisions"}],"wp:attachment":[{"href":"https:\/\/archiviogioia.lavocedelpaese.info\/index.php?rest_route=%2Fwp%2Fv2%2Fmedia&parent=52875"}],"wp:term":[{"taxonomy":"category","embeddable":true,"href":"https:\/\/archiviogioia.lavocedelpaese.info\/index.php?rest_route=%2Fwp%2Fv2%2Fcategories&post=52875"},{"taxonomy":"post_tag","embeddable":true,"href":"https:\/\/archiviogioia.lavocedelpaese.info\/index.php?rest_route=%2Fwp%2Fv2%2Ftags&post=52875"}],"curies":[{"name":"wp","href":"https:\/\/api.w.org\/{rel}","templated":true}]}}