{"id":52969,"date":"2016-08-10T15:29:42","date_gmt":"2016-08-10T15:29:42","guid":{"rendered":"https:\/\/archiviogioia.lavocedelpaese.info\/?p=52969"},"modified":"2016-08-10T15:29:42","modified_gmt":"2016-08-10T15:29:42","slug":"stiamo-trasformando-la-citta-pietra-su-pietra-ma","status":"publish","type":"post","link":"https:\/\/archiviogioia.lavocedelpaese.info\/?p=52969","title":{"rendered":"\u201cSTIAMO TRASFORMANDO LA CITT\u00c0. PIETRA SU PIETRA\u201d. MA\u2026"},"content":{"rendered":"<p><a title=\"CUSCITO ENZO\" href=\"https:\/\/www.flickr.com\/photos\/91470992@N02\/28276445594\" data-flickr-embed=\"true\"><img loading=\"lazy\" decoding=\"async\" style=\"display: block; margin-left: auto; margin-right: auto;\" src=\"https:\/\/c3.staticflickr.com\/9\/8745\/28276445594_2f1a8ccb0e_z.jpg\" alt=\"CUSCITO ENZO\" width=\"320\" height=\"240\" \/><\/a><\/p>\n<p><!--more--><\/p>\n<p style=\"text-align: justify;\"><a title=\"municipio_balcone\" href=\"https:\/\/www.flickr.com\/photos\/91470992@N02\/17174863259\/in\/photolist-Fcc8Zk-CXB8fs-CBJtur-wXJBQq-tzoP8W-uTukoJ-uTuZ9G-vb5nJM-HcTPmk-saFEu4-yhw3iN-rM9ZWz-rZ4GCg-rLLziJ-rJgSwS-r6r6gE-rnTdpx-ro1jet-r4FTin-r6yfCc-qkH6kA-ptcTn5-pdWUBT-q1Xz3j-mhbgKz-fts9U5-mbSJw7-m8WSti-n2eiz3-o1rjU7-iTaZBg-ipMerR-oFt1fV-ggRHeP-ggSJNR-fTYfM1-iM81ow-ftHv2b-ftsa11-oA8pjH-etrnAZ-fYch9r-qwXQJF-sm9tPP-pdWRit-iM81A5-jXjBkU-g3CqBf-n2t37R-n4PVjR\" data-flickr-embed=\"true\"><img loading=\"lazy\" decoding=\"async\" style=\"margin: 4px; float: left;\" src=\"https:\/\/c4.staticflickr.com\/9\/8835\/17174863259_13033d06c2_z.jpg\" alt=\"municipio_balcone\" width=\"350\" height=\"467\" \/><\/a><strong>A chi chiede \u201cconto\u201d di quanto fatto<\/strong> in questi primi due mesi di governo <strong>dall&#8217;attuale Amministrazione, risponde il vicesindaco Enzo Cuscito<\/strong> sulla sua personale bacheca facebook, senza inviare comunicati o rilasciare dichiarazioni agli organi di stampa, con semplicit\u00e0 per la serie: \u201cQuesto \u00e8 quanto, chi vuole pu\u00f2 prenderne atto!\u201d<\/p>\n<p style=\"text-align: justify;\">E noi ne prendiamo atto e condividiamo con i lettori sia per informare i cittadini del lavoro che viene svolto quotidianamente dagli amministratori, evidentemente troppo impegnati nel \u201cfare\u201d che nel raccontare quel che fanno, sia per dare risposte a chi nei commenti le esige e ci specula su.<\/p>\n<p style=\"text-align: justify;\">Una precisazione \u00e8 d\u2019obbligo: qualora questa modalit\u00e0 comunicativa venga adottata da altri amministratori sia di maggioranza che di minoranza, la nostra attenzione sar\u00e0 la stessa. Daremo come sempre \u201cvoce\u201d anche a chi non ritiene opportuno contattarci, per dovere di cronaca nei confronti di tutti i lettori, anche quelli che non frequentano i social.<\/p>\n<p style=\"text-align: justify;\"><strong>Senza \u201ctrascurare\u201d eventuali nostre opinioni e\/o suggerimenti sul modus operandi<\/strong> o sui risultati ottenuti da questo \u201cfare amministrativo\u201d. Nella fattispecie, in attesa di vedere l\u2019esito degli altri lavori in corso, <strong>a proposito delle<\/strong><strong> strisce pedonali<\/strong>, ci chiediamo e chiediamo, <strong>come mai<\/strong>, nonostante gli invisibili risultati ottenuti dalla precedente Amministrazione, <strong>si continui ad utilizzare lo stesso sistema di messa in opera a suo tempo fortemente criticato?<\/strong> Anche oggi, come ieri, sembrerebbe lavoro e tempo perso, e costi sostenuti a vuoto. Infatti, le nuove strisce bianche sono gi\u00e0 grigie. Ma non si doveva cambiare sistema di messa in opera?<\/p>\n<p style=\"text-align: center;\">____________<\/p>\n<p style=\"text-align: justify;\">\u201c<strong>E&#8217; trascorso appena un mese e mezzo&#8230;<\/strong><\/p>\n<p style=\"text-align: justify;\">Ci siamo appena candidati presso la Citt\u00e0 Metropolitana per un progetto di recupero delle periferie del valore di 650 mila euro. Interverremo rivalutando viabilit\u00e0 e parchi pubblici tra il Palazzetto dello Sport e la Piscina comunale, preveden<a title=\"giostrine piazza cinecitt\u00e0\" href=\"https:\/\/www.flickr.com\/photos\/91470992@N02\/25886815161\/in\/album-72157663916859954\/\" data-flickr-embed=\"true\"><img loading=\"lazy\" decoding=\"async\" style=\"margin: 4px; float: right;\" src=\"https:\/\/c2.staticflickr.com\/2\/1720\/25886815161_d753b033cd.jpg\" alt=\"giostrine piazza cinecitt\u00e0\" width=\"400\" height=\"300\" \/><\/a>do marciapiedi e illuminazione sul tratto attiguo la piscina lungo via Salvator Rosa e una serie di parchi tematici su spazi pubblici degradati. Con un parco allestito con attrezzi da palestra all&#8217;aperto&nbsp; -saremo tra i pochi Comuni in Puglia a dotarcene &#8211; ed una pista per skateboard.<\/p>\n<p style=\"text-align: justify;\">Un altro progetto presentato con fondi messi a disposizione dalla Citt\u00e0 Metropolitana riguarda la sicurezza. Due milioni di euro per dotare Gioia di un sistema moderno e capillare di videosorveglianza. Tecnologia e prevenzione per rendere pi\u00f9 sicuro il centro, i parchi e le periferie.<\/p>\n<p style=\"text-align: justify;\">Intanto, siamo gi\u00e0 pronti per partecipare ad un altro bando che riguarder\u00e0 il recupero dei centri storici. Potremo intervenire su tutto il sistema d&#8217;illuminazione pubblica e pavimentazione nel cuore del nostro borgo.<\/p>\n<p style=\"text-align: justify;\">Stiamo anche avviando un lento ma deciso intervento di abbattimento delle barriere architettoniche introducendo gli scivoli a margine dei nostri marciapiedi. Scivoli dei quali Gioia \u00e8 scarsamente dotata. Necessari per il dolce fluire di carrozzelle per disabili, carrozzine con bambini e girelli per gli anziani. Senza dover transitare sulla strada attraversata dalle auto. Cominceremo da via Armando Celiberti e la prima f<a title=\"interventi viabilit\u00e0 masi\" href=\"https:\/\/www.flickr.com\/photos\/91470992@N02\/11716942366\/\" data-flickr-embed=\"true\"><img loading=\"lazy\" decoding=\"async\" style=\"margin: 4px; float: left;\" src=\"https:\/\/c7.staticflickr.com\/6\/5483\/11716942366_f651a95fd9_z.jpg\" alt=\"interventi viabilit\u00e0 masi\" width=\"400\" height=\"301\" \/><\/a>ase riguarder\u00e0 tutta via Regina Elena.<\/p>\n<p style=\"text-align: justify;\">Abbiamo inoltre effettuato un censimento di tutte le giostrine presenti nei parchi pubblici. Buona parte guaste, degradate, vandalizzate o usurate. Da settembre si partir\u00e0 con una completa manutenzione e riparazione dell&#8217;esistente, da parte di una ditta specializzata. Le rimetteremo a nuovo e le amplieremo.<\/p>\n<p style=\"text-align: justify;\">Stiamo sostituendo la pompa che alimentava l&#8217;irrigazione automatica di Piazza Pinto. Guasta da mesi, non ha potuto consegnarci una villa comunale verde e fresca. Lavoro costoso ma necessario per ricolorare di verde il nostro polmone cittadino&#8230;<\/p>\n<p style=\"text-align: justify;\">Interverremo infine nei prossimi giorni per il rifacimento completo delle strisce pedonali su tutto il territorio comunale. Dai corsi principali alle vie secondarie. Prevedendo attraversamenti pedonali con strisce bianche su sfondo rosso, ben visibili e ampie, dinanzi alle scuole e ai luoghi di maggior transito pedonale.<\/p>\n<p style=\"text-align: justify;\">Un mese e mezzo \u00e8 trascorso. Tra tante difficolt\u00e0 e tanta voglia di trasformare la nostra Citt\u00e0 cos\u00ec come l&#8217;abbiamo sognata e continuiamo a sognarla. Pietra su pietra.\u201d<\/p>\n<p>&nbsp;<\/p>\n","protected":false},"excerpt":{"rendered":"","protected":false},"author":1,"featured_media":0,"comment_status":"open","ping_status":"closed","sticky":false,"template":"","format":"standard","meta":{"colormag_page_container_layout":"default_layout","colormag_page_sidebar_layout":"default_layout","footnotes":""},"categories":[4],"tags":[],"class_list":["post-52969","post","type-post","status-publish","format-standard","hentry","category-politica"],"_links":{"self":[{"href":"https:\/\/archiviogioia.lavocedelpaese.info\/index.php?rest_route=\/wp\/v2\/posts\/52969","targetHints":{"allow":["GET"]}}],"collection":[{"href":"https:\/\/archiviogioia.lavocedelpaese.info\/index.php?rest_route=\/wp\/v2\/posts"}],"about":[{"href":"https:\/\/archiviogioia.lavocedelpaese.info\/index.php?rest_route=\/wp\/v2\/types\/post"}],"author":[{"embeddable":true,"href":"https:\/\/archiviogioia.lavocedelpaese.info\/index.php?rest_route=\/wp\/v2\/users\/1"}],"replies":[{"embeddable":true,"href":"https:\/\/archiviogioia.lavocedelpaese.info\/index.php?rest_route=%2Fwp%2Fv2%2Fcomments&post=52969"}],"version-history":[{"count":0,"href":"https:\/\/archiviogioia.lavocedelpaese.info\/index.php?rest_route=\/wp\/v2\/posts\/52969\/revisions"}],"wp:attachment":[{"href":"https:\/\/archiviogioia.lavocedelpaese.info\/index.php?rest_route=%2Fwp%2Fv2%2Fmedia&parent=52969"}],"wp:term":[{"taxonomy":"category","embeddable":true,"href":"https:\/\/archiviogioia.lavocedelpaese.info\/index.php?rest_route=%2Fwp%2Fv2%2Fcategories&post=52969"},{"taxonomy":"post_tag","embeddable":true,"href":"https:\/\/archiviogioia.lavocedelpaese.info\/index.php?rest_route=%2Fwp%2Fv2%2Ftags&post=52969"}],"curies":[{"name":"wp","href":"https:\/\/api.w.org\/{rel}","templated":true}]}}