{"id":53119,"date":"2016-08-26T09:03:19","date_gmt":"2016-08-26T09:03:19","guid":{"rendered":"https:\/\/archiviogioia.lavocedelpaese.info\/?p=53119"},"modified":"2016-08-26T09:03:19","modified_gmt":"2016-08-26T09:03:19","slug":"al-circolo-unione-concerto-alla-luna-con-elena-dee","status":"publish","type":"post","link":"https:\/\/archiviogioia.lavocedelpaese.info\/?p=53119","title":{"rendered":"AL CIRCOLO UNIONE \u201cCONCERTO ALLA LUNA\u201d CON ELENA DEE"},"content":{"rendered":"<p><a title=\"concerto alla luna elena dee\" href=\"https:\/\/www.flickr.com\/photos\/91470992@N02\/29161911751\" data-flickr-embed=\"true\"><img loading=\"lazy\" decoding=\"async\" style=\"display: block; margin-left: auto; margin-right: auto;\" src=\"https:\/\/c8.staticflickr.com\/9\/8481\/29161911751_1318d5c35e_z.jpg\" alt=\"concerto alla luna elena dee\" width=\"320\" height=\"240\" \/><\/a><\/p>\n<p><!--more--><\/p>\n<p style=\"margin-bottom: 0.0001pt; text-align: justify; line-height: normal;\"><a title=\"concerto alla luna elena dee\" href=\"https:\/\/www.flickr.com\/photos\/91470992@N02\/28617446374\" data-flickr-embed=\"true\"><img loading=\"lazy\" decoding=\"async\" style=\"margin: 4px; float: left;\" src=\"https:\/\/c7.staticflickr.com\/9\/8459\/28617446374_111c6bccf9.jpg\" alt=\"concerto alla luna elena dee\" width=\"350\" height=\"479\" \/><\/a><strong>Sabato 27 agosto 2016<\/strong>, con inizio alle ore 20.30, presso ilgiardino del <strong>Circolo Unione<\/strong> si terr\u00e0 il \u201c<strong>Concerto alla luna<\/strong>\u201d, con il soprano <strong>Elena Dee<\/strong> accompagnata al pianoforte dal <strong>M\u00b0 Davide Dellisanti<\/strong>. La serata si concluder\u00e0 con un ricco buffet.<\/p>\n<p style=\"margin-bottom: 0.0001pt; text-align: justify; line-height: normal;\">Prevista una quota di partecipazione e <strong>prenotazione obbligatoria<\/strong>.<\/p>\n<p style=\"margin-bottom: 0.0001pt; text-align: justify; line-height: normal;\"><strong>Per informazioni e adesioni<\/strong> telefonare al 0803481686.<\/p>\n<p style=\"margin-bottom: 0.0001pt; text-align: justify; line-height: normal;\"><strong>ELENA DEE<\/strong><\/p>\n<p style=\"margin-bottom: 0.0001pt; text-align: justify; line-height: normal;\">Soprano lirico russo\/coreano, nasce come pianista ma ben presto scopre il suo vero talento nel canto lirico, passione che la porta al conseguimento di un secondo diploma di conservatorio in canto e successivamente a perfezionarsi con grandi maestri di spessore internazionale tra i quali il Tenore italiano Gianfranco Cecchele.<\/p>\n<p style=\"margin-bottom: 0.0001pt; text-align: justify; line-height: normal;\">Dopo diverse esibizioni, concorsi e concerti in Russia, Francia e Italia la sua consacrazione come artista internazionale avviene quando inizia la collaborazione con la prestigiosa compagnia teatrale inglese \u201cEllen Kent Opera &amp; Ballet International\u201d che dal 2008 ad oggi la porter\u00e0 stabilmente ad esibirsi in tournee come soprano solista in alcuni dei pi\u00f9 stimati teatri della Gran Bretagna e Irlanda in citt\u00e0 come Londra, Edimburgo, Dublino, Liverpool, Manchester etc.<\/p>\n<p style=\"margin-bottom: 0.0001pt; text-align: justify; line-height: normal;\">Ben presto grazie alle sue spiccate doti vocali e recitative conquista le platee del Regno Unito interpretando le pi\u00f9 celebri opere pucciniane e verdiane <span style=\"color: #222222;\">come \u201cTosca\u201d, \u201cla Traviata\u201d, \u201cMadama Butterfly\u201d, \u201cAida\u201d, \u201cLa Boh\u00e8me\u201d e \u201cTourandot\u201d.<\/span><\/p>\n<p>&nbsp;<\/p>\n","protected":false},"excerpt":{"rendered":"","protected":false},"author":1,"featured_media":0,"comment_status":"open","ping_status":"closed","sticky":false,"template":"","format":"standard","meta":{"colormag_page_container_layout":"default_layout","colormag_page_sidebar_layout":"default_layout","footnotes":""},"categories":[7],"tags":[],"class_list":["post-53119","post","type-post","status-publish","format-standard","hentry","category-attualita"],"_links":{"self":[{"href":"https:\/\/archiviogioia.lavocedelpaese.info\/index.php?rest_route=\/wp\/v2\/posts\/53119","targetHints":{"allow":["GET"]}}],"collection":[{"href":"https:\/\/archiviogioia.lavocedelpaese.info\/index.php?rest_route=\/wp\/v2\/posts"}],"about":[{"href":"https:\/\/archiviogioia.lavocedelpaese.info\/index.php?rest_route=\/wp\/v2\/types\/post"}],"author":[{"embeddable":true,"href":"https:\/\/archiviogioia.lavocedelpaese.info\/index.php?rest_route=\/wp\/v2\/users\/1"}],"replies":[{"embeddable":true,"href":"https:\/\/archiviogioia.lavocedelpaese.info\/index.php?rest_route=%2Fwp%2Fv2%2Fcomments&post=53119"}],"version-history":[{"count":0,"href":"https:\/\/archiviogioia.lavocedelpaese.info\/index.php?rest_route=\/wp\/v2\/posts\/53119\/revisions"}],"wp:attachment":[{"href":"https:\/\/archiviogioia.lavocedelpaese.info\/index.php?rest_route=%2Fwp%2Fv2%2Fmedia&parent=53119"}],"wp:term":[{"taxonomy":"category","embeddable":true,"href":"https:\/\/archiviogioia.lavocedelpaese.info\/index.php?rest_route=%2Fwp%2Fv2%2Fcategories&post=53119"},{"taxonomy":"post_tag","embeddable":true,"href":"https:\/\/archiviogioia.lavocedelpaese.info\/index.php?rest_route=%2Fwp%2Fv2%2Ftags&post=53119"}],"curies":[{"name":"wp","href":"https:\/\/api.w.org\/{rel}","templated":true}]}}