{"id":53184,"date":"2016-08-31T10:10:49","date_gmt":"2016-08-31T10:10:49","guid":{"rendered":"https:\/\/archiviogioia.lavocedelpaese.info\/?p=53184"},"modified":"2016-08-31T10:10:49","modified_gmt":"2016-08-31T10:10:49","slug":"marco-cardetta-con-sergente-romano-a-libri-nel-borgo-2","status":"publish","type":"post","link":"https:\/\/archiviogioia.lavocedelpaese.info\/?p=53184","title":{"rendered":"MARCO CARDETTA CON \u201cSERGENTE ROMANO\u201d A LIBRI NEL BORGO"},"content":{"rendered":"<p><a title=\"marco cardetta a biscegie\" href=\"https:\/\/www.flickr.com\/photos\/91470992@N02\/29076491040\/in\/dateposted-public\/\" data-flickr-embed=\"true\"><img loading=\"lazy\" decoding=\"async\" style=\"display: block; margin-left: auto; margin-right: auto;\" src=\"https:\/\/c1.staticflickr.com\/9\/8134\/29076491040_5096413ff7_z.jpg\" alt=\"marco cardetta a biscegie\" width=\"320\" height=\"240\" \/><\/a><\/p>\n<p><!--more--><\/p>\n<p style=\"text-align: justify;\"><a title=\"marco cardetta a biscegie\" href=\"https:\/\/www.flickr.com\/photos\/91470992@N02\/29255929352\/in\/dateposted-public\/\" data-flickr-embed=\"true\"><img loading=\"lazy\" decoding=\"async\" style=\"margin: 4px; float: left;\" src=\"https:\/\/c1.staticflickr.com\/9\/8303\/29255929352_9a29342458.jpg\" alt=\"marco cardetta a biscegie\" width=\"400\" height=\"300\" \/><\/a> <strong>Marco Cardetta<\/strong>, <strong>autore del \u201cSergente Romano\u201d<\/strong> presentato da <strong>Enzo Quarto<\/strong> nel prestigioso festival letterario <strong>\u201cLibri nel Borgo antico\u201d<\/strong> a Bisceglie il 28 agosto, ha conquistato anche in \u201cout door\u201d l\u2019attenzione dei lettori, affascinati dalla conversazione tra autore e presentatore.<\/p>\n<p style=\"text-align: justify;\">L\u2019incontro \u00e8 piacevolissimo. <strong>Il giornalista<\/strong> &#8211; come pi\u00f9 volte affermato &#8211; \u201csinceramente conquistato e divertito dalla lettura del libro\u201d, reduce a sua volta dalla presentazione di \u201c<strong>La comunicazione \u00e8 relazione<\/strong>\u201d in via Marconi, con la semplicit\u00e0 e la classe che lo contraddistinguono pone interessanti domande e simpatiche provocazioni che consentono all\u2019autore di approfondire alcuni temi e soprattutto svelare la genesi e l\u2019utilit\u00e0 di quest\u2019opera, che nulla a che fare con valutazioni politiche o ideali revisionisti, ma ben si colloca come studio antropologico, sociologico e \u201cpoema epico\u201d di Puglia che gi\u00e0 lo vede all\u2019opera con un <i>sequel<\/i>.<\/p>\n<p style=\"text-align: justify;\">\u201cSono vissuto dieci anni a Siena, dove <strong>ho studiato Filosofia<\/strong> e mi sono formato, scegliendo di tornare a Gioia e diventare un imprenditore. Scrivo sceneggiature e cur<a title=\"marco cardetta a biscegie\" href=\"https:\/\/www.flickr.com\/photos\/91470992@N02\/29076500580\/in\/dateposted-public\/\" data-flickr-embed=\"true\"><img loading=\"lazy\" decoding=\"async\" style=\"margin: 4px; float: right;\" src=\"https:\/\/c5.staticflickr.com\/9\/8099\/29076500580_8cefede246.jpg\" alt=\"marco cardetta a biscegie\" width=\"400\" height=\"300\" \/><\/a>o la produzione di lungometraggi con il regista <strong>Francesco Dongiovanni<\/strong> per la <strong>Murex Production<\/strong>. Per questo <strong>la scrittura del libro ricorda riprese cinematografiche<\/strong> in cui il punto di vista \u00e8 orizzontale, quello di chi guarda attraverso gli occhi del Sergente Pasquale Romano, stando dietro di lui. Il linguaggio \u00e8 quello dell\u2019epoca, gli usi, le tradizioni anche. <strong>Romano <\/strong>a differenza di altri, come accade ancora oggi, <strong>aveva cercato di emanciparsi dalla povert\u00e0 e dall\u2019ignoranza<\/strong> entrando in un\u2019arma, <strong>nell\u2019esercito borbonico<\/strong>, dove <strong>impara a leggere e scrivere<\/strong>. Scrive preghiere e lettere alla sua fidanzata\u2026 <strong>in lui ho colto una sorta di romanticismo<\/strong> che in altri personaggi di quel contesto storico, non compare, ed \u00e8 questo che mi ha spinto a scriverne dopo aver letto un libro storico su di lui che avevo in stanza da anni. Poi <strong>ho approfondito con ricerche negli archivi<\/strong>, ritrovato nomi, scorci di vita\u2026 Nei briganti come Crocco ed altri c\u2019\u00e8 spesso rabbia, odio, senso di rivalsa e riscatto, in Romano ritrovo i giovani di oggi, disillusi, alla ricerca di qualcosa in cui credere. Non \u00e8 un caso che i capi fossero militari e guidassero ragazzi semplici che non avevano molta scelta, specie dopo che <strong>l\u2018Italia era stata unita cos\u00ec \u201cmalamente\u201d<\/strong><strong>.<\/strong> <strong>L\u2019errore \u00e8 stato accentrare il potere<\/strong>, <strong>il federalismo proposto da D\u2019Azeglio <\/strong>sarebbe stata una scelta pi\u00f9 opportuna all\u2019epoca. <strong>Non che nel regno <\/strong><a title=\"marco cardetta a biscegie\" href=\"https:\/\/www.flickr.com\/photos\/91470992@N02\/29076487120\/in\/dateposted-public\/\" data-flickr-embed=\"true\"><img loading=\"lazy\" decoding=\"async\" style=\"margin: 4px; float: left;\" src=\"https:\/\/c1.staticflickr.com\/9\/8374\/29076487120_610e16e764.jpg\" alt=\"marco cardetta a biscegie\" width=\"400\" height=\"300\" \/><\/a><strong>borbonico fosse tutto rose e fiori<\/strong>, anzi\u2026 c\u2019erano soprusi, povert\u00e0, ignoranza\u2026 era semplicemente un male conosciuto.\u201d<\/p>\n<p style=\"text-align: justify;\"><strong>Enzo Quarto ricorda il giovane fr<\/strong><strong>atello di Romano, Vito<\/strong> e chiede a Marco Cardetta se pensa che il sergente si sia sentito in colpa per averlo condotto alla morte e di delinearne il profilo. In realt\u00e0 del giovane si sa poco, se non che \u00e8 l\u2019unico sopravvissuto con il nome \u201cVito\u201d, essendo gli altri quattro fratelli cui era stato dato questo nome, morti in fasce.<\/p>\n<p style=\"text-align: justify;\"><strong>Quarto esplora i luoghi del brigantaggio<\/strong>, i quartieri, le grotte e <strong>chiede a Marco se li ha ripercorsi<\/strong>, offrendo all\u2019autore l\u2019assist per svelare il suo progetto pi\u00f9 ambizioso: far rivivere la storia attraverso percorsi guidati e spettacolari letture &#8211; recitazioni musicate da <strong>Roberto Salah Addin Re David <\/strong>in \u201c<strong>Voci di sbandati<\/strong>\u201d &#8211; recital concerto che <strong>il 17 settembre<\/strong>, in acustico sar\u00e0 riproposto <strong>nel bosco delle Pianelle<\/strong>, tra Mottola e Martina Franca, cui seguir\u00e0 una cena con men\u00f9 \u201cbrigantesco\u201d.<\/p>\n<p style=\"text-align: justify;\"><strong>L\u2019AUTORE<\/strong><\/p>\n<p style=\"text-align: justify;\"><strong>Marco Cardetta<\/strong> &#8211; classe 1983 -, laurea in Scienze della Comunicazione e Filosofia,<a title=\"anapeson di f.sco dongiovanni e marco cardetta\" href=\"https:\/\/www.flickr.com\/photos\/91470992@N02\/26761157821\/in\/dateposted-public\/\" data-flickr-embed=\"true\"><img loading=\"lazy\" decoding=\"async\" style=\"margin: 4px; float: right;\" src=\"https:\/\/c6.staticflickr.com\/8\/7054\/26761157821_a2e6dd3b28.jpg\" alt=\"anapeson di f.sco dongiovanni e marco cardetta\" width=\"400\" height=\"267\" \/><\/a> \u00e8 <strong>vinc<\/strong><strong>itore del premio <em><span style=\"font-style: normal;\">Vittorio Bodini<\/span><\/em><\/strong><em><span style=\"font-style: normal;\"> <strong>&#8211; La luna dei Borboni 2014<\/strong><\/span><\/em> con la stessa opera, e il 18 agosto di quest\u2019anno viene <strong>insignito del Premio Pasolini<\/strong> in \u201cCantinando Wine Art\u201d a Barile, a conferma di un talento che non teme confronti. Nel 2008 conquista il <strong>premio \u201cEs<\/strong><strong>or &#8211; dire\u201d con<i>\u201c<\/i><em><span style=\"font-style: normal;\">Prime giovani suites\u201d<\/span><\/em><\/strong><em><span style=\"font-style: normal;\"> ed altri prestigiosi riconoscimenti sta mietendo \u201c<strong>Anapeson<\/strong>\u201d, film <strong>da lui scritto e prodotto con Murex<\/strong>, <strong>insieme a Francesco Dongiovanni<\/strong> che <strong>il 9 settembre<\/strong> sar\u00e0 proiettato <strong>nell\u2019Arco Paradiso<\/strong> su iniziativa di <strong>Palazzo Romano Eventi<\/strong>.<\/span><\/em><\/p>\n<p style=\"text-align: justify;\"><em><span style=\"font-style: normal;\">Nel libro gi\u00e0 presentato in importanti co<\/span><\/em><em><span style=\"font-style: normal;\">ntesti culturali nelle citt\u00e0 di <\/span><\/em>Milano, Torino, Firenze, Roma, Narni<em><span style=\"font-style: normal;\">, Lecce, Matera ed altre, i termini \u201cbriganti\u201d e \u201cbrigantaggio\u201d vengono banditi. <\/span><\/em><\/p>\n<p style=\"text-align: justify;\"><em><span style=\"font-style: normal;\">E\u2019 <strong>un\u2019opera che si presta a \u201cdiversi usi e letture\u201d e diviene strumento storico &#8211; didattico nell\u2019incontro con gli studenti,<\/strong> \u201cfilo d\u2019Arianna\u201d di un percorso turistico a tratti mistico nei luoghi in cui gli sbandati imperversaro<\/span><\/em><em><span style=\"font-style: normal;\">no e <strong>momento teatrale di altissimo pathos e drammaturgia<\/strong> quando le voci tornano a narrare i loro drammi, i loro sogni, il loro dolore, la loro rabbia. E sono <strong>voci incrostate di fango impastato con sudore, lacrime e sangue<\/strong>, le uniche titolate ad un racconto epico nella sua i<\/span><\/em><em><span style=\"font-style: normal;\">mmaginifica verit\u00e0\u2026<\/span><\/em><\/p>\n<p style=\"text-align: justify;\"><em><span style=\"font-style: normal;\">Quel che in tanti avrebbero voluto riascoltare in piazza \u00e8 <strong>la voce \u201ccangiante<\/strong>\u201d &#8211; quella <strong>di Marco Cardetta <\/strong>&#8211; mentre <strong>interpreta altre voci<\/strong> che a loro volta caratterizzano indimenticabili personaggi, come accaduto nel suggestivo reading \u201c<strong>Voc<\/strong><\/span><\/em><em><span style=\"font-style: normal;\"><strong>i di sbandati<\/strong>\u201d tratto dal testo musicato e \u201crumoreggiato\u201d da <strong>Roberto Salah Addin Re David<\/strong> il 6 maggio scorso, nel foyer del Rossini. <\/span><\/em><\/p>\n<p style=\"text-align: justify;\"><em><strong><span style=\"font-style: normal;\">Un\u2019opera versatile ed originale<\/span><\/strong><\/em><em><span style=\"font-style: normal;\"> che cattura attenzione e luce e brilla anche nei momenti pi\u00f9 drammatici e tragici, di una struggente ed inaspettata comicit\u00e0, <strong>assolutamente da leggere e soprattutto ascoltare<\/strong>.<\/span><\/em><\/p>\n<p style=\"text-align: justify;\"><em><strong><span style=\"font-style: normal;\">IL RACCONTO<\/span><\/strong><\/em><\/p>\n<p style=\"text-align: justify;\"><em><span style=\"font-style: normal;\">Il caos che dilaga nel Mezzogiorno <\/span><\/em><a title=\"Ritratto-del-Sergente-Pasquale-Romano-primo-piano\" href=\"https:\/\/www.flickr.com\/photos\/91470992@N02\/27580965850\" data-flickr-embed=\"true\"><img loading=\"lazy\" decoding=\"async\" style=\"margin: 4px; float: left;\" src=\"https:\/\/c3.staticflickr.com\/8\/7426\/27580965850_69f41e7b48.jpg\" alt=\"Ritratto-del-Sergente-Pasquale-Romano-primo-piano\" width=\"400\" height=\"300\" \/><\/a><em><span style=\"font-style: normal;\">poco dopo l\u2019unit\u00e0 d\u2019Italia nel 1861, crea una frattura antropologica e culturale tra il Nord ed il Sud. <strong>L\u2019autore, da moderno aedo, senza partigianerie, \u201ccanta\u201d le gesta degli uomini<\/strong> che in questa crepa rovinosamente inciampano e <strong>costruisce un segmento narrativo \u201cepico\u201d <\/strong>di cui \u00e8 protagonista <strong>Pasquale Domenico Romano<\/strong>, ex sergente borbonico gioiese, costretto dal disagio che ancora oggi vivono molti giovani del Sud, a \u201cmilitare\u201d tra altri sbandati. <\/span><\/em><\/p>\n<p style=\"text-align: justify;\"><em><span style=\"font-style: normal;\">Con essi l\u2019autore percorre tratturi, si rifugia in boschi e grotte, vive quel momento storico osservando ed interpretando bisogni, fragilit\u00e0, strategie di uomini, donne e ragazzi del Sud. Tutto questo senza scivolare in stereotipi, senza revisionare n\u00e9 rivisitare epoche, semplicemente leggendo nello sguardo e nei cuori di chi ha lottato per riscattarsi e difendere il proprio credo, la propria dignit\u00e0. La stessa negata agli sconfitti che vedranno la loro storia scritta dai vincitori. <\/span><\/em><\/p>\n<p style=\"text-align: justify;\"><em><strong><span style=\"font-style: normal;\">Cardetta afferma di voler trasformare questo fenomeno storico in un \u201cgenere\u201d che descriva la nostra terra ed attiri l\u2019attenzione su luoghi, usi, costumi, consuetudini<\/span><\/strong><\/em><em><span style=\"font-style: normal;\"> anche satireggiando, ma sempre con il dovuto rispetto, senza giudizi o pregiudizi. Ricorda che ancora oggi, come in passato, in diversi scenari di guerra \u00e8 consuetudine infierire sui cadaveri dei nemici nel pi\u00f9<\/span><\/em><em><span style=\"font-style: normal;\"> tribale dei modi. <strong>Nulla vi \u00e8 in realt\u00e0 di nuovo nelle atrocit\u00e0 che l\u2019uomo sa da sempre perpetrare<\/strong>. Unica, fragile, nuda attenuante, quel condizionamento sociale che la sottile veste della civilt\u00e0 a stento copre.<\/span><\/em><\/p>\n<p style=\"text-align: justify;\"><em><strong><span style=\"text-transform: uppercase; font-style: normal;\">cicoriella murgiern\/pugliern<\/span><\/strong><\/em><\/p>\n<p style=\"text-align: justify;\"><em><strong><span style=\"font-style: normal;\">\u201cSergente Romano\u201d \u00e8 di fatto anche una sceneggiatura cinematografica<\/span><\/strong><\/em><em><span style=\"font-style: normal;\"> in quanto il linguaggio usato \u00e8 quel dialetto a volte balbettante, altre fiorito in uso all\u2019epoca, con un suo ritmo cantilenante tutto particolare. \u201c<\/span><\/em><a title=\"sergente romano\" href=\"https:\/\/www.flickr.com\/photos\/91470992@N02\/28742701923\/in\/dateposted-public\/\" data-flickr-embed=\"true\"><img loading=\"lazy\" decoding=\"async\" style=\"margin: 4px; float: right;\" src=\"https:\/\/c4.staticflickr.com\/8\/7750\/28742701923_07354e611e_o.jpg\" alt=\"sergente romano\" width=\"350\" height=\"461\" \/><\/a><em><span style=\"font-style: normal;\">Briglie linguistiche\u201d che ben si prestano ad una satira a tratti anche ingenua e trasformano l\u2019opera in <strong>un unicum difficile da imitare<\/strong>, con un proprio stile <strong>asciutto ed essenziale<\/strong>.<\/span><\/em><\/p>\n<p style=\"text-align: justify;\"><em><span style=\"font-style: normal;\">Il lessico si trasforma in slang ed evoca con efficacia immagini, fragranze, sapori\u2026 da \u201c<strong>cicoriella murgiern\/pugliern<\/strong>\u201d, come scherzosamente afferma lo stesso autore dopo aver accolto con un sorriso il paragone \u201cdi genere\u201d con gli spaghetti &#8211; western di Sergio Leone<\/span>.<\/em><\/p>\n<p style=\"text-align: justify;\"><em><span style=\"font-style: normal;\">Del mondo contadino vi \u00e8 tutto: volti, voci, riti, superstizioni\u2026 ed anche odori e sapori come la ricotta forte o le zucchine alla poverella ricordati da <strong>Andrea Di Cosmo<\/strong> nella sua recensione.<\/span><\/em><\/p>\n<p style=\"text-align: justify;\">\u201cMontanarelli e Vito Domenico Romano si leccavano le labbra: menarono le mani in mezzo alla tavola e strapparono i pezzi del coniglio, dei polletti minuscoli e del pane nero; pigliavano le patate alla cenere condite con l\u2019olio e il sale dalla coppa.\u201d<\/p>\n<p style=\"text-align: justify;\">\u201cE finirono, spazzolarono pure il piatto di melanzane sott\u2019olio che Nicola Giannico appoggi\u00f2 sulla tavola, si passarono tra loro la provola, tagliandola col coltello contro il petto.\u201d<\/p>\n<p style=\"text-align: justify;\">\u201c[\u2026] Donantonio Bosco passava agli altri dei pezzi di pane abbrustoliti, intinti con l\u2019olio o con la ricotta forte che spalmava sopra con l\u2019unghia lunga del mignolo, e nei piatti di latta cuciti sul fondo, la brodaglia di zucchine e pomodori.\u201d [Tratto da <span style=\"font-family: 'Calibri','sans-serif';\"><a href=\"http:\/\/www.cinespresso.com\/2016\/04\/10\/sergente-romano-in-anteprima\/\">http:\/\/www.cinespresso.com\/2016\/04\/10\/sergente-romano-in-anteprima\/<\/a><\/span> a firma di Andrea di Cosmo]<\/p>\n<p style=\"text-align: justify;\"><em><strong><span style=\"font-style: normal;\">Un\u2019opera che possiede \u201cla <\/span><\/strong><\/em><strong>prosa scattante, asciutta\u201d, lo scorrere \u201ccrudo e selvaggio\u201d di un romanzo<\/strong> \u201cche vuol dare voce ai vinti, a quei contadini incapaci di reggere un fucile in mano, che spesso finivano fuori legge quasi senza accorgersene [\u2026]. Il ritratto di un\u2019epoca di transizione che sembra non voler ancora finire.\u201d<\/p>\n<p>&nbsp;<\/p>\n","protected":false},"excerpt":{"rendered":"","protected":false},"author":1,"featured_media":0,"comment_status":"open","ping_status":"closed","sticky":false,"template":"","format":"standard","meta":{"colormag_page_container_layout":"default_layout","colormag_page_sidebar_layout":"default_layout","footnotes":""},"categories":[7],"tags":[],"class_list":["post-53184","post","type-post","status-publish","format-standard","hentry","category-attualita"],"_links":{"self":[{"href":"https:\/\/archiviogioia.lavocedelpaese.info\/index.php?rest_route=\/wp\/v2\/posts\/53184","targetHints":{"allow":["GET"]}}],"collection":[{"href":"https:\/\/archiviogioia.lavocedelpaese.info\/index.php?rest_route=\/wp\/v2\/posts"}],"about":[{"href":"https:\/\/archiviogioia.lavocedelpaese.info\/index.php?rest_route=\/wp\/v2\/types\/post"}],"author":[{"embeddable":true,"href":"https:\/\/archiviogioia.lavocedelpaese.info\/index.php?rest_route=\/wp\/v2\/users\/1"}],"replies":[{"embeddable":true,"href":"https:\/\/archiviogioia.lavocedelpaese.info\/index.php?rest_route=%2Fwp%2Fv2%2Fcomments&post=53184"}],"version-history":[{"count":0,"href":"https:\/\/archiviogioia.lavocedelpaese.info\/index.php?rest_route=\/wp\/v2\/posts\/53184\/revisions"}],"wp:attachment":[{"href":"https:\/\/archiviogioia.lavocedelpaese.info\/index.php?rest_route=%2Fwp%2Fv2%2Fmedia&parent=53184"}],"wp:term":[{"taxonomy":"category","embeddable":true,"href":"https:\/\/archiviogioia.lavocedelpaese.info\/index.php?rest_route=%2Fwp%2Fv2%2Fcategories&post=53184"},{"taxonomy":"post_tag","embeddable":true,"href":"https:\/\/archiviogioia.lavocedelpaese.info\/index.php?rest_route=%2Fwp%2Fv2%2Ftags&post=53184"}],"curies":[{"name":"wp","href":"https:\/\/api.w.org\/{rel}","templated":true}]}}