{"id":53242,"date":"2016-09-08T06:12:22","date_gmt":"2016-09-08T06:12:22","guid":{"rendered":"https:\/\/archiviogioia.lavocedelpaese.info\/?p=53242"},"modified":"2016-09-08T06:12:22","modified_gmt":"2016-09-08T06:12:22","slug":"gdf-cambio-al-vertice-del-comando-provinciale-bari-2","status":"publish","type":"post","link":"https:\/\/archiviogioia.lavocedelpaese.info\/?p=53242","title":{"rendered":"GdF: CAMBIO AL VERTICE DEL COMANDO PROVINCIALE BARI"},"content":{"rendered":"<p><a title=\"cambio gdf comando provinciale bari\" href=\"https:\/\/www.flickr.com\/photos\/91470992@N02\/28918266404\/in\/dateposted-public\/\" data-flickr-embed=\"true\"><img loading=\"lazy\" decoding=\"async\" style=\"display: block; margin-left: auto; margin-right: auto;\" src=\"https:\/\/c5.staticflickr.com\/9\/8094\/28918266404_f687ca718b_z.jpg\" alt=\"cambio gdf comando provinciale bari\" width=\"320\" height=\"240\" \/><\/a><\/p>\n<p><!--more--><\/p>\n<p style=\"margin-right: 3.7pt; text-align: justify;\"><a title=\"cambio gdf comando provinciale bari\" href=\"https:\/\/www.flickr.com\/photos\/91470992@N02\/29509369096\/in\/dateposted-public\/\" data-flickr-embed=\"true\"><img loading=\"lazy\" decoding=\"async\" style=\"margin: 4px; float: left;\" src=\"https:\/\/c1.staticflickr.com\/9\/8256\/29509369096_34f49d41ee.jpg\" alt=\"cambio gdf comando provinciale bari\" width=\"400\" height=\"298\" \/><\/a> <strong><span style=\"color: black; letter-spacing: -0.3pt;\">\u201cAlle ore 11.00 di Gioved\u00ec 08 settembre 2016, in Bari, <\/span><\/strong><span style=\"color: black; letter-spacing: -0.3pt;\">presso la Caserma <\/span><strong>\u201cM.A.V.M. Fin. Luigi Partipilo\u201d<\/strong>,<span style=\"color: black; letter-spacing: -0.3pt;\"> ha avuto luogo, alla presenza del <strong>Comandante Regionale Puglia &#8211; Gen. D. Vito Gianpaolo Augelli <\/strong>e di una folta rappresentanza di militari in servizio, l\u2019avvicendamento nella carica di Comandante Provinciale Guardia di Finanza del capoluogo tra <strong>il Generale di Brigata Vincenzo PAPULI ed il Generale di Brigata Nicola ALTIERO.<\/strong><\/span><\/p>\n<p style=\"text-align: justify;\"><strong><span style=\"color: black; letter-spacing: -0.3pt;\">Il Generale Papuli <\/span><\/strong><span style=\"color: black; letter-spacing: -0.3pt;\">assumer\u00e0 l\u2019incarico di Capo di Stato Maggiore del Comando Interregionale per l\u2019Italia Nord-Orientale di Venezia dopo tre anni di intensa attivit\u00e0 in territorio pugliese <\/span>caratterizzati da un forte impegno nell\u2019azione di contrasto alla criminalit\u00e0 organizzata.<\/p>\n<p style=\"text-align: justify;\"><span style=\"color: black;\">Motivare e coinvolgere le ris<\/span><a title=\"cambio gdf comando provinciale bari\" href=\"https:\/\/www.flickr.com\/photos\/91470992@N02\/29253680000\/in\/dateposted-public\/\" data-flickr-embed=\"true\"><img loading=\"lazy\" decoding=\"async\" style=\"margin: 4px; float: right;\" src=\"https:\/\/c1.staticflickr.com\/9\/8020\/29253680000_e8a7594de4.jpg\" alt=\"cambio gdf comando provinciale bari\" width=\"300\" height=\"396\" \/><\/a><span style=\"color: black;\">orse umane, valorizzando il ruolo istituzionale fra gli attori preposti alla tut<\/span><span style=\"color: black;\">ela della sicurezza economica e finanziaria, sono stati per il <strong>Generale Papuli <\/strong>i presupposti essenziali per consolidare l\u2019immagine delle Fiamme Gialle <\/span><span style=\"color: black;\">al servizio della collettivit\u00e0.<\/span><\/p>\n<p style=\"margin-right: 3.7pt; text-align: justify;\"><span style=\"color: black; letter-spacing: -0.3pt;\">Gli subentra<strong> il Generale Altiero<\/strong>, di origini casertane. Laureato in Giurisprudenza e in Scienze della sicurezza economico-finanziaria \u00e8 specializzato in attivit\u00e0 di verifica fiscale, in indagini bancarie e patrimoniali, in contabilit\u00e0 di bilancio, in organizzazione, gestione e sviluppo delle risorse umane.<\/span><\/p>\n<p style=\"margin-right: 3.7pt; text-align: justify;\"><span style=\"color: black; letter-spacing: -0.3pt;\">Arruolatosi nel Corpo nel 1986, l\u2019Ufficiale proviene dal Comando Generale del Corpo. Ancor prima ha comandato <\/span><span style=\"color: black; letter-spacing: -0.3pt;\">il Nucleo di Polizia Tributaria di Napoli e il Comando Provinciale di Taranto.<\/span><\/p>\n<p style=\"margin-right: 3.7pt; text-align: justify;\"><span style=\"color: black; letter-spacing: -0.3pt;\">La sua vita professionale \u00e8 stata costellata da molteplici incarichi di tipo operativo e di <i>intelligence<\/i>, che gli hanno consentito di maturare preziose esperienze utili per il nuovo impegnativo incarico\u201d.<\/span><\/p>\n<p style=\"text-align: right;\"><span style=\"color: black; letter-spacing: -0.3pt;\">(GdF \u2013 Comando Provinciale Bari)<\/span>&nbsp;<\/p>\n","protected":false},"excerpt":{"rendered":"","protected":false},"author":1,"featured_media":0,"comment_status":"open","ping_status":"closed","sticky":false,"template":"","format":"standard","meta":{"colormag_page_container_layout":"default_layout","colormag_page_sidebar_layout":"default_layout","footnotes":""},"categories":[7],"tags":[],"class_list":["post-53242","post","type-post","status-publish","format-standard","hentry","category-attualita"],"_links":{"self":[{"href":"https:\/\/archiviogioia.lavocedelpaese.info\/index.php?rest_route=\/wp\/v2\/posts\/53242","targetHints":{"allow":["GET"]}}],"collection":[{"href":"https:\/\/archiviogioia.lavocedelpaese.info\/index.php?rest_route=\/wp\/v2\/posts"}],"about":[{"href":"https:\/\/archiviogioia.lavocedelpaese.info\/index.php?rest_route=\/wp\/v2\/types\/post"}],"author":[{"embeddable":true,"href":"https:\/\/archiviogioia.lavocedelpaese.info\/index.php?rest_route=\/wp\/v2\/users\/1"}],"replies":[{"embeddable":true,"href":"https:\/\/archiviogioia.lavocedelpaese.info\/index.php?rest_route=%2Fwp%2Fv2%2Fcomments&post=53242"}],"version-history":[{"count":0,"href":"https:\/\/archiviogioia.lavocedelpaese.info\/index.php?rest_route=\/wp\/v2\/posts\/53242\/revisions"}],"wp:attachment":[{"href":"https:\/\/archiviogioia.lavocedelpaese.info\/index.php?rest_route=%2Fwp%2Fv2%2Fmedia&parent=53242"}],"wp:term":[{"taxonomy":"category","embeddable":true,"href":"https:\/\/archiviogioia.lavocedelpaese.info\/index.php?rest_route=%2Fwp%2Fv2%2Fcategories&post=53242"},{"taxonomy":"post_tag","embeddable":true,"href":"https:\/\/archiviogioia.lavocedelpaese.info\/index.php?rest_route=%2Fwp%2Fv2%2Ftags&post=53242"}],"curies":[{"name":"wp","href":"https:\/\/api.w.org\/{rel}","templated":true}]}}