{"id":53247,"date":"2016-09-08T23:43:36","date_gmt":"2016-09-08T23:43:36","guid":{"rendered":"https:\/\/archiviogioia.lavocedelpaese.info\/?p=53247"},"modified":"2016-09-08T23:43:36","modified_gmt":"2016-09-08T23:43:36","slug":"allerta-meteo-maltempo-con-nubifragi-e-temporali-video-2","status":"publish","type":"post","link":"https:\/\/archiviogioia.lavocedelpaese.info\/?p=53247","title":{"rendered":"ALLERTA METEO. MALTEMPO CON NUBIFRAGI E TEMPORALI-video"},"content":{"rendered":"<p><a title=\"allerta-maltempo-ciclone-mediterraneo-0709016.png\" href=\"https:\/\/www.flickr.com\/photos\/91470992@N02\/29553379425\/in\/dateposted-public\/\" data-flickr-embed=\"true\"><img loading=\"lazy\" decoding=\"async\" style=\"display: block; margin-left: auto; margin-right: auto;\" src=\"https:\/\/c2.staticflickr.com\/9\/8455\/29553379425_4b710f1234_z.jpg\" alt=\"allerta-maltempo-ciclone-mediterraneo-0709016.png\" width=\"320\" height=\"240\" \/><\/a><\/p>\n<p><!--more--><\/p>\n<p style=\"text-align: justify;\"><a title=\"italybig\" href=\"https:\/\/www.flickr.com\/photos\/91470992@N02\/29263405400\/in\/dateposted-public\/\" data-flickr-embed=\"true\"><img loading=\"lazy\" decoding=\"async\" style=\"margin: 4px; float: left;\" src=\"https:\/\/c1.staticflickr.com\/9\/8444\/29263405400_ee24107f8a.jpg\" alt=\"italybig\" width=\"400\" height=\"433\" \/><\/a>\u201cIn queste ore il ciclone Morgana continua ad insistere sulle nostre regioni centrali e meridionali, portando piogge e temporali, anche di forte intensit\u00e0.<\/p>\n<p style=\"text-align: justify;\"><strong>FORTE MALTEMPO<\/strong> &#8211; Con questo articolo vogliono illustrare a tutti i lettori la particolare configurazione che andr\u00e0 a crearsi nel corso delle prossime ore tra <strong>Puglia<\/strong>, <strong>Molise<\/strong> e entroterra campano.<\/p>\n<p style=\"text-align: justify;\"><strong>NUBIFRAGI E TEMPORALI &#8211; <\/strong>Una circolazione depressionaria,il ciclone Morgana, \u00e8 attiva sulle nostre regioni centrali e meridionali: nella giornata di <strong>Mercoled\u00ec 7 Settembre<\/strong> i venti si disporranno da Nord-Est ruotando attorno al minimo depressionario, causando le condizioni ideali per la formazione di fenomeni temporaleschi particolarmente forti e persistenti.<\/p>\n<p style=\"text-align: justify;\"><strong>ALLERTA TRA MOLISE, PUGLIA, ENTROTERRA CAMPANO <\/strong>&#8211; Massima attenzione dunque tra la costa Abruzzese, il Molise, la Puglia settentrionale e l&#8217;entroterra Campano: gli accumuli di pioggia potrebbero arrivare a toccare e localmente anche superare i 50 mm in poche ore. I fenomeni pi\u00f9 intensi dovrebbero esaurirsi entro la serata, tuttavia il ciclone Morgana continuer\u00e0 a portare condizioni di tempo instabile su queste regioni almeno fino alla giornata di Venerd\u00ec.<\/p>\n<p style=\"text-align: justify;\">Piogge e temporali insisteranno al Centro-Sud almeno fino a Domenica 11\u201d.<\/p>\n<p><iframe loading=\"lazy\" src=\"http:\/\/www.ilmeteo.it\/videom\/embed_oggi_autoplay\" width=\"640\" height=\"400\" allowfullscreen=\"allowfullscreen\" mozallowfullscreen=\"true\" webkitallowfullscreen=\"true\"><\/iframe><\/p>\n","protected":false},"excerpt":{"rendered":"","protected":false},"author":1,"featured_media":0,"comment_status":"open","ping_status":"closed","sticky":false,"template":"","format":"standard","meta":{"colormag_page_container_layout":"default_layout","colormag_page_sidebar_layout":"default_layout","footnotes":""},"categories":[8],"tags":[],"class_list":["post-53247","post","type-post","status-publish","format-standard","hentry","category-cronaca"],"_links":{"self":[{"href":"https:\/\/archiviogioia.lavocedelpaese.info\/index.php?rest_route=\/wp\/v2\/posts\/53247","targetHints":{"allow":["GET"]}}],"collection":[{"href":"https:\/\/archiviogioia.lavocedelpaese.info\/index.php?rest_route=\/wp\/v2\/posts"}],"about":[{"href":"https:\/\/archiviogioia.lavocedelpaese.info\/index.php?rest_route=\/wp\/v2\/types\/post"}],"author":[{"embeddable":true,"href":"https:\/\/archiviogioia.lavocedelpaese.info\/index.php?rest_route=\/wp\/v2\/users\/1"}],"replies":[{"embeddable":true,"href":"https:\/\/archiviogioia.lavocedelpaese.info\/index.php?rest_route=%2Fwp%2Fv2%2Fcomments&post=53247"}],"version-history":[{"count":0,"href":"https:\/\/archiviogioia.lavocedelpaese.info\/index.php?rest_route=\/wp\/v2\/posts\/53247\/revisions"}],"wp:attachment":[{"href":"https:\/\/archiviogioia.lavocedelpaese.info\/index.php?rest_route=%2Fwp%2Fv2%2Fmedia&parent=53247"}],"wp:term":[{"taxonomy":"category","embeddable":true,"href":"https:\/\/archiviogioia.lavocedelpaese.info\/index.php?rest_route=%2Fwp%2Fv2%2Fcategories&post=53247"},{"taxonomy":"post_tag","embeddable":true,"href":"https:\/\/archiviogioia.lavocedelpaese.info\/index.php?rest_route=%2Fwp%2Fv2%2Ftags&post=53247"}],"curies":[{"name":"wp","href":"https:\/\/api.w.org\/{rel}","templated":true}]}}