{"id":53264,"date":"2016-09-14T09:58:32","date_gmt":"2016-09-14T09:58:32","guid":{"rendered":"https:\/\/archiviogioia.lavocedelpaese.info\/?p=53264"},"modified":"2016-09-14T09:58:32","modified_gmt":"2016-09-14T09:58:32","slug":"con-frammenti-dallimperatore-rivive-il-centro-storico-foto","status":"publish","type":"post","link":"https:\/\/archiviogioia.lavocedelpaese.info\/?p=53264","title":{"rendered":"\u201cFRAMMENTI DALL\u2019IMPERATORE\u201d. RIVIVE IL CENTRO STORICO-foto"},"content":{"rendered":"<p><a title=\"Frammenti: &quot;Le porte dell'imperatore&quot;\" href=\"https:\/\/www.flickr.com\/photos\/91470992@N02\/29566034412\/in\/album-72157670573464263\/\" data-flickr-embed=\"true\"><img loading=\"lazy\" decoding=\"async\" style=\"display: block; margin-left: auto; margin-right: auto;\" src=\"https:\/\/c5.staticflickr.com\/9\/8205\/29566034412_478d6a7401_z.jpg\" alt=\"Frammenti: &quot;Le porte dell'imperatore&quot;\" width=\"320\" height=\"240\" \/><\/a><\/p>\n<p><!--more--><\/p>\n<p style=\"text-align: justify;\"><a title=\"Frammenti: &quot;Le porte dell'imperatore&quot;\" href=\"https:\/\/www.flickr.com\/photos\/91470992@N02\/29566056112\/in\/album-72157670573464263\/\" data-flickr-embed=\"true\"><img loading=\"lazy\" decoding=\"async\" style=\"margin: 4px; float: left;\" src=\"https:\/\/c1.staticflickr.com\/9\/8179\/29566056112_977acef92f_z.jpg\" alt=\"Frammenti: &quot;Le porte dell'imperatore&quot;\" width=\"400\" height=\"267\" \/><\/a> Giunto alla terza edizione, <strong>l\u2019evento \u201cLe porte dell\u2019Imperatore\u201d ha confermato l\u2019importante ruolo dell\u2019arte e dell\u2019associazionismo per rivitalizzare il centro storico<\/strong>. Il nuovo progetto artistico dal titolo \u201c<strong>Frammenti dall\u2019Imperatore<\/strong>\u201d,&nbsp;ha fondamentalmente integrato &nbsp;le due edizioni passate attraverso sia l\u2019esecuzione dal vivo di disegni e dipinti da parte di giovani e artisti importanti del territorio sia nell\u2019obiettivo di arricchire il centro storico di opere d\u2019arte sul tema federiciano.<\/p>\n<p style=\"text-align: justify;\">Ancora una volta l\u2019Associazione Artensione, sotto la sapiente guida di <strong>Mario Pugliese<\/strong>, <strong>ha avuto la capacit\u00e0 di chiamare a raccolta<\/strong>, cos\u00ec come avvenuto&nbsp; per il progetto \u201cLe Porte dell\u2019Imperatore\u201d, <strong>gli artisti del territorio&nbsp; di Gioia del Colle<\/strong>, &nbsp;i quali&nbsp; hanno dato prova di bravura e creativit\u00e0, di grande generosit\u00e0 e forte legame col territorio.<\/p>\n<p style=\"text-align: justify;\">L\u2019evento \u201c<strong>Framm<\/strong><a title=\"Frammenti: &quot;Le porte dell'imperatore&quot;\" href=\"https:\/\/www.flickr.com\/photos\/91470992@N02\/29566070502\/in\/album-72157670573464263\/\" data-flickr-embed=\"true\"><img loading=\"lazy\" decoding=\"async\" style=\"margin: 4px; float: right;\" src=\"https:\/\/c7.staticflickr.com\/9\/8709\/29566070502_0ebc7930d3_z.jpg\" alt=\"Frammenti: &quot;Le porte dell'imperatore&quot;\" width=\"400\" height=\"300\" \/><\/a><strong>enti dall\u2019Imperatore<\/strong>\u201d, cos\u00ec come sostiene Mario Pugliese, \u00e8 stato organizzato come un \u201c<strong>laboratorio artistico all\u2019aperto<\/strong>\u201d ovvero &nbsp;una sorta di Festa dell\u2019Arte nella quale musica, pittura, creazioni orafe, scoperta di spazi restituiti alla modernit\u00e0 attraverso pazienti lavori di restauro (MuR BiAnCo) lasceranno un segno importante nel futuro.<\/p>\n<p style=\"text-align: justify;\">E\u2019 opinione condivisa che il centro storico in ogni comunit\u00e0 non \u00e8 un quartiere come un altro, ma il luogo in cui la presenza di beni culturali, monumentali ed artistici, testimoni della storia e delle origini di una citt\u00e0, concorrono a renderlo sia luogo dell\u2019appartenenza che simbolo dell\u2019identit\u00e0.<\/p>\n<p style=\"text-align: justify;\"><strong>L\u2019Associazione Artensione persegue la sua lenta campagna di sensibilizzazione alla valorizzazione del centro storico<\/strong> attraverso interventi artistici di decoro urbano affinch\u00e9 esso &nbsp;possa diventare un luogo attrattivo e animato:&nbsp;il cuore pulsante del&nbsp; <a title=\"Frammenti: &quot;Le porte dell'imperatore&quot;\" href=\"https:\/\/www.flickr.com\/photos\/91470992@N02\/29566096012\/in\/album-72157670573464263\/\" data-flickr-embed=\"true\"><img loading=\"lazy\" decoding=\"async\" style=\"margin: 4px; float: left;\" src=\"https:\/\/c5.staticflickr.com\/9\/8539\/29566096012_f4ed5fff89_z.jpg\" alt=\"Frammenti: &quot;Le porte dell'imperatore&quot;\" width=\"400\" height=\"300\" \/><\/a>territorio. Osservare l\u2019animazione del centro storico durante l\u2019evento \u201cLe porte dell\u2019Imperatore\u201d &nbsp;impone una &nbsp;profonda riflessione sul ruolo che il centro e il settore del commercio possano &nbsp;svolgere nel processo di valorizzazione dell&#8217;area. Sar\u00e0 possibile il recupero del nostro centro&nbsp; storico e la sua rivitalizzazione grazie ad un approccio&nbsp; basato in primo luogo sulla realizzazione di&nbsp; interventi di decoro urbano e&nbsp; riqualificazione per garantirne&nbsp;la conservazione? Saranno realizzabili interventi dinamici e propositivi che individuino come&nbsp; punti di forza una serie di&nbsp; attivit\u00e0 economiche, sociali, culturali esistenti o da avviare?&nbsp;Vanno previste, comunque, significative iniziative per questa rivitalizzazione ad iniziare dalla defiscalizzazioni per gli immobili destinati ad attivit\u00e0 commerciali e artigianali con riferimento all\u2019IMU che alla TARI.<\/p>\n<p style=\"margin-right: -0.05pt; text-align: justify;\">I lavori sia in esp<a title=\"Frammenti: &quot;Le porte dell'imperatore&quot;\" href=\"https:\/\/www.flickr.com\/photos\/91470992@N02\/29566101072\/in\/album-72157670573464263\/\" data-flickr-embed=\"true\"><img loading=\"lazy\" decoding=\"async\" style=\"margin: 4px; float: right;\" src=\"https:\/\/c1.staticflickr.com\/9\/8311\/29566101072_651fcd1e7d_z.jpg\" alt=\"Frammenti: &quot;Le porte dell'imperatore&quot;\" width=\"400\" height=\"300\" \/><\/a>osizione sia in corso di realizzazione di <strong>Mario Pugliese, Sergio Gatti,&nbsp;Antonella Lozito, Pompeo Colacicco, Michele Angelillo,&nbsp;Mimmo M<\/strong><strong>ilano, Maria Teresa Romano, Gino Donvito, Sandro Indellicati, Gianni Roppo,<\/strong><strong> Lidia Stasi, Francesca Quatraro, Mariangela Farella, Andrea Gatti, Laura Galante, Antonio Milano, Antonio D\u2019Aprile, Sheila Linzalata, Ettore Basciano, Deborah Angelillo, Mimmo Cantore, Vitantonio Fusco che ha realizzato la locandina dell\u2019evento, Alessa<\/strong><strong>ndro Galatola, Mario Verrastro, Aurora Pugliese, Fabio Catucci, Gioacchino Grassi e Chiara Tota<\/strong>.<\/p>\n<p style=\"margin-right: -0.05pt; text-align: justify;\">Tra i fotografi d\u2019arte che hanno reso ancor pi\u00f9 suggestivo il centro storico, <strong>Graziano Milano<\/strong> con \u201cSerenissima\u201d e <strong>Mimmo Cantore<\/strong> con \u201cFedericiana\u201d. In esposizione anche alcuni scorci del centro storico a firma del M\u00b0 Raffaele Van Westerhout.<a title=\"Frammenti: &quot;Le porte dell'imperatore&quot;\" href=\"https:\/\/www.flickr.com\/photos\/91470992@N02\/29566046162\/in\/album-72157670573464263\/\" data-flickr-embed=\"true\"><img loading=\"lazy\" decoding=\"async\" style=\"margin: 4px; float: left;\" src=\"https:\/\/c3.staticflickr.com\/9\/8363\/29566046162_3aa3e25610_z.jpg\" alt=\"Frammenti: &quot;Le porte dell'imperatore&quot;\" width=\"400\" height=\"267\" \/><\/a><\/p>\n<p style=\"margin-right: -0.05pt; text-align: justify;\">Un plauso anche ai musicisti <strong>Mariolino Losit<\/strong><strong>o<\/strong>, che con chitarra acustica ha \u201cmusicato\u201d la creazione del dipinto di Gino Donvito, <strong>Dario La Magna<\/strong> nell\u2019Arco di Costantinopoli alla chitarra sulle basi del suo Cd, ed il chitarrista <strong>Gabriele Mastropasqua<\/strong>. <strong>Marco <\/strong><strong>Elab<\/strong><strong>and<\/strong> si \u00e8 esibito nell\u2019arco Mastrocinto, <strong>Roberto Re David<\/strong> al pianoforte nei locali di Muro Bianco di <strong>Clelia Stasi<\/strong>, che ha accolto in mostra le opere di Mario Pugliese, ed infine nel clou della serata il concerto del pianista gioiese <strong>Eugenio Macchia<\/strong>, che ha suonato sul sagrato di Sant\u2019Andrea.<\/p>\n<p style=\"text-align: justify;\">&nbsp;Diversi laboratori in corso di svolgimento nel borgo federiciano fra Arco Mastrocinto, Arco Nardulli e Arco di Costantinopoli fino al Castello hanno confermato che la vitalit\u00e0 del centro storico potrebbe essere strettamente legata alla creazione <a title=\"Frammenti: &quot;Le porte dell'imperatore&quot;\" href=\"https:\/\/www.flickr.com\/photos\/91470992@N02\/29641696326\/in\/album-72157670573464263\/\" data-flickr-embed=\"true\"><img loading=\"lazy\" decoding=\"async\" style=\"margin: 4px; float: right;\" src=\"https:\/\/c7.staticflickr.com\/9\/8339\/29641696326_6ccf07cbef.jpg\" alt=\"Frammenti: &quot;Le porte dell'imperatore&quot;\" width=\"400\" height=\"300\" \/><\/a>di botteghe artigianali ma anche ad attivit\u00e0 riferite al commercio al minuto. Elementi fondamentali &nbsp;per la \u2018rinascita\u2019 del centro storico sono da individuare nella chiusura al traffico e nella creazione di una isola pedonale, soluzioni adottate da gran parte delle pubbliche amministrazioni in Italia e in Europa, elementi che consentono una migliore fruizione e ed un aumento dell\u2019attrattivit\u00e0 dell\u2019area con il conseguente sviluppo di attivit\u00e0 turistiche.<\/p>\n<p style=\"text-align: justify;\">Alla luce di felici esperienze in territori con diversi da Gioia del Colle <strong>il nostro centro storico potrebbe essere attrattivo e attraente<\/strong> grazie all\u2019integrazione delle due funzioni: \u201cshopping\u201d e \u201cleisure\u201d, vere e proprie motivazioni di scelta del \u2018consumatore\u2019.&nbsp;<\/p>\n<p style=\"text-align: justify;\">Il nostro centro storico , infatti, \u00e8 gi\u00e0 un contesto favorevole in termini di \u201cleisure\u201d per la sua piacevolezza, ambientazi<a title=\"Frammenti: &quot;Le porte dell'imperatore&quot;\" href=\"https:\/\/www.flickr.com\/photos\/91470992@N02\/29566105722\/in\/album-72157670573464263\/\" data-flickr-embed=\"true\"><img loading=\"lazy\" decoding=\"async\" style=\"margin: 4px; float: left;\" src=\"https:\/\/c3.staticflickr.com\/9\/8831\/29566105722_ba697519fb.jpg\" alt=\"Frammenti: &quot;Le porte dell'imperatore&quot;\" width=\"400\" height=\"300\" \/><\/a>one, arredo, le edizioni de \u201cLe Porte dell\u2019Imperatore\u201d lo hanno reso particolarmente interessante. <strong>Andrebbe promossa &nbsp;la<\/strong><strong> creazion<\/strong><strong>e di un\u2019area dotata al suo interno sia di punti vendita specializzati<\/strong> e con elevato livello di servizio (ad es.: pasticcerie, negozi di vestiario e calzature specializzati, etc.), <strong>sia di luoghi per soddisfare i bisogni del tempo libero<\/strong> (ristoranti, bar, etc.) con wi-fi libero.<\/p>\n<p style=\"margin-right: -0.05pt; text-align: justify;\">Come ha ampiamente dimostrato l\u2019edizione&nbsp; de \u201cLe porte dell\u2019Imperatore\u201d 2016 , una edizione che non ha ricevuto contributi provinciali, <strong>patrocinata e sostenuta dal Comune con 1000,00 euro<\/strong> e sorretta&nbsp; dalla determinazione, orgoglio e voglia tenace di lasciare un segno nel futuro da parte dei nostri \u2018maestri di bellezza\u2019, la vera sfida per la valorizzazione e la fruibilit\u00e0 del centro storico parte dalla volont\u00e0 di&nbsp;rinnovare il senso appartenenza alla citt\u00e0 ed il rispetto delle tracce di storia presenti nel territorio insieme ad una grande energia e capacit\u00e0 di favorire la cultura dello \u201cstare insieme\u201d. [foto <strong>Fabio Guliersi, Graziano Milano, Domenico Donvito, Mimmo Castellaneta<\/strong>]<\/p>\n<p>\n<object data=\"https:\/\/www.flickr.com\/apps\/slideshow\/show.swf?v=261948265\" type=\"application\/x-shockwave-flash\" width=\"660\" height=\"495\"><param name=\"flashvars\" value=\"offsite=true&amp;lang=it-it&amp;page_show_url=%2Fphotos%2F91470992%40N02%2Fsets%2F72157670573464263%2Fshow%2F&amp;page_show_back_url=%2Fphotos%2F91470992%40N02%2Fsets%2F72157670573464263%2F&amp;set_id=72157670573464263&amp;jump_to=\" \/><param name=\"movie\" value=\"https:\/\/www.flickr.com\/apps\/slideshow\/show.swf?v=261948265\" \/><param name=\"allowFullScreen\" value=\"true\" \/><\/object><\/p>\n","protected":false},"excerpt":{"rendered":"","protected":false},"author":1,"featured_media":0,"comment_status":"open","ping_status":"closed","sticky":false,"template":"","format":"standard","meta":{"colormag_page_container_layout":"default_layout","colormag_page_sidebar_layout":"default_layout","footnotes":""},"categories":[7],"tags":[],"class_list":["post-53264","post","type-post","status-publish","format-standard","hentry","category-attualita"],"_links":{"self":[{"href":"https:\/\/archiviogioia.lavocedelpaese.info\/index.php?rest_route=\/wp\/v2\/posts\/53264","targetHints":{"allow":["GET"]}}],"collection":[{"href":"https:\/\/archiviogioia.lavocedelpaese.info\/index.php?rest_route=\/wp\/v2\/posts"}],"about":[{"href":"https:\/\/archiviogioia.lavocedelpaese.info\/index.php?rest_route=\/wp\/v2\/types\/post"}],"author":[{"embeddable":true,"href":"https:\/\/archiviogioia.lavocedelpaese.info\/index.php?rest_route=\/wp\/v2\/users\/1"}],"replies":[{"embeddable":true,"href":"https:\/\/archiviogioia.lavocedelpaese.info\/index.php?rest_route=%2Fwp%2Fv2%2Fcomments&post=53264"}],"version-history":[{"count":0,"href":"https:\/\/archiviogioia.lavocedelpaese.info\/index.php?rest_route=\/wp\/v2\/posts\/53264\/revisions"}],"wp:attachment":[{"href":"https:\/\/archiviogioia.lavocedelpaese.info\/index.php?rest_route=%2Fwp%2Fv2%2Fmedia&parent=53264"}],"wp:term":[{"taxonomy":"category","embeddable":true,"href":"https:\/\/archiviogioia.lavocedelpaese.info\/index.php?rest_route=%2Fwp%2Fv2%2Fcategories&post=53264"},{"taxonomy":"post_tag","embeddable":true,"href":"https:\/\/archiviogioia.lavocedelpaese.info\/index.php?rest_route=%2Fwp%2Fv2%2Ftags&post=53264"}],"curies":[{"name":"wp","href":"https:\/\/api.w.org\/{rel}","templated":true}]}}