{"id":53323,"date":"2016-09-21T00:15:15","date_gmt":"2016-09-21T00:15:15","guid":{"rendered":"https:\/\/archiviogioia.lavocedelpaese.info\/?p=53323"},"modified":"2016-09-21T00:15:15","modified_gmt":"2016-09-21T00:15:15","slug":"universita-tasse-folli-famiglie-e-studenti-salassati","status":"publish","type":"post","link":"https:\/\/archiviogioia.lavocedelpaese.info\/?p=53323","title":{"rendered":"UNIVERSIT\u00c0. TASSE \u201cFOLLI\u201d. FAMIGLIE E STUDENTI SALASSATI"},"content":{"rendered":"<p><a title=\"tasse universit\u00e0 protesta studenti\" href=\"https:\/\/www.flickr.com\/photos\/91470992@N02\/29741506801\/in\/dateposted-public\/\" data-flickr-embed=\"true\"><img loading=\"lazy\" decoding=\"async\" style=\"display: block; margin-left: auto; margin-right: auto;\" src=\"https:\/\/c2.staticflickr.com\/9\/8094\/29741506801_eb6ee9efce_o.jpg\" alt=\"tasse universit\u00e0 protesta studenti\" width=\"320\" height=\"240\" \/><\/a><\/p>\n<p><!--more--><\/p>\n<p style=\"margin-bottom: 0.0001pt; line-height: normal; text-align: justify;\"><a title=\"tasse universit\u00e0 protesta studenti\" href=\"https:\/\/www.flickr.com\/photos\/91470992@N02\/29741506411\/in\/dateposted-public\/\" data-flickr-embed=\"true\"><img loading=\"lazy\" decoding=\"async\" style=\"margin: 5px; float: left;\" src=\"https:\/\/c4.staticflickr.com\/9\/8295\/29741506411_0c160eebcf.jpg\" alt=\"tasse universit\u00e0 protesta studenti\" width=\"400\" height=\"270\" \/><\/a> \u201cVoglio essere sincera con il lettore fin da subito: questo inserto va letto quale semplice sfogo, <strong>informare \u00e8 anche<\/strong> questo: <strong>condividere delle perplessit\u00e0<\/strong> e stimolare riflessioni.<\/p>\n<p style=\"margin-bottom: 0.0001pt; text-align: justify; line-height: normal;\">Ebbene s\u00ec, perch\u00e9 molti forse non sono al corrente dei disagi che noi studenti universitari e le nostre famiglie subiamo per una <strong>tassazione iniqua, ingiusta, estremamente alta<\/strong> ed oggi anche \u201cravvicinata\u201d per beghe e problemi nei sistemi operativi ed amministrativi dell\u2019universit\u00e0.<\/p>\n<p style=\"margin-bottom: 0.0001pt; text-align: justify; line-height: normal;\"><strong>In questi giorni dell&#8217;Universit\u00e0 di Bari si parla e tanto<\/strong>, e non in termini positivi! Non per gli esami pagati, o le lauree comprate, o per le aule indecenti, o per i professori che non si presentano agli appelli o i relatori che ti mandano in direzione NeverLand ogni volta che cerchi il loro aiuto per la tesi\u2026 Questa volta nonostante le grandi offerte che l&#8217;Universit\u00e0 propone ai suoi studenti (e credo di averne elencate gi\u00e0 qualcuna) il 13 settembre, a cavallo con l&#8217;inizio dell&#8217;anno accademico 2016\/2017, gli <a title=\"tasse proteste studenti universitari\" href=\"https:\/\/www.flickr.com\/photos\/91470992@N02\/29531994750\/in\/dateposted-public\/\" data-flickr-embed=\"true\"><img loading=\"lazy\" decoding=\"async\" style=\"margin: 4px; float: right;\" src=\"https:\/\/c7.staticflickr.com\/9\/8453\/29531994750_a176137923.jpg\" alt=\"tasse proteste studenti universitari\" width=\"400\" height=\"226\" \/><\/a>studenti ricevono come regalo la cifra da pagare della SECONDA tassa dell&#8217;anno 2015\/2016.<\/p>\n<p style=\"margin-bottom: 0.0001pt; line-height: normal; text-align: justify;\">Per chi non lo sapesse, infatti, <strong>gli studenti pagano tre rate durante l&#8217;anno a<\/strong><strong>ccadem<\/strong><strong>ico<\/strong>: una ad inizio anno, una verso aprile e una verso giugno. Quelli elencati, ovviamente, sono mesi indicativi perch\u00e9 un ritardo c&#8217;\u00e8 sempre stato e sempre ci sar\u00e0. Ma quest&#8217;anno \u00e8 andata in modo un po&#8217; diverso dal solito, <strong>la seconda rata inspiegabilmente non \u00e8 stata inviat<\/strong><strong>a<\/strong> e nessuno dell\u2019Universit\u00e0 sapeva dar risposte.<\/p>\n<p style=\"margin-bottom: 0.0001pt; line-height: normal; text-align: justify;\">Fino ad aprile\/maggio il problema era il software che proprio non voleva funzionare, da giugno in poi c&#8217;era &#8220;un&#8217;amministrazione non imputabile all&#8217;Universit\u00e0&#8221;. Mannaggia! Ma veniamo al punto: quasi tutti gli studenti scoprono, con sorpresa, che <strong>la tassa \u00e8 la pi\u00f9 alta di TUTTE<\/strong> (comprese anche quelle private) <strong>le Univer<\/strong><a title=\"tasse universit\u00e0 protesta studenti\" href=\"https:\/\/www.flickr.com\/photos\/91470992@N02\/29741506711\/in\/dateposted-public\/\" data-flickr-embed=\"true\"><img loading=\"lazy\" decoding=\"async\" style=\"margin: 5px; float: left;\" src=\"https:\/\/c8.staticflickr.com\/9\/8542\/29741506711_86ff2295dc.jpg\" alt=\"tasse universit\u00e0 protesta studenti\" width=\"400\" height=\"300\" \/><\/a><strong>sit\u00e0 Italiane<\/strong>. Perch\u00e9 <strong>solo la seconda<\/strong> (deve ancora essere emessa la terza) <strong>varia da 1000 a 1400 \u20ac.<\/strong> Non per tutti, per fortuna, ci sono anche alcuni miracolati che pagano intorno ai soli 200-300 \u20ac. Ma facciamo un passo indietro. La seconda tassa si calcolava sulla base del proprio reddito ISEE dell&#8217;anno precedente, che in questo caso era a rigor di logica il 2014. Ora fatemi capire: o siamo tutti ricchissimi e la crisi ha colpito solo lo 0,01% della popolazione barese o c&#8217;\u00e8 stato un evidente errore. Errore imputabile a chi? Le risposte che la segreteria offre sono quindi: &#8220;Non hai dichiarato l&#8217;ISEE, paga&#8221; e fin qui, tutto giusto. L&#8217;errore \u00e8 tuo. Oppure &#8220;Sei alla seconda laurea, paga di nuovo&#8221;. Anche qui tutto giusto, \u00e8 la legge che lo impone. L&#8217;errore \u00e8 tuo. E allora qual \u00e8 il problema? Il problema \u00e8 <strong>l&#8217;aumento di un prezzo, del tutto eccessivo, da pagare in un tempo ristretto<\/strong> (sole due settimane) tenendo presente che a breve sar\u00e0 richiesta (forse!) la terza tassa e l&#8217;imminente iscrizione al nuovo anno.<\/p>\n<p style=\"margin-bottom: 0.0001pt; text-align: justify; line-height: normal;\">E allora, da figlia, immagino <strong>qu<\/strong><strong>elle famiglie che in questi due anni hanno perso un lavoro o che vivono con 1100 \u20ac al mese. In soli 15 giorni riusciranno a trovare i soldi<\/strong> necessari per pagare le tasse e possibilmen<a title=\"universita-di-bari\" href=\"https:\/\/www.flickr.com\/photos\/91470992@N02\/22116739959\/in\/photolist-zGo5fK\" data-flickr-embed=\"true\"><img loading=\"lazy\" decoding=\"async\" style=\"margin: 5px; float: right;\" src=\"https:\/\/c8.staticflickr.com\/1\/718\/22116739959_20d8d485bc.jpg\" alt=\"universita-di-bari\" width=\"400\" height=\"300\" \/><\/a>te continuare a vivere? A questa domanda risponde il Rettore che ha subito capito il problema e sta concedendo una proroga. Ma non per tutti!<\/p>\n<p style=\"margin-bottom: 0.0001pt; text-align: justify; line-height: normal;\">Laureati e Laureandi sono infatti esclusi&#8230; perch\u00e9 evidentemente loro avranno i genitori ricchi o si suppone che non dovranno versare ulteriori gabelle.<\/p>\n<p style=\"margin-bottom: 0.0001pt; text-align: justify; line-height: normal;\">E io che pensavo che sarebbe stato pi\u00f9 costoso il mio matrimonio! <strong>Il mio sfogo sar\u00e0 inutile<\/strong>, le mie parole vane. <strong>Perch\u00e9 nessuno potr\u00e0 cambiare la situazione, nessuno cercher\u00e0 la soluzione<\/strong>. Io, semplicemente <strong>credevo che lo studio fosse un DIRITTO, non un lusso<\/strong> da pagarsi con un MUTUO. A quanto pare lo Stato ci vuole ignoranti. Ed \u00e8 questo ci\u00f2 che non accetto. Io voglio conoscere. Voglio lavorare. Voglio sapere. E la Scuola, l&#8217;Universit\u00e0 deve darmi la possibilit\u00e0 di farlo. E la deve dare a tutti, non solo all&#8217;\u00e8lite di figli di pap\u00e0 che pu\u00f2 permettersi il Canone Uniba. <strong>E questo non riguarda solo la citt\u00e0 di Bari<\/strong>. Molte famiglie di Gioia hanno ricevuto questo simpatico dono\u2026 e non tutte sanno come porre rimedio. Vi ho annoiato o forse indignato\u2026 ma questo \u00e8 il dramma che tanti studenti e tante famiglie stanno vivendo in questi giorni\u201d.<\/p>\n<p style=\"margin-bottom: 0.0001pt; text-align: right; line-height: normal;\" align=\"right\"><strong>Una studentessa come tante altre<\/strong><\/p>\n<p>&nbsp;<\/p>\n","protected":false},"excerpt":{"rendered":"","protected":false},"author":1,"featured_media":0,"comment_status":"open","ping_status":"closed","sticky":false,"template":"","format":"standard","meta":{"colormag_page_container_layout":"default_layout","colormag_page_sidebar_layout":"default_layout","footnotes":""},"categories":[8],"tags":[],"class_list":["post-53323","post","type-post","status-publish","format-standard","hentry","category-cronaca"],"_links":{"self":[{"href":"https:\/\/archiviogioia.lavocedelpaese.info\/index.php?rest_route=\/wp\/v2\/posts\/53323","targetHints":{"allow":["GET"]}}],"collection":[{"href":"https:\/\/archiviogioia.lavocedelpaese.info\/index.php?rest_route=\/wp\/v2\/posts"}],"about":[{"href":"https:\/\/archiviogioia.lavocedelpaese.info\/index.php?rest_route=\/wp\/v2\/types\/post"}],"author":[{"embeddable":true,"href":"https:\/\/archiviogioia.lavocedelpaese.info\/index.php?rest_route=\/wp\/v2\/users\/1"}],"replies":[{"embeddable":true,"href":"https:\/\/archiviogioia.lavocedelpaese.info\/index.php?rest_route=%2Fwp%2Fv2%2Fcomments&post=53323"}],"version-history":[{"count":0,"href":"https:\/\/archiviogioia.lavocedelpaese.info\/index.php?rest_route=\/wp\/v2\/posts\/53323\/revisions"}],"wp:attachment":[{"href":"https:\/\/archiviogioia.lavocedelpaese.info\/index.php?rest_route=%2Fwp%2Fv2%2Fmedia&parent=53323"}],"wp:term":[{"taxonomy":"category","embeddable":true,"href":"https:\/\/archiviogioia.lavocedelpaese.info\/index.php?rest_route=%2Fwp%2Fv2%2Fcategories&post=53323"},{"taxonomy":"post_tag","embeddable":true,"href":"https:\/\/archiviogioia.lavocedelpaese.info\/index.php?rest_route=%2Fwp%2Fv2%2Ftags&post=53323"}],"curies":[{"name":"wp","href":"https:\/\/api.w.org\/{rel}","templated":true}]}}