{"id":53328,"date":"2016-09-19T08:31:54","date_gmt":"2016-09-19T08:31:54","guid":{"rendered":"https:\/\/archiviogioia.lavocedelpaese.info\/?p=53328"},"modified":"2016-09-19T08:31:54","modified_gmt":"2016-09-19T08:31:54","slug":"marmo-piano-sanitario-pacco-da-prendere-e-portare-a-casa-2","status":"publish","type":"post","link":"https:\/\/archiviogioia.lavocedelpaese.info\/?p=53328","title":{"rendered":"MARMO. \u201cPIANO SANITARIO. PACCO DA PRENDERE E PORTARE A CASA&#8221;"},"content":{"rendered":"<p><a title=\"emiliano-puglia\" href=\"https:\/\/www.flickr.com\/photos\/91470992@N02\/29495949550\/in\/dateposted-public\/\" data-flickr-embed=\"true\"><img loading=\"lazy\" decoding=\"async\" style=\"display: block; margin-left: auto; margin-right: auto;\" src=\"https:\/\/c7.staticflickr.com\/9\/8435\/29495949550_acbbf9e8fb_z.jpg\" alt=\"emiliano-puglia\" width=\"320\" height=\"240\" \/><\/a><\/p>\n<p><!--more--><\/p>\n<p style=\"text-align: justify;\"><a title=\"emiliano e sanit\u00e0\" href=\"https:\/\/www.flickr.com\/photos\/91470992@N02\/29675773602\/in\/dateposted-public\/\" data-flickr-embed=\"true\"><img loading=\"lazy\" decoding=\"async\" style=\"margin: 4px; float: right;\" src=\"https:\/\/c3.staticflickr.com\/9\/8034\/29675773602_14d3a70bd8_z.jpg\" alt=\"emiliano e sanit\u00e0\" width=\"400\" height=\"266\" \/><\/a> <strong>In merito alla discussione sul nuovo Piano di Riordino Sanitario<\/strong>, prevista in sede di Commissione Sanit\u00e0 Regionale indetta per oggi, luned\u00ec 19 settembre, <strong>provvediamo a pubblicare la dichiarazione del Consigliere regionale di Forza Italia, Nino Marmo<\/strong>, esposta a margine della riunione, <strong>che non lascia alcun dubbio<\/strong>, ma solo ulteriori conferme, <strong>su come<\/strong> la Giunta regionale presieduta da <strong>Michele Emiliano<\/strong>, <strong>provveda a gestire questo problema, della sanit\u00e0, mai risolto<\/strong>, nonostante le solite promesse, che continua a <strong>penalizzare oltre misura<\/strong> <strong>i pazienti pugliesi in generale e gioiesi in particolare<\/strong>.<\/p>\n<p style=\"text-align: justify;\">&#8212;&#8212;&#8212;&#8212;&#8212;&#8211;<a title=\"nino-marmo\" href=\"https:\/\/www.flickr.com\/photos\/91470992@N02\/29788491405\/in\/dateposted-public\/\" data-flickr-embed=\"true\"><img loading=\"lazy\" decoding=\"async\" style=\"margin: 4px; float: left;\" src=\"https:\/\/c6.staticflickr.com\/8\/7667\/29788491405_ef297384a5.jpg\" alt=\"nino-marmo\" width=\"400\" height=\"288\" \/><\/a>&#8212;&#8212;&#8212;&#8212;&#8211;<\/p>\n<p style=\"text-align: justify;\">\u201cDopo un lungo percorso ad ostacoli ed una ripetuta danza della data di convocazione, con una serie infinita di rinvii, la Commissione Sanit\u00e0 \u00e8 tornata a riunirsi apparentemente per discutere di emendamenti al Piano di Riordino Sanitario ma sostanzialmente per \u2018prendere e portare a casa\u2019 il pacco confezionato con cura dal tandem Emiliano-Gorgoni. Per intenderci: si convoca la Commissione per un attivit\u00e0 di riscontro ad emendamenti presentati nei primi giorni dello scorso mese di Aprile, ma, di grazia, a quale scopo? Se esiste gi\u00e0 una valutazione da parte del Ministero della Salute sulle due delibere di giunta in materia di riordino che senso ha valutare oggi degli emendamenti \u2018datati\u2019? E\u2019 forse in grado la Regione Puglia di sottoporsi a un nuovo iter modificando le delibere in conseguenza dell\u2019accettazione di alcuni emendamenti? Credo proprio di no! Allora che senso ha questo esame, tardivo e superato, degli emendamenti di Aprile? Avremmo dovuto provvedervi prima, riapprovare in Consiglio la delibera di Riordino (una e buona!) e tutti insieme sostenerla in sede ministeriale. Ma c\u2019\u00e8 anche un secondo nodo che merita di essere affrontato. E mi riferisco ad una sorta di ormai palese insofferenza nei confronti dei membri della Commissione Sanit\u00e0 che avrebbero avuto il sacrosanto diritto (come recita lo Statuto!) di ricevere tutta la documentazione richiesta, anche quella relativa a provvedimenti in itinere. Documentazione che nei fatti \u00e8 stata invece ripetutamente negata, meglio dire secretata dal Governo regionale. <br \/> Tutto ci\u00f2 significa inequivocabilmente che i Consiglieri regionali e le Commissioni sono percepiti dal Governo e dalla sua struttura come un inutile orpello, appendici \u2018vocianti\u2019 ma senza alcun ruolo o valenza. Quando invece \u00e8 risaputo che in materia di Pianificazione la competenza sovrana risiede appunto nel Consiglio regionale!. In buona sostanza anche oggi abbiamo assistito ad una pantomima del Governo per salvare la faccia e fingere un minimo di condivisione: in realt\u00e0 il Piano di (dis)Ordine Sanitario \u00e8 fatto, scontenta tutti e sar\u00e0 pagato dai cittadini pugliesi!\u201d.<\/p>\n<p style=\"text-align: right;\" align=\"right\"><strong>Ufficio Stampa Regione Puglia<\/strong><\/p>\n<p>&nbsp;<\/p>\n","protected":false},"excerpt":{"rendered":"","protected":false},"author":1,"featured_media":0,"comment_status":"open","ping_status":"closed","sticky":false,"template":"","format":"standard","meta":{"colormag_page_container_layout":"default_layout","colormag_page_sidebar_layout":"default_layout","footnotes":""},"categories":[4],"tags":[],"class_list":["post-53328","post","type-post","status-publish","format-standard","hentry","category-politica"],"_links":{"self":[{"href":"https:\/\/archiviogioia.lavocedelpaese.info\/index.php?rest_route=\/wp\/v2\/posts\/53328","targetHints":{"allow":["GET"]}}],"collection":[{"href":"https:\/\/archiviogioia.lavocedelpaese.info\/index.php?rest_route=\/wp\/v2\/posts"}],"about":[{"href":"https:\/\/archiviogioia.lavocedelpaese.info\/index.php?rest_route=\/wp\/v2\/types\/post"}],"author":[{"embeddable":true,"href":"https:\/\/archiviogioia.lavocedelpaese.info\/index.php?rest_route=\/wp\/v2\/users\/1"}],"replies":[{"embeddable":true,"href":"https:\/\/archiviogioia.lavocedelpaese.info\/index.php?rest_route=%2Fwp%2Fv2%2Fcomments&post=53328"}],"version-history":[{"count":0,"href":"https:\/\/archiviogioia.lavocedelpaese.info\/index.php?rest_route=\/wp\/v2\/posts\/53328\/revisions"}],"wp:attachment":[{"href":"https:\/\/archiviogioia.lavocedelpaese.info\/index.php?rest_route=%2Fwp%2Fv2%2Fmedia&parent=53328"}],"wp:term":[{"taxonomy":"category","embeddable":true,"href":"https:\/\/archiviogioia.lavocedelpaese.info\/index.php?rest_route=%2Fwp%2Fv2%2Fcategories&post=53328"},{"taxonomy":"post_tag","embeddable":true,"href":"https:\/\/archiviogioia.lavocedelpaese.info\/index.php?rest_route=%2Fwp%2Fv2%2Ftags&post=53328"}],"curies":[{"name":"wp","href":"https:\/\/api.w.org\/{rel}","templated":true}]}}