{"id":53368,"date":"2016-09-24T10:00:15","date_gmt":"2016-09-24T10:00:15","guid":{"rendered":"https:\/\/archiviogioia.lavocedelpaese.info\/?p=53368"},"modified":"2016-09-24T10:00:15","modified_gmt":"2016-09-24T10:00:15","slug":"muccia-tenera-commedia-sulla-precarieta-del-lavoro","status":"publish","type":"post","link":"https:\/\/archiviogioia.lavocedelpaese.info\/?p=53368","title":{"rendered":"\u201cMUCCIA\u201d. TENERA COMMEDIA SULLA PRECARIET\u00c0 DEL LAVORO"},"content":{"rendered":"<p><a title=\"muccia\" href=\"https:\/\/www.flickr.com\/photos\/91470992@N02\/29276808563\/in\/dateposted-public\/\" data-flickr-embed=\"true\"><img loading=\"lazy\" decoding=\"async\" style=\"display: block; margin-left: auto; margin-right: auto;\" src=\"https:\/\/c4.staticflickr.com\/9\/8510\/29276808563_84262bc870_o.jpg\" alt=\"muccia\" width=\"320\" height=\"240\" \/><\/a><\/p>\n<p><!--more--><\/p>\n<p style=\"background: white none repeat scroll 0% 0%; text-align: justify;\"><a title=\"milano-arte-expo-teatro-muccia1\" href=\"https:\/\/www.flickr.com\/photos\/91470992@N02\/29903238725\/in\/dateposted-public\/\" data-flickr-embed=\"true\"><img loading=\"lazy\" decoding=\"async\" style=\"margin: 5px; float: left;\" src=\"https:\/\/c6.staticflickr.com\/9\/8290\/29903238725_2ea2d02fa1_z.jpg\" alt=\"milano-arte-expo-teatro-muccia1\" width=\"400\" height=\"515\" \/><\/a><span style=\"color: #222222;\">\u201cCrisi economica e precariet\u00e0 del lavoro sono al centro di <strong>\u201cMuccia\u201d<\/strong>, una commedia che racconta la storia di un ragazzo del Sud, attraverso una serie di istantanee intrise di umorismo e atmosfere grottesche.<\/span><\/p>\n<p style=\"background: white none repeat scroll 0% 0%; vertical-align: baseline; text-align: justify;\"><span style=\"color: #222222;\">L\u2019evento, in scena domenica 25 settembre alle ore 21 nel Palazzo Marchesale, si terr\u00e0 nel corso della <strong>Festa contadina<\/strong>, organizzata a Santeramo in Colle nell\u2019ambito della rassegna <strong>La Bella Stagione<\/strong>.<\/span><\/p>\n<p style=\"background: white none repeat scroll 0% 0%; vertical-align: baseline; text-align: justify;\"><span style=\"color: #222222;\">Muccia porta in scena il classico bonaccione, alle prese con un lavoro precario, che un po&#8217; per comodit\u00e0 e un po&#8217; per mentalit\u00e0, decide di rimanere nella propria terra d\u2019origine, a casa con la mamma fino a tarda et\u00e0. Tutti in paese fanno le valigie e partono per Milano, dove c&#8217;\u00e8 vita, sogni, libert\u00e0, nuovi orizzonti. Anche sua sorella decide di andare al Nord, lasciando madre e fratello da soli. Con i pochi soldi che guadagna, Muccia si compra la felicit\u00e0 quotidiana: un pezzo di focaccia e un momento d\u2019amore con una prostituta, fino all\u2019attimo in cui inizia a prendere coscienza di verit\u00e0 delicate e malinconiche.<\/span><\/p>\n<p style=\"background: white none repeat scroll 0% 0%; vertical-align: baseline; text-align: justify;\"><span style=\"color: #222222;\">Nella messa in scena di <strong>Michele Bia<\/strong> tutto \u00e8 essenziale e calibrato, dal testo alla regia. Sul palcoscenico, l\u2019attore <strong>Franco Ferrante<\/strong>, che<\/span><span> <span style=\"color: #222222;\">interpreta nel suo barese doc non un semplice personaggio, ma un reale disagio condiviso.<\/span><\/span><\/p>\n<p style=\"background: white none repeat scroll 0% 0%; vertical-align: baseline; text-align: justify;\"><strong><span style=\"color: #222222;\">Info e prenotazioni <\/span><\/strong><span style=\"color: #222222;\">al numero 3385239828<\/span><span> &#8211; <span style=\"color: #222222;\">Direttore artistico: <strong>Michele Bia<\/strong> 3333447838 &#8211; <\/span><strong>Carmela Moretti<\/strong><span> 3884939245\u201d.<\/span><\/span><\/p>\n<p style=\"text-align: right; background: white none repeat scroll 0% 0%; vertical-align: baseline;\" align=\"right\"><strong><span>Ufficio stampa Bella Stagione<\/span><\/strong><\/p>\n<p>&nbsp;<\/p>\n","protected":false},"excerpt":{"rendered":"","protected":false},"author":1,"featured_media":0,"comment_status":"open","ping_status":"closed","sticky":false,"template":"","format":"standard","meta":{"colormag_page_container_layout":"default_layout","colormag_page_sidebar_layout":"default_layout","footnotes":""},"categories":[7],"tags":[],"class_list":["post-53368","post","type-post","status-publish","format-standard","hentry","category-attualita"],"_links":{"self":[{"href":"https:\/\/archiviogioia.lavocedelpaese.info\/index.php?rest_route=\/wp\/v2\/posts\/53368","targetHints":{"allow":["GET"]}}],"collection":[{"href":"https:\/\/archiviogioia.lavocedelpaese.info\/index.php?rest_route=\/wp\/v2\/posts"}],"about":[{"href":"https:\/\/archiviogioia.lavocedelpaese.info\/index.php?rest_route=\/wp\/v2\/types\/post"}],"author":[{"embeddable":true,"href":"https:\/\/archiviogioia.lavocedelpaese.info\/index.php?rest_route=\/wp\/v2\/users\/1"}],"replies":[{"embeddable":true,"href":"https:\/\/archiviogioia.lavocedelpaese.info\/index.php?rest_route=%2Fwp%2Fv2%2Fcomments&post=53368"}],"version-history":[{"count":0,"href":"https:\/\/archiviogioia.lavocedelpaese.info\/index.php?rest_route=\/wp\/v2\/posts\/53368\/revisions"}],"wp:attachment":[{"href":"https:\/\/archiviogioia.lavocedelpaese.info\/index.php?rest_route=%2Fwp%2Fv2%2Fmedia&parent=53368"}],"wp:term":[{"taxonomy":"category","embeddable":true,"href":"https:\/\/archiviogioia.lavocedelpaese.info\/index.php?rest_route=%2Fwp%2Fv2%2Fcategories&post=53368"},{"taxonomy":"post_tag","embeddable":true,"href":"https:\/\/archiviogioia.lavocedelpaese.info\/index.php?rest_route=%2Fwp%2Fv2%2Ftags&post=53368"}],"curies":[{"name":"wp","href":"https:\/\/api.w.org\/{rel}","templated":true}]}}