{"id":53382,"date":"2016-09-24T08:07:47","date_gmt":"2016-09-24T08:07:47","guid":{"rendered":"https:\/\/archiviogioia.lavocedelpaese.info\/?p=53382"},"modified":"2016-09-24T08:07:47","modified_gmt":"2016-09-24T08:07:47","slug":"chiamami-donna-spettacolo-di-moda-musica-e-glamour-2","status":"publish","type":"post","link":"https:\/\/archiviogioia.lavocedelpaese.info\/?p=53382","title":{"rendered":"\u201cCHIAMAMI DONNA\u201d. SPETTACOLO DI MODA, MUSICA E GLAMOUR"},"content":{"rendered":"<p><a title=\"chiamami donna\" href=\"https:\/\/www.flickr.com\/photos\/91470992@N02\/29608443470\/in\/dateposted-public\/\" data-flickr-embed=\"true\"><img loading=\"lazy\" decoding=\"async\" style=\"display: block; margin-left: auto; margin-right: auto;\" src=\"https:\/\/c7.staticflickr.com\/9\/8216\/29608443470_8b3da3d422_z.jpg\" alt=\"chiamami donna\" width=\"320\" height=\"240\" \/><\/a><\/p>\n<p><!--more--><\/p>\n<p style=\"text-align: justify;\"><a title=\"sfilata di moda chiamami donna\" href=\"https:\/\/www.flickr.com\/photos\/91470992@N02\/29602446780\/in\/dateposted-public\/\" data-flickr-embed=\"true\"><img loading=\"lazy\" decoding=\"async\" style=\"margin: 4px; float: left;\" src=\"https:\/\/c5.staticflickr.com\/9\/8190\/29602446780_5380dc80b2_o.jpg\" alt=\"sfilata di moda chiamami donna\" width=\"400\" height=\"571\" \/><\/a>\u201cChiamami donna\u201d, questo il titolo dello spettacolo di moda, musica e glamour che si terr\u00e0 domenica, 25 settembre alle 20.30 in Piazza Plebiscito. Lo organizza l\u2019associazione \u201cBisbiglii dell&#8217;anima\u201d con il coordinamento di <strong>Barbara Baldari<\/strong>. Obiettivo: accentrare l&#8217;attenzione sulla donna a 360\u00b0, cogliendone la bellezza, la forza, la determinazione ma anche la dolcezza e la creativit\u00e0.<\/p>\n<p style=\"text-align: justify;\">Lo stesso titolo \u201cChiamami Donna\u201d \u00e8 particolarmente evocativo. Racchiude infatti l\u2019orgoglio di essere \u201cDonna\u201d in tempi in cui non \u00e8 facile crearsi un proprio spazio e si \u00e8 costrette a dover dimostrare chi si \u00e8 e cosa si sa fare, e non solo nei momenti di confronto con il \u201csesso forte\u201d, ma anche e soprattutto nel quotidiano, in famiglia, in quei contesti in cui storicamente la donna opera.<\/p>\n<p style=\"text-align: justify;\">\u201cL\u2019intento \u00e8 sottolineare quanto la figura della donna sia diventata importante nello scenario lavorativo. Infatti oggi sono numerose le donne che svolgono il ruolo di imprenditrici e che addirittura sostengono la famiglia. Il tutto condito da tanta leggerezza!\u201d<\/p>\n<p style=\"text-align: justify;\">Sostengono questo progetto spettacolare da co-protagonisti l\u2019Associazione musico-culturale \u201cLa Fenice\u201d di <strong>Paolo D\u2019Ascanio<\/strong> con il <strong>M\u00b0 Francesco D&#8217;Onghia<\/strong>, l\u2019Accademia Danza all\u2019Opera del M\u00b0 <strong>Nicola Sasanelli<\/strong>, l&#8217;artista <strong>Pompeo Colacicco<\/strong>, e gli artisti del body painting, l&#8217;atelier Nartist con <strong>Angela Antonicelli<\/strong>, l&#8217;Istituto \u201cColamonaco\u201d di Acquaviva con le sue giovani stiliste che accederanno ad un piccolo concorso con premio, l&#8217;Accademia di estetica<strong> Estelite<\/strong> di Bari che curer\u00e0 il make up delle modelle e delle ospiti della serata, un team di parrucchieri diretto dall&#8217;azienda <strong>Artego<\/strong> per le acconciature e la fiorista <strong>Flowers 2000<\/strong> di <strong>Francesca De Michele<\/strong> che curer\u00e0 l&#8217;abbellimento del palco.<\/p>\n<p style=\"text-align: justify;\">Curer\u00e0 la scenografia <strong>Mimmo Milano<\/strong> che nel corso della serata riserver\u00e0 al pubblico una sorpresa, con i maestri <strong>Mario Pugliese<\/strong> e <strong>Sergio Gatti<\/strong>.<\/p>\n<p style=\"text-align: justify;\">L\u2019evento godr\u00e0 del patrocinio comunale. Sponsor ufficiali: Marchetti Auto, Oleificio Mancino e Gallo Prefabbricati.<\/p>\n<p>&nbsp;<\/p>\n","protected":false},"excerpt":{"rendered":"","protected":false},"author":1,"featured_media":0,"comment_status":"open","ping_status":"closed","sticky":false,"template":"","format":"standard","meta":{"colormag_page_container_layout":"default_layout","colormag_page_sidebar_layout":"default_layout","footnotes":""},"categories":[7],"tags":[],"class_list":["post-53382","post","type-post","status-publish","format-standard","hentry","category-attualita"],"_links":{"self":[{"href":"https:\/\/archiviogioia.lavocedelpaese.info\/index.php?rest_route=\/wp\/v2\/posts\/53382","targetHints":{"allow":["GET"]}}],"collection":[{"href":"https:\/\/archiviogioia.lavocedelpaese.info\/index.php?rest_route=\/wp\/v2\/posts"}],"about":[{"href":"https:\/\/archiviogioia.lavocedelpaese.info\/index.php?rest_route=\/wp\/v2\/types\/post"}],"author":[{"embeddable":true,"href":"https:\/\/archiviogioia.lavocedelpaese.info\/index.php?rest_route=\/wp\/v2\/users\/1"}],"replies":[{"embeddable":true,"href":"https:\/\/archiviogioia.lavocedelpaese.info\/index.php?rest_route=%2Fwp%2Fv2%2Fcomments&post=53382"}],"version-history":[{"count":0,"href":"https:\/\/archiviogioia.lavocedelpaese.info\/index.php?rest_route=\/wp\/v2\/posts\/53382\/revisions"}],"wp:attachment":[{"href":"https:\/\/archiviogioia.lavocedelpaese.info\/index.php?rest_route=%2Fwp%2Fv2%2Fmedia&parent=53382"}],"wp:term":[{"taxonomy":"category","embeddable":true,"href":"https:\/\/archiviogioia.lavocedelpaese.info\/index.php?rest_route=%2Fwp%2Fv2%2Fcategories&post=53382"},{"taxonomy":"post_tag","embeddable":true,"href":"https:\/\/archiviogioia.lavocedelpaese.info\/index.php?rest_route=%2Fwp%2Fv2%2Ftags&post=53382"}],"curies":[{"name":"wp","href":"https:\/\/api.w.org\/{rel}","templated":true}]}}