{"id":53539,"date":"2016-10-13T13:28:39","date_gmt":"2016-10-13T13:28:39","guid":{"rendered":"https:\/\/archiviogioia.lavocedelpaese.info\/?p=53539"},"modified":"2016-10-13T13:28:39","modified_gmt":"2016-10-13T13:28:39","slug":"lettere-licenziamento-alla-natuzzi-feneal-uil-e-crisi","status":"publish","type":"post","link":"https:\/\/archiviogioia.lavocedelpaese.info\/?p=53539","title":{"rendered":"LETTERE LICENZIAMENTO ALLA NATUZZI. FENEAL UIL: \u201c\u00c8 CRISI\u201d"},"content":{"rendered":"<p><a title=\"natuzzi presidente\" href=\"https:\/\/www.flickr.com\/photos\/91470992@N02\/17412727698\/in\/photolist-Da5nMS-CSwD6q-Dcnfb2-Da5uds-DcnfG2-Da5sE7-DjDq2V-DhkaHo-Dhk8Vf-DhkgeU-CL9CAg-CnfYCR-Dcn9gB-CL9D9F-DjDvZ6-Cn8N4u-Cn8NKu-Da5v8U-Cn8NUC-CSwHf7-DcngdH-DjDv48-Cn8NC5-DjDuTZ-D5fnQF-CvKkke-CC8oiu-BUstDB-BUrVZV-BtuQXa-AnWBCL-AnWsxR-swGMi5-sowWFf-s5ngng-s6h58s-skzuuy-s4xcH8-qRf9rm-qTxaCH-pWKVHv-pWKVPc-q1sBVR-qfAkQy-orvcR4-orvcHZ-opx82U-o8fJoj-qH9DXM-LGvqXk\" data-flickr-embed=\"true\"><img loading=\"lazy\" decoding=\"async\" style=\"display: block; margin-left: auto; margin-right: auto;\" src=\"https:\/\/c3.staticflickr.com\/8\/7737\/17412727698_8bcef50c1c_z.jpg\" alt=\"natuzzi presidente\" width=\"320\" height=\"240\" \/><\/a><\/p>\n<p><!--more--><\/p>\n<p style=\"text-align: justify;\"><a title=\"licenziamenti natuzzi\" href=\"https:\/\/www.flickr.com\/photos\/91470992@N02\/28714911774\/in\/photolist-KKrqRL-KKrqJG-KKrqWL-KKrrnA-KKrr5G-KdXiYu-KMM5jc-KEWHKV-JDcZMB-KwMcSj-KwMc6u-KwMcwE-KwMchw-JDcZVn-JDcZEn-JDd15k-KsH2YP-KmDRN9-KxChCo-KtyhNF-KaoE4U-KmiZrN-K5CnXs-Jzk1sK-JzceMN-KmirtQ-KvHnWR-He8WM9-J3Ded2-J77hcb-HehzGK-J3Deep-He8WFY-F7u7hD-FTzZ47-FZsiHq-FBCJbu-FXif3Z-ERSLwv-EyNrz2-FwmXza-FbEz1U-Fk3WNU-EHACpG-DN2NJS-DMnM6U-EeuQSB-DF1sct-DgLnVo-EcaVjy\" data-flickr-embed=\"true\"><img loading=\"lazy\" decoding=\"async\" style=\"margin: 4px; float: left;\" src=\"https:\/\/c7.staticflickr.com\/9\/8261\/28714911774_ab96e6662f.jpg\" alt=\"licenziamenti natuzzi\" width=\"350\" height=\"404\" \/><\/a>\u201c<strong>Le bugie sono come i nodi: prima o poi vengono al pettine<\/strong>. Oggi sono rimasti definitivamente impigliati i nodi della Natuzzi\u201d: \u00e8 l\u2019amaro commento a caldo del segretario generale della Feneal Uil Puglia, <strong>Salvatore Bevilacqua<\/strong>, al termine della riunione della Cabina di Regia sulla vertenza Natuzzi, tenutasi questa mattina al Ministero dello Sviluppo Economico, a Roma.<\/p>\n<p style=\"text-align: justify;\">\u201cL\u2019unico fatto nuovo \u2013 spiega Bevilacqua \u2013 \u00e8 che abbiamo avuto la \u2018sorpresa\u2019 delle <strong>lettere di licenziamento gi\u00e0 partite<\/strong>, a dimostrazione che non c\u2019era alcuna voglia di trovare una bench\u00e9 minima soluzione. Del resto a nulla \u00e8 servita la disponibilit\u00e0 mostrata dalle Istituzioni: la Regione Puglia e la Regione Basilicata hanno ribadito la volont\u00e0 di proporre un prolungamento al 31 dicembre degli ammortizzatori sociali, con la cassa integrazione in deroga; il <strong>sottosegretario Bellanova<\/strong> ha spiegato che il Governo \u00e8 disponibile a concedere ulteriori possibilit\u00e0 in tema di ammortizzatori sociali con ampia autonomia da parte delle Regioni interessate e per aziende che vivono questo tipo di situazioni. Ma <strong>non c\u2019\u00e8 stato nulla da fare<\/strong>\u201d.<\/p>\n<p style=\"text-align: justify;\">Bevilacqua spiega anche che la Regione Puglia, tramite <strong>Leo Caroli<\/strong>, <strong>ha chiesto all\u2019azienda \u201cun serio piano industriale<\/strong> che possa prevedere nel tempo il reintegro di quanti non abbiano voluto accettare gli incentivi per andare via volontariamente\u201d.<\/p>\n<p style=\"text-align: justify;\">\u201cNoi \u2013 prosegue il segretario Uil \u2013 come sindacati, abbiamo chiarito che <strong>da domani saranno messe in atto nuove forme di lotta<\/strong> ed ovviamente non riconosciamo pi\u00f9 la parte di accordo che avevano concluso perch\u00e9 faceva parte di <strong>un pacchetto complessivo che non esiste pi\u00f9<\/strong>. Ai lavoratori sar\u00e0 inoltre garantita l\u2019assistenza da parte di un pool di avvocati. Certo \u00e8 che per anni <strong>il patron Natuzzi<\/strong> <strong>ha parlato<\/strong> della sua azienda come di una famiglia e <strong>dei suoi lavoratori come di figli<\/strong>. <strong>Da domenica ne lascia per strada oltre trecento<\/strong>. Se questa \u00e8 una famiglia\u2026\u201d.<\/p>\n<p style=\"text-align: right;\" align=\"right\"><strong>Ufficio Stampa <span>Feneal Uil<\/span><\/strong><\/p>\n<p>&nbsp;<\/p>\n","protected":false},"excerpt":{"rendered":"","protected":false},"author":1,"featured_media":0,"comment_status":"open","ping_status":"closed","sticky":false,"template":"","format":"standard","meta":{"colormag_page_container_layout":"default_layout","colormag_page_sidebar_layout":"default_layout","footnotes":""},"categories":[8],"tags":[],"class_list":["post-53539","post","type-post","status-publish","format-standard","hentry","category-cronaca"],"_links":{"self":[{"href":"https:\/\/archiviogioia.lavocedelpaese.info\/index.php?rest_route=\/wp\/v2\/posts\/53539","targetHints":{"allow":["GET"]}}],"collection":[{"href":"https:\/\/archiviogioia.lavocedelpaese.info\/index.php?rest_route=\/wp\/v2\/posts"}],"about":[{"href":"https:\/\/archiviogioia.lavocedelpaese.info\/index.php?rest_route=\/wp\/v2\/types\/post"}],"author":[{"embeddable":true,"href":"https:\/\/archiviogioia.lavocedelpaese.info\/index.php?rest_route=\/wp\/v2\/users\/1"}],"replies":[{"embeddable":true,"href":"https:\/\/archiviogioia.lavocedelpaese.info\/index.php?rest_route=%2Fwp%2Fv2%2Fcomments&post=53539"}],"version-history":[{"count":0,"href":"https:\/\/archiviogioia.lavocedelpaese.info\/index.php?rest_route=\/wp\/v2\/posts\/53539\/revisions"}],"wp:attachment":[{"href":"https:\/\/archiviogioia.lavocedelpaese.info\/index.php?rest_route=%2Fwp%2Fv2%2Fmedia&parent=53539"}],"wp:term":[{"taxonomy":"category","embeddable":true,"href":"https:\/\/archiviogioia.lavocedelpaese.info\/index.php?rest_route=%2Fwp%2Fv2%2Fcategories&post=53539"},{"taxonomy":"post_tag","embeddable":true,"href":"https:\/\/archiviogioia.lavocedelpaese.info\/index.php?rest_route=%2Fwp%2Fv2%2Ftags&post=53539"}],"curies":[{"name":"wp","href":"https:\/\/api.w.org\/{rel}","templated":true}]}}