{"id":53678,"date":"2016-10-26T07:10:31","date_gmt":"2016-10-26T07:10:31","guid":{"rendered":"https:\/\/archiviogioia.lavocedelpaese.info\/?p=53678"},"modified":"2016-10-26T07:10:31","modified_gmt":"2016-10-26T07:10:31","slug":"con-orazio-svelto-il-fascino-del-laser-torna-a-sedurre-2","status":"publish","type":"post","link":"https:\/\/archiviogioia.lavocedelpaese.info\/?p=53678","title":{"rendered":"CON ORAZIO SVELTO IL FASCINO DEL LASER TORNA A SEDURRE"},"content":{"rendered":"<p><a title=\"Laser\" href=\"https:\/\/www.flickr.com\/photos\/91470992@N02\/29949620433\/in\/dateposted-public\/\" data-flickr-embed=\"true\"><img loading=\"lazy\" decoding=\"async\" style=\"display: block; margin-left: auto; margin-right: auto;\" src=\"https:\/\/c2.staticflickr.com\/6\/5618\/29949620433_bae7e06cbe_o.jpg\" alt=\"Laser\" width=\"320\" height=\"240\" \/><\/a><\/p>\n<p><!--more--><\/p>\n<p style=\"text-align: justify;\"><strong>Sabato, 29 ot<\/strong><a title=\"orazio svelto\" href=\"https:\/\/www.flickr.com\/photos\/91470992@N02\/30546874396\/in\/dateposted-public\/\" data-flickr-embed=\"true\"><img loading=\"lazy\" decoding=\"async\" style=\"margin: 4px; float: left;\" src=\"https:\/\/c5.staticflickr.com\/9\/8641\/30546874396_6eecf22bd5.jpg\" alt=\"orazio svelto\" width=\"400\" height=\"281\" \/><\/a><strong>tobre<\/strong>, alle ore 18.00 avr\u00e0 luogo, presso l\u2019Auditorium del Liceo Scientifico \u201cR. Canudo\u201d, <strong>l\u2019incontro con<\/strong> prof. ing. <strong>Orazio Svelto<\/strong>, professore emerito del politecnico di Milano, che presenter\u00e0 il libro \u201c<strong>Il Fascino sottile del Laser<\/strong>\u201d, Di Rienzo editore.<\/p>\n<p style=\"text-align: justify;\">Il 5 marzo del 2010 nell\u2019ambito del \u201c<strong><span style=\"font-weight: normal;\">Progetto \u2018Scuola e territorio\u2019 a.s. 2009-10<\/span><\/strong>\u201d fu il Liceo Classico \u201cP. Virgilio Marone\u201d ad ospitarlo nell\u2019Aula Magna che lo vide studente.<\/p>\n<p style=\"text-align: justify;\"><strong>L&#8217;incontro<\/strong> <strong>patrocinato dal Circolo Unione di Gioia del Colle<\/strong>, dall&#8217;Istituto d&#8217;Istruzione &#8220;R. Canudo&#8221; e dal Comune di Gioia del Colle, <strong>\u00e8 aperto a tutti<\/strong>.<\/p>\n<p style=\"text-align: justify;\"><span>Ricordiamo brevemente il percorso del <strong>professor Svelto, orgoglio di Gioia<\/strong>.&nbsp;<\/span><\/p>\n<p style=\"text-align: justify;\"><strong><span style=\"font-weight: normal;\">Nel \u201cVirgilio\u201d appena diciottenne<\/span><\/strong>, (nato il 21 febbraio del 1936 era\u2026 \u201canticipatario\u201d) lo scienziato che in tanti sospettano \u201c<strong><span style=\"font-weight: normal;\">in odore di Nobel<\/span><\/strong>\u201d, consegue la maturit\u00e0 con il massimo dei voti, conquistando un meritatissimo \u201c10\u201d in Matematica e Fisica ed il plauso del commissario esterno, il professor <strong><span style=\"font-weight: normal;\">Pucci<\/span><\/strong>, docente di matematica dell\u2019Universit\u00e0 di Bari.<a title=\"orazio svelto\" href=\"https:\/\/www.flickr.com\/photos\/91470992@N02\/30583109455\/in\/dateposted-public\/\" data-flickr-embed=\"true\"><img loading=\"lazy\" decoding=\"async\" style=\"margin: 4px; float: right;\" src=\"https:\/\/c8.staticflickr.com\/6\/5478\/30583109455_73f75cfd2d_o.jpg\" alt=\"orazio svelto\" width=\"250\" height=\"322\" \/><\/a><\/p>\n<p style=\"text-align: justify;\"><strong><span style=\"font-weight: normal;\">In quegli anni Orazio riveste il ruolo<\/span><\/strong> di capitano di pallavolo nei tornei d\u2019Istituto del Liceo e corre agonisticamente i 100 metri, conquistando successi anche in ambito sportivo. Grazie alla borsa di studio \u201cCelso Carni\u201d, frequenter\u00e0 i primi cinque anni di studio presso il Politecnico di Milano senza pesare sul bilancio familiare e sar\u00e0 il pi\u00f9 giovane studente a laurearsi e specializzarsi in <strong><span style=\"font-weight: normal;\">Ingegneria Nucleare<\/span><\/strong>. Ma \u00e8 l\u2019elettronica ad affascinarlo ed \u00e8 in questa direzione che volger\u00e0 i suoi studi, conquistando l\u2019ennesima borsa di studio &#8211; questa volta del CNR &#8211; grazie alla quale nel 1961 approder\u00e0 all&#8217;<strong><span style=\"font-weight: normal;\">Universit\u00e0 di Stanford, in California<\/span><\/strong>, per approfondire le ricerche sul Laser.<\/p>\n<p style=\"text-align: justify;\"><strong><span style=\"font-weight: normal;\">Nel \u201963 rinuncer\u00e0 alle promettenti lusinghe \u201camericane\u201d<\/span><\/strong> e rientrer\u00e0 in Italia, non vuole che la sua patria \u201cperda il treno della ricerca\u201d pur consapevole di dover affrontare un percorso \u201cin salita\u201d. <strong><span style=\"font-weight: normal;\">Docente di Elettronica Quantistica<\/span><\/strong> presso il Politecnico milanese, diriger\u00e0 per oltre 25 anni il Centro di Elettronica Quantistica e Strumentazione Elettronica, istituito dal CNR per svolgere ricerche sul Laser.<\/p>\n<p style=\"text-align: justify;\"><strong><span style=\"font-weight: normal;\">La sua carriera sfida in luminosit\u00e0 la luce del Laser<\/span><\/strong> di cui \u00e8 divenuto \u201cPrincipe\u201d. Con oltre 60 comunicazioni su invito a congressi internazionali e pi\u00f9 di 200 lavori pubblicati su prestigiose riviste internazionali nei settori dei Laser, dell\u2019Elettronica Quantistica e della Fotonica, conquista il titolo di \u201cPrincipe del Laser\u201d, di cui svela ogni segreto: generazione di impulsi di luce laser ad atto-secondi, femto-secondi, applicazioni dei Laser in medicina e biologia, generazione di fasci Laser con prestazioni di divergenza al limite del teorico, invenzione e sviluppo di un<a title=\"libro orazio svelto laser\" href=\"https:\/\/www.flickr.com\/photos\/91470992@N02\/30547432686\/in\/dateposted-public\/\" data-flickr-embed=\"true\"><img loading=\"lazy\" decoding=\"async\" style=\"margin: 4px; float: left;\" src=\"https:\/\/c7.staticflickr.com\/6\/5570\/30547432686_038e8aa6f2.jpg\" alt=\"libro orazio svelto laser\" width=\"350\" height=\"524\" \/><\/a> nuovo tipo di Laser a Erbio-Itterbio per comunicazioni ottiche e per fotonica.<\/p>\n<p><strong><span style=\"font-weight: normal;\">E\u2019 autore del libro P<\/span><\/strong><strong><span style=\"font-weight: normal;\">rinciples of Lasers<\/span><\/strong>, pubblicato dalla Plenum Press di New York, tradotto in lingua russa, cinese, greca, araba a farsi; l\u2019edizione inglese \u00e8 adottata come testo per corsi sulle scienze Laser in circa 50 universit\u00e0 di tutto il mondo.<\/p>\n<p style=\"text-align: justify;\"><strong><span style=\"font-weight: normal;\">E\u2019 presidente del comitato scientifico<\/span><\/strong> del IX International Quantum Electronics Conference (Amsterdam,1976), del comitato scientifico europeo dei due congressi Conference on Lasers and Electrooptics-CLEO \u201885 e CLEO \u201890 (Baltimora, USA, 1985 e 1990), presidente generale del congresso CLEO-Europe \u201894 (Amsterdam, 1994) ed \u00e8 uno dei fondatori della Quantum Electronis Division della Societ\u00e0 Europea di Fisica.<\/p>\n<p style=\"text-align: justify;\"><strong><span style=\"font-weight: normal;\">Dal 1980 al 1990 \u00e8 stato uno dei direttori<\/span><\/strong> della scuola internazionale di Trieste su Lasers, Atomic and Molecular Spectroscopy., ed \u00e8 membro del comitato di redazione delle riviste internazionali: Applied Optics (Stati Uniti), Laser Focus (Stati Uniti), Optical and Quantum Electronis (Inghilterra), Chinese Journal of Lasers (Cina).<\/p>\n<p style=\"text-align: justify;\"><strong><span style=\"font-weight: normal;\">Nel 2000, inoltre, il Comitato del Premio Nobel per la Fisica lo nomina come consulente<\/span><\/strong> ed esperto per designare il Nobel ad un luminare del Laser. Innumerevoli e prestigiosi i premi ed i riconoscimenti insigniti allo scienziato: <strong><span style=\"font-weight: normal;\">il premio E. Borgia dell\u2019Accademia dei Lincei<\/span><\/strong> per l\u2019invenzione degli specchi a riflettivit\u00e0 radialmente variabile (1991); <strong><span style=\"font-weight: normal;\">il premio Philip Morris<\/span><\/strong> per l\u2019invenzione del laser a Erbio-Itterbio (1992); <strong><span style=\"font-weight: normal;\">la nomina a grado di Fellow dell\u2019Institute of Electrical and Electronis Engineers<\/span><\/strong> (1992); <strong><span style=\"font-weight: normal;\">il Quantum Electronics Prize<\/span><\/strong> dell\u2019European Physical Society (1998); <strong><span style=\"font-weight: normal;\">la nomina a grado di Fellow della Optical Society of America<\/span><\/strong> (1999); <strong><span style=\"font-weight: normal;\">il premio della Societ\u00e0 Italiana di Fisica<\/span><\/strong> per l\u2019invenzione della tecnica della fibra cava (1999); <strong><span style=\"font-weight: normal;\">il premio Italgas per la Ricerca e l\u2019Innovazione Tecnologica<\/span><\/strong> (2000) per il progetto \u201cNuovi Laser per Comunicazioni Ottiche\u201d e nel 2006 <strong><span style=\"font-weight: normal;\">il Premio Charles Townes della Optical Society of America<\/span><\/strong>.<\/p>\n<p style=\"text-align: justify;\"><strong><span style=\"font-weight: normal;\">Inoltre per otto anni consecutivi<\/span><\/strong> (1986-1994) <strong><span style=\"font-weight: normal;\">\u00e8 stato il rappresentante<\/span><\/strong> del Ministro dell\u2019Universit\u00e0 e Ricerca Scientifica nel Consiglio Superiore Tecnico delle Poste, delle Telecomunicazioni e dell\u2019Automazione ed <strong><span style=\"font-weight: normal;\">\u00e8 membro dell\u2019Accademia Nazionale delle Scienze<\/span><\/strong> <strong><span style=\"font-weight: normal;\">detta dei Quaranta, dell\u2019Istituto Lombardo, dell\u2019Accademia di Scienze e Lettere e dell\u2019Accademia dei Lincei<\/span><\/strong>.<\/p>\n<p>&nbsp;<\/p>\n","protected":false},"excerpt":{"rendered":"","protected":false},"author":1,"featured_media":0,"comment_status":"open","ping_status":"closed","sticky":false,"template":"","format":"standard","meta":{"colormag_page_container_layout":"default_layout","colormag_page_sidebar_layout":"default_layout","footnotes":""},"categories":[7],"tags":[],"class_list":["post-53678","post","type-post","status-publish","format-standard","hentry","category-attualita"],"_links":{"self":[{"href":"https:\/\/archiviogioia.lavocedelpaese.info\/index.php?rest_route=\/wp\/v2\/posts\/53678","targetHints":{"allow":["GET"]}}],"collection":[{"href":"https:\/\/archiviogioia.lavocedelpaese.info\/index.php?rest_route=\/wp\/v2\/posts"}],"about":[{"href":"https:\/\/archiviogioia.lavocedelpaese.info\/index.php?rest_route=\/wp\/v2\/types\/post"}],"author":[{"embeddable":true,"href":"https:\/\/archiviogioia.lavocedelpaese.info\/index.php?rest_route=\/wp\/v2\/users\/1"}],"replies":[{"embeddable":true,"href":"https:\/\/archiviogioia.lavocedelpaese.info\/index.php?rest_route=%2Fwp%2Fv2%2Fcomments&post=53678"}],"version-history":[{"count":0,"href":"https:\/\/archiviogioia.lavocedelpaese.info\/index.php?rest_route=\/wp\/v2\/posts\/53678\/revisions"}],"wp:attachment":[{"href":"https:\/\/archiviogioia.lavocedelpaese.info\/index.php?rest_route=%2Fwp%2Fv2%2Fmedia&parent=53678"}],"wp:term":[{"taxonomy":"category","embeddable":true,"href":"https:\/\/archiviogioia.lavocedelpaese.info\/index.php?rest_route=%2Fwp%2Fv2%2Fcategories&post=53678"},{"taxonomy":"post_tag","embeddable":true,"href":"https:\/\/archiviogioia.lavocedelpaese.info\/index.php?rest_route=%2Fwp%2Fv2%2Ftags&post=53678"}],"curies":[{"name":"wp","href":"https:\/\/api.w.org\/{rel}","templated":true}]}}