{"id":53772,"date":"2016-11-09T08:16:25","date_gmt":"2016-11-09T08:16:25","guid":{"rendered":"https:\/\/archiviogioia.lavocedelpaese.info\/?p=53772"},"modified":"2016-11-09T08:16:25","modified_gmt":"2016-11-09T08:16:25","slug":"calendario-storico-e-agenda-2017-carabinieri-foto","status":"publish","type":"post","link":"https:\/\/archiviogioia.lavocedelpaese.info\/?p=53772","title":{"rendered":"CALENDARIO STORICO  E AGENDA 2017 CARABINIERI-foto"},"content":{"rendered":"<p><a title=\"calendario carabinieri 2017\" href=\"https:\/\/www.flickr.com\/photos\/91470992@N02\/30580745360\/in\/dateposted-public\/\" data-flickr-embed=\"true\"><img loading=\"lazy\" decoding=\"async\" style=\"display: block; margin-left: auto; margin-right: auto;\" src=\"https:\/\/c1.staticflickr.com\/6\/5818\/30580745360_a790b95647_o.jpg\" alt=\"calendario carabinieri 2017\" width=\"320\" height=\"240\" \/><\/a><\/p>\n<p><!--more--><\/p>\n<p style=\"text-align: justify;\"><a title=\"Calendario-Caraninieri-2015-02-1000x600\" href=\"https:\/\/www.flickr.com\/photos\/91470992@N02\/30793606091\" data-flickr-embed=\"true\"><img loading=\"lazy\" decoding=\"async\" style=\"margin: 4px; float: left;\" src=\"https:\/\/c4.staticflickr.com\/6\/5457\/30793606091_e104960f2f.jpg\" alt=\"Calendario-Caraninieri-2015-02-1000x600\" width=\"400\" height=\"344\" \/><\/a> \u201cQuesta mattina, presso l\u2019Aula Magna della Scuola Ufficiali Carabinieri di Roma, sono stati presentati il Calendario Storico e l\u2019Agenda 2017 dell\u2019Arma dei Carabinieri, alla presenza del Ministro della Difesa Roberta Pinotti, del Capo di Stato Maggiore della Difesa Claudio Graziano e del Comandante Generale dell\u2019Arma dei Carabinieri Tullio Del Sette.<\/p>\n<p style=\"text-align: justify;\">In analogia, presso la sede del Comando&nbsp; Provinciale di Bari, il&nbsp; Col. Vincenzo Molinese, ha illustrato, agli organi di informazione locali, con una conferenza stampa, i contenuti e le tematiche trattate nelle due opere, ideate e realizzate sotto la&nbsp; direzione artistica di Silvia di Paolo.<\/p>\n<p style=\"text-align: justify;\">Il Calendario, divenuto ormai un oggetto di culto, ha raggiunto&nbsp; una tiratura di 1.300.000 copie, di cui quasi 10.000 in altre lingue (inglese, francese, spagnolo, tedesco e arabo), indice sia dell\u2019affetto di cui gode la Benemerita, sia del valore dei suoi contenuti, che ne fanno un prodotto editoriale apprezzato, ambito e presente nelle abitazioni e nei luoghi di lavoro, a testimonianza del fatto che \u201cin ogni famiglia c\u2019\u00e8 un Carabiniere\u201d.<\/p>\n<p style=\"text-align: justify;\">Nato nel 1928, dopo l\u2019interruzione post-bellica dal 1945 al 1949 il Calendario torn\u00f2 a vivere nel 1950 e da allora \u00e8 stato puntuale interprete, con le sue tavole, delle vicende dei Carabinieri e della stessa Storia d\u2019Italia.<\/p>\n<p style=\"text-align: justify;\">La pubblicazione ha una rilevanza particolare per la famiglia dell\u2019Arma, costituendo motivo di coesione attorno a un oggetto semplice eppure significativo, poich\u00e9 ispirato ai valori nei quali si riconosce ogni carabiniere, da un capo all<a title=\"Calendario_2017_08_Centrale\" href=\"https:\/\/www.flickr.com\/photos\/91470992@N02\/30842598806\/in\/photostream\/\" data-flickr-embed=\"true\"><img loading=\"lazy\" decoding=\"async\" style=\"margin: 4px; float: right;\" src=\"https:\/\/c7.staticflickr.com\/6\/5523\/30842598806_e609c5575b_z.jpg\" alt=\"Calendario_2017_08_Centrale\" width=\"400\" height=\"300\" \/><\/a>\u2019altro d\u2019Italia.<\/p>\n<p style=\"text-align: justify;\">Il tema del Calendario 2017 \u00e8 incentrato sui \u201cSimboli dell\u2019Arma\u201d, che sono la rappresentazione visiva dell\u2019essenza dell\u2019Istituzione. Essi si susseguono nelle tavole mostrandoci i diversi stili con cui l\u2019arte grafica si \u00e8 evoluta nel tempo, a partire dall\u2019anno di fondazione dei Carabinieri, il 1814.<\/p>\n<p style=\"text-align: justify;\">L\u2019Agenda 2017, in un formato moderno e funzionale e con l\u2019inserto dedicato alla \u201cMusica nell\u2019Arma\u201d, ci presenta un dettagliato excursus storico sui complessi musicali dell\u2019Arma, dalla mitica Banda alle varie Fanfare.<\/p>\n<p style=\"text-align: justify;\">Nella cerimonia a Roma hanno parlato sul palco, con Giletti, il critico d\u2019arte Philippe Louis Daverio, il grafico Armando Milani e il Direttore &#8211; Sovrintendente dell\u2019Accademia Nazionale di Santa Cecilia Michele Dall\u2019Ongaro.<\/p>\n<p style=\"text-align: justify;\">La conferenza stampa convocata a Bari \u00e8 iniziata con la proiezione di un primo video di presentazione del Calendario e l\u2019illustrazione commentata delle tavole del calendario.<\/p>\n<p style=\"text-align: justify;\">L\u2019evento \u00e8 andato avanti con la proiezione di un video sull\u2019Agenda, il cui testo introduttivo \u00e8 firmato da Sir Antonio Pappano, Direttore Musicale dell\u2019Accademia di Santa Cecilia.<\/p>\n<p style=\"text-align: justify;\">Inoltre \u00e8 stato richiamato l\u2019intervento del Comandante Generale Tullio Del Sette che&nbsp; evidenziato il rinnovamento \u201cestetico e funzionale\u201d della nuova agenda, con uno \u201cstile moderno, attento alle innovazioni tecnologiche\u201d, per la prima volta&nbsp; disponibile anche in lingua inglese.<\/p>\n<p style=\"text-align: justify;\">Il Comandante Generale \u00e8 poi passato a descrivere il calendario, che anche quest\u2019anno \u00e8 \u201c\u2026frutto di una accurata e innovativa ricerca estetica su aspetti culturali che uniscono l\u2019attenzione alla Storia dell\u2019Arte ai segni distintivi e alla storia dell\u2019Arma\u201d, sottolineando il richiamo \u201cai valori morali che da sempre sostengono e contraddistinguono la sua opera al servizio delle nostre comunit\u00e0, di ogni cittadino e specie di chi ha pi\u00f9 bisogno. Valori che devono essere perpetuati e riaffermati nel tempo perch\u00e9 costituiscono la base morale di un modo di sentire fondante e insopprimibile, che fa dell\u2019Arma una forza coesa, affidabile ed efficiente\u201d, un\u2019istituzione \u201c\u2026moderna e dinamica, protesa al futuro che guarda con giustificato ottimismo e rinnovato vigore.<\/p>\n<p style=\"text-align: justify;\"><strong>Contenuti multimediali relativi alla presentazione disponibili al seguente link: <\/strong><a href=\"https:\/\/1drv.ms\/f\/s%21AsgRFkNkOlWwj35gi5hGIRmSzvbf\" target=\"_blank\" rel=\"noopener\">https:\/\/1drv.ms\/f\/s!AsgRFkNkOlWwj35gi5hGIRmSzvbf&#8221;.<\/a><\/p>\n<p style=\"text-align: right;\" align=\"right\"><strong><span>(Comando Provinciale Carabinieri Bari)<\/span><\/strong><\/p>\n<p style=\"text-align: center;\" align=\"right\"><strong><span>&#8212;&#8212;&#8212;&#8212;&#8212;&#8212;&#8212;&#8212;&#8212;&#8212;&#8212;<\/span><\/strong><\/p>\n<p style=\"text-align: center;\" align=\"center\"><strong>CALENDARIO STORICO DELL\u2019ARMA 2017<\/strong><\/p>\n<p style=\"text-align: justify;\" align=\"center\"><i>Il filo condutt<\/i><a title=\"Calendario_2017_00_Copertina_Singola_DX\" href=\"https:\/\/www.flickr.com\/photos\/91470992@N02\/30790311151\/in\/photostream\/\" data-flickr-embed=\"true\"><img loading=\"lazy\" decoding=\"async\" style=\"margin: 4px; float: left;\" src=\"https:\/\/c8.staticflickr.com\/6\/5596\/30790311151_019ac18cba_z.jpg\" alt=\"Calendario_2017_00_Copertina_Singola_DX\" width=\"350\" height=\"485\" \/><\/a><i>ore che lega i mesi dell&#8217;anno \u00e8 costituito dal tema \u201cI simboli dell\u2019Arma\u201d<\/i><\/p>\n<p style=\"text-align: justify;\"><strong>Dalla Prefazione al Calendario del Comandante Generale Tullio Del Sette<\/strong><\/p>\n<p style=\"text-align: justify;\">\u201cI simboli sono rappresentazioni estetiche dell\u2019essenza; essi colgono in profondit\u00e0 meglio il cuore delle cose. E\u2019 dunque ai propri simboli che l\u2019Arma dedica l\u2019edizione 2017 del Calendario Storico, presentandoli attraverso i diversi stili con i quali l\u2019arte grafica si \u00e8 manifestata nel tempo, a partire dal 1814, anno di nostra Fondazione. La grafica, la pi\u00f9 diffusa e comune delle espressioni visive, fatta di linee e colori definiti e chiari quanto attenti ai cambiamenti della societ\u00e0, \u00e8 parsa strumento artistico idoneo a rappresentare il modo di essere Carabiniere, cittadino e soldato della legge, vocato alla prossimit\u00e0 e al servizio di ciascuno e di tutti, sempre interprete del suo tempo, con il cuore e la mente al futuro.<\/p>\n<p style=\"text-align: justify;\">I due Carabinieri <strong>in copertina<\/strong>, inseriti nell\u2019aura rossoblu dell\u2019Arma, l\u2019uno con l\u2019uniforme bisecolare e l\u2019altro con quella attuale, ambedue espressione di presenza attiva, vicina e amica, garanzia di sicurezza e tangibile segno di fedelt\u00e0, vegliano alla tutela della nostra gente e dei nostri agglomerati urbani. Nel classico carattere \u201cBodoni\u201d di inizio \u2018800, \u00e8 l\u2019abbreviazione \u201cCC\u201d della parola \u201cCarabinieri\u201d che, sul suggerimento del grafico Armando Milani, apre il percorso artistico: l\u2019una racchiude al suo interno il contributo dell\u2019ultracentenario, raffinato intellettuale e artista, Gillo Dorfles, che ringrazio per l\u2019affettuosa vicinanza e la profondit\u00e0 del pensiero, e il giudizio critico, dotto, arguto e avvincente, di Philippe Daverio, anche quest\u2019anno prestigioso collaboratore del nostro progetto culturale e artistico insieme alla bravissima Silvia Di Paolo; l\u2019altra contiene la mia presentazione. Quindi la sequenza delle tavole mensili, tutte sviluppate con lo stesso criterio: a destra la tavola che riprende il simbolo dell\u2019Arma prescelto e, a sinistra, nella stessa grafica, la pagina correlata contenente notizie storiche sul simbolo e sul segno d\u2019arte che lo raffigura.<\/p>\n<p style=\"text-align: justify;\">La tavola di <strong>Gennaio<\/strong> non poteva che essere dedicata alla Carabina, dalla quale l\u2019Arma prende il nome, realizzata in una grafica ottocentesca; fa da scenario la citt\u00e0 di Torino dove i Carabinieri sono nati con le Regie Patenti del 13 luglio 1814. In quella di <strong>Febbraio<\/strong>, nello stile Vittoriano, per noi Umbertino, tipico della seconda met\u00e0 dell\u2019800, campeggia, altero e maestoso, l\u2019Elmo dei Corazzieri con, sullo sfondo, la Firenze capitale d\u2019Italia che, nel 1868, li tenne a battesimo. A <strong>Marzo<\/strong> \u00e8 l\u2019Art Nouveau, raffinata espressione artistica e culturale di fine \u2018800, a rievocare, con le sue forme sinuose ed eleganti, la Daga del Carabiniere. Per <strong>April<\/strong><a title=\"Calendario_2017_14\" href=\"https:\/\/www.flickr.com\/photos\/91470992@N02\/30842597536\/in\/photostream\/\" data-flickr-embed=\"true\"><img loading=\"lazy\" decoding=\"async\" style=\"margin: 4px; float: right;\" src=\"https:\/\/c1.staticflickr.com\/6\/5482\/30842597536_d9466da97d_z.jpg\" alt=\"Calendario_2017_14\" width=\"400\" height=\"278\" \/><\/a><strong>e<\/strong>, il tratto sobrio e raffinato del Wiener Werkst\u00e4tte, in voga ai primi del \u2018900 in una Vienna cuore pulsante della cultura europea, esalta l\u2019Alamaro dei nostri colletti. Il Futurismo, pressoch\u00e9 coevo e pi\u00f9 italiano, fa da cornice, nel mese di <strong>Maggio<\/strong>, alla Bandoliera e alla inscindibile Giberna, segni inconfondibili del Carabiniere in servizio. La Banda Rossa dei pantaloni, ulteriore arcinoto e antichissimo nostro segno, viene proposta nel mese di <strong>Giugno<\/strong> nello stile Bauhaus degli anni \u201920 del secolo scorso, in uno scenario originalissimo ed evocativo.<\/p>\n<p style=\"text-align: justify;\">Nella doppia <strong>pagina centrale<\/strong> la Fiamma, con un segno grafico contemporaneo, \u00e8 proposta in una elaborazione geometrica nitidissima, cristallina come l\u2019Arma; essa filtra la luce chiara e intensa della passione e della dedizione del Carabiniere, trasformandola nei colori della Bandiera, a testimonianza del quotidiano e generoso impegno per l\u2019Italia e gli Italiani.<\/p>\n<p style=\"text-align: justify;\">La narrazione prosegue nei mesi di <strong>Luglio<\/strong> e <strong>Agosto<\/strong> con due elementi uniformologici: il Pennacchio rosso-blu della Grande Uniforme Speciale, a simboleggiare con i suoi colori il coraggio e la fedelt\u00e0, e il Mantello, foderato di saglia rossa; immagini dell\u2019Arma tra passato, presente e futuro. A rappresentarli, rispettivamente, gli stili Art D\u00e9co e Razionalista, espressioni della grafica degli anni \u201830 e \u201940 del \u2018900. Le rotonde forme dell\u2019Optical Art degli anni \u201860 disegnano, per <strong>Settembre<\/strong>, la Lucerna, emblematico copricapo del Carabiniere dalle origini. La tavola in stile Hippie degli anni \u201970 del mese di <strong>Ottobre<\/strong> \u00e8 dedicata al Basco: le sue diverse colorazioni richiamano i reparti che lo indossano, dal blu tradizionale, al rosso dei Cacciatori, all\u2019amaranto dei Paracadutisti, al nero della Linea Mobile, al celeste dei Carabinieri delle missioni ONU e al verde di quelli Forestali. La Saetta e il numero di emergenza 112, espressioni visive del nostro Pronto <a title=\"Calendario_2017_02\" href=\"https:\/\/www.flickr.com\/photos\/91470992@N02\/30790310431\/in\/photostream\/\" data-flickr-embed=\"true\"><img loading=\"lazy\" decoding=\"async\" style=\"margin: 4px; float: left;\" src=\"https:\/\/c8.staticflickr.com\/6\/5785\/30790310431_7a344a5eac.jpg\" alt=\"Calendario_2017_02\" width=\"400\" height=\"275\" \/><\/a>Intervento, vengono illustrati nell\u2019inconfondibile stile Pop degli anni \u201980 nella tavola di <strong>Novembre<\/strong>; sono segni di efficienza che, rapidi e incisivi, si dirigono verso l\u2019abitato per garantirne la sicurezza. La grafica contemporanea del mese di <strong>Dicembre<\/strong> propone il polso di un Carabiniere il cui orologio ci rivela cos\u2019\u00e8 l\u2019Arma: l\u2019insieme armonico, di tutti i suoi Carabinieri &#8211; richiamati dai gradi in cerchio della pagina a fianco &#8211; che animano, compatti, le sue componenti, evidenziate cronologicamente dai Simboli che le contraddistinguono, dall\u2019ultrabicentenaria Territoriale, alla nuova Forestale. Esse, come perfetti ingranaggi di un organismo performante e vibrante, con la loro efficacia, autonoma e sinergica, rendono l\u2019Arma cos\u00ec attenta, efficiente e utile e le consentono di guardare al futuro con ben riposta fiducia. Nella <strong>tavola finale<\/strong>, sublimata dalla pagina a fianco che rende il tradizionale, doveroso omaggio alle decorazioni concesse alla nostra Bandiera e ai nostri Eroi, si ribadisce, con una tecnica affatto moderna e avveniristica, l\u2019imprescindibile valenza dell\u2019elemento umano che, per il Carabiniere, viene prima di ogni altro, professionale e tecnico. In carattere \u201cHelvetica\u201d, il pi\u00f9 diffuso al mondo, le parole Etica alla base e, quindi, Onore, Integrit\u00e0, Rispetto, Competenza, Impegno, Efficienza, Coesione, Serenit\u00e0, Tradizione, Fedelt\u00e0 e, infine, Fede, attraverso gli elementi orizzontali delle \u201cE\u201d che li accomunano, costituiscono i pioli di quella scala di virt\u00f9 e qualit\u00e0, ideata ancora da Milani, che conducono alla Fiamma dell\u2019inconfondibile Berretto rigido nero, che le racchiude tutte: faro che illumina lo sguardo, l\u2019orizzonte, il pensiero e l\u2019azione, come dev\u2019essere fuoco che scalda il cuore, del Carabiniere. Traspare il volto, assorto, impegnato e sereno, dello stesso giovane commilitone che in copertina, si affianca a quello pi\u00f9 anziano, ispirato dagli stessi valori\u201d.<\/p>\n<p style=\"text-align: center;\">&#8212;&#8212;&#8212;&#8212;&#8212;&#8212;&#8212;&#8212;&#8212;&#8212;&#8212;&#8212;&#8212;<\/p>\n<p style=\"text-align: center;\" align=\"center\"><strong>AGENDA DELL\u2019ARMA 2017<\/strong><\/p>\n<p style=\"text-align: justify;\">&#8220;L\u2019<strong>Agenda<\/strong> dell\u2019Arma dei Carabini<a title=\"Calendario_2017_13\" href=\"https:\/\/www.flickr.com\/photos\/91470992@N02\/30790305401\/in\/photostream\/\" data-flickr-embed=\"true\"><img loading=\"lazy\" decoding=\"async\" style=\"margin: 4px; float: left;\" src=\"https:\/\/c2.staticflickr.com\/6\/5827\/30790305401_1e0cc29ed8_z.jpg\" alt=\"Calendario_2017_13\" width=\"400\" height=\"278\" \/><\/a>eri 2017 si rinnova e si aggiorna nel trentottesimo anno della sua pubblicazione (risale infatti al 1979 la prima edizione).<\/p>\n<p style=\"text-align: justify;\">Cambia il formato. Cambia la copertina nelle dimensioni, nel colore e nella grafica con la Fiamma; la costola si tinge di rosso.<\/p>\n<p style=\"text-align: justify;\">Il \u201cdiario \u00e8 su base settimanale, con possibilit\u00e0 di rinvio a un\u2018ampia parte destinata alle note.<\/p>\n<p style=\"text-align: justify;\">Le informazioni sui Comandi dei Carabinieri e sui reclutamenti sono rese fruibili attraverso codici QR, leggibili con smartphone e tablet che rimandano alle pagine del sito <a href=\"http:\/\/www.carabinieri.it\" target=\"_blank\" rel=\"noopener\">www.carabinieri.it<\/a> e dei social network istituzionali.<\/p>\n<p style=\"text-align: justify;\">Altri codici QR consentono l\u2019accesso ad altre notizie sull\u2019Arma, sulla sua storia e sui periodici: il nuovo \u201cNotiziario Storico\u201d e i tradizionali \u201cIl Carabiniere\u201d e \u201cRassegna dell\u2019Arma\u201d.<\/p>\n<p style=\"text-align: justify;\">Si arricchisce la rubrica sulle date importanti dell\u2019Arma.<a title=\"Calendario_2017_05\" href=\"https:\/\/www.flickr.com\/photos\/91470992@N02\/30762613082\/in\/photostream\/\" data-flickr-embed=\"true\"><img loading=\"lazy\" decoding=\"async\" style=\"margin: 4px; float: right;\" src=\"https:\/\/c3.staticflickr.com\/6\/5324\/30762613082_386bcd8704_z.jpg\" alt=\"Calendario_2017_05\" width=\"400\" height=\"281\" \/><\/a><\/p>\n<p style=\"text-align: justify;\">Viene riproposto l\u2019ampio inserto storico, introdotto come novit\u00e0 lo scorso anno con le cronache sul centenario della Grande Guerra e il settantennale della liberazione. Quest\u2019anno \u00e8 dedicato alla Musica nell\u2019Arma e rendo omaggio alla Banda musicale e alle Fanfare dei carabinieri. E\u2019 un dettagliato excursus sulla storia dei complessi musicali dell\u2019Arma, impreziosito da curiosit\u00e0 e tante immagini, per lo pi\u00f9 inedite, curato dal Gen. B. Claudio Domizi e dal Maestro Ten. Col. Massimo Martinelli.<\/p>\n<p style=\"text-align: justify;\">Brani scelti del loro vastissimo repertorio potranno essere ascoltati ricorrendo all\u2019ulteriore codice QR che apre la sezione.<\/p>\n<p style=\"text-align: justify;\">A introdurre il testo monografico, gli autorevoli interventi di due straordinari esponenti del panorama musicale internazionale: il Compositore Michele Dall\u2019Ongaro, Presidente &#8211; Sovrintendente dell\u2019Accademia Nazionale di Santa Cecilia, e Sir Antonio Pappano, Direttore d\u2019orchestra di impegni e di fama mondiali, Direttore Musicale della stessa prestigiosa Accademia Nazionale di Santa Cecilia\u201d.<\/p>\n<p>\n<object data=\"https:\/\/www.flickr.com\/apps\/slideshow\/show.swf?v=261948265\" type=\"application\/x-shockwave-flash\" width=\"660\" height=\"495\"><param name=\"flashvars\" value=\"offsite=true&amp;lang=it-it&amp;page_show_url=%2Fphotos%2F91470992%40N02%2Fsets%2F72157672682658894%2Fshow%2F&amp;page_show_back_url=%2Fphotos%2F91470992%40N02%2Fsets%2F72157672682658894%2F&amp;set_id=72157672682658894&amp;jump_to=\" \/><param name=\"movie\" value=\"https:\/\/www.flickr.com\/apps\/slideshow\/show.swf?v=261948265\" \/><param name=\"allowFullScreen\" value=\"true\" \/><\/object><\/p>\n","protected":false},"excerpt":{"rendered":"","protected":false},"author":1,"featured_media":0,"comment_status":"open","ping_status":"closed","sticky":false,"template":"","format":"standard","meta":{"colormag_page_container_layout":"default_layout","colormag_page_sidebar_layout":"default_layout","footnotes":""},"categories":[7],"tags":[],"class_list":["post-53772","post","type-post","status-publish","format-standard","hentry","category-attualita"],"_links":{"self":[{"href":"https:\/\/archiviogioia.lavocedelpaese.info\/index.php?rest_route=\/wp\/v2\/posts\/53772","targetHints":{"allow":["GET"]}}],"collection":[{"href":"https:\/\/archiviogioia.lavocedelpaese.info\/index.php?rest_route=\/wp\/v2\/posts"}],"about":[{"href":"https:\/\/archiviogioia.lavocedelpaese.info\/index.php?rest_route=\/wp\/v2\/types\/post"}],"author":[{"embeddable":true,"href":"https:\/\/archiviogioia.lavocedelpaese.info\/index.php?rest_route=\/wp\/v2\/users\/1"}],"replies":[{"embeddable":true,"href":"https:\/\/archiviogioia.lavocedelpaese.info\/index.php?rest_route=%2Fwp%2Fv2%2Fcomments&post=53772"}],"version-history":[{"count":0,"href":"https:\/\/archiviogioia.lavocedelpaese.info\/index.php?rest_route=\/wp\/v2\/posts\/53772\/revisions"}],"wp:attachment":[{"href":"https:\/\/archiviogioia.lavocedelpaese.info\/index.php?rest_route=%2Fwp%2Fv2%2Fmedia&parent=53772"}],"wp:term":[{"taxonomy":"category","embeddable":true,"href":"https:\/\/archiviogioia.lavocedelpaese.info\/index.php?rest_route=%2Fwp%2Fv2%2Fcategories&post=53772"},{"taxonomy":"post_tag","embeddable":true,"href":"https:\/\/archiviogioia.lavocedelpaese.info\/index.php?rest_route=%2Fwp%2Fv2%2Ftags&post=53772"}],"curies":[{"name":"wp","href":"https:\/\/api.w.org\/{rel}","templated":true}]}}