{"id":53893,"date":"2016-11-22T09:10:40","date_gmt":"2016-11-22T09:10:40","guid":{"rendered":"https:\/\/archiviogioia.lavocedelpaese.info\/?p=53893"},"modified":"2016-11-22T09:10:40","modified_gmt":"2016-11-22T09:10:40","slug":"usb-nuovo-sit-in-lavoratori-natuzzi-alla-regione-2","status":"publish","type":"post","link":"https:\/\/archiviogioia.lavocedelpaese.info\/?p=53893","title":{"rendered":"USB. NUOVO SIT-IN LAVORATORI NATUZZI ALLA REGIONE"},"content":{"rendered":"<p><a title=\"sit-in usb natuzzi prefettura\" href=\"https:\/\/www.flickr.com\/photos\/91470992@N02\/30238003185\/in\/photolist-N52ESv-MwkHde-MwkHSR-MEe7xA-MYUn18-M9M1yF-MEe85h-MTS5mm-MTS85N-MTS6EJ-M7jmis-M7jiLo-M7jiV1-MTS5KY-MTS6ow-M7jmxW-N52Gva-MWt5FX-MWt6BK-MWt2FP-N52Frg-MWt54V-M7jjHJ-N52JSK-MwkGXz-Lmuqmw-Mf9XwB-LhWGEp-K5CnXs-Jzk1sK-KmiZrN-JzceMN-JbMhNs-K8fkR4-JbMhC7-K1hTcV-K1hTPB-K8fbHe-He8WM9-HehzGK-J3Ded2-J77hcb-He8WFY-J3Deep-F7u7hD-FBCJbu-FTzZ47-FZsiHq-FXif3Z-uobRa9\" data-flickr-embed=\"true\"><img loading=\"lazy\" decoding=\"async\" style=\"display: block; margin-left: auto; margin-right: auto;\" src=\"https:\/\/c2.staticflickr.com\/9\/8414\/30238003185_1e9feab15b_z.jpg\" alt=\"sit-in usb natuzzi prefettura\" width=\"320\" height=\"240\" \/><\/a><\/p>\n<p><!--more--><\/p>\n<p style=\"text-align: justify;\"><a title=\"Eleonora FORENZA, Action : &quot;Defend teh environment, NO TO TTIP!&quot;, &quot;Trade talks: Transparency now&quot;, Defend decent jobs, NO TO TTIP!&quot;, &quot;Defend social rights, NO TO TTIP!&quot;, defend data protection, NO TO TTIP!&quot;\" href=\"https:\/\/www.flickr.com\/photos\/91470992@N02\/30358315844\/in\/dateposted-public\/\" data-flickr-embed=\"true\"><img loading=\"lazy\" decoding=\"async\" style=\"margin: 5px; float: left;\" src=\"https:\/\/c5.staticflickr.com\/6\/5520\/30358315844_b597be7bdc_z.jpg\" alt=\"Eleonora FORENZA, Action : &quot;Defend teh environment, NO TO TTIP!&quot;, &quot;Trade talks: Transparency now&quot;, Defend decent jobs, NO TO TTIP!&quot;, &quot;Defend social rights, NO TO TTIP!&quot;, defend data protection, NO TO TTIP!&quot;\" width=\"400\" height=\"268\" \/><\/a>\u201cDomani <strong>mercoled\u00ec 23 novembre<\/strong>, a partire dalle <strong>ore 10:00<\/strong>, l&#8217;USB ha organizzato un sit-in dinanzi alla <strong>sede del Consiglio Regionale Puglia&nbsp;di via Capruzzi a Bari<\/strong>, per protestare contro il vergognoso accordo che la Regione Puglia ha sottoscritto con la Natuzzi Spa.<\/p>\n<p style=\"text-align: justify;\">Di seguito si invia il comunicato in cui <strong>la Parlamentare europea, Eleonora Forenza<\/strong>, <strong>informa di aver presentato a Bruxelles una interrogazione<\/strong> alla Commissione europea in merito ai finanziamenti pubblici percepiti dalla Natuzzi Spa\u201d.<\/p>\n<div style=\"text-align: right;\" align=\"right\"><strong>Felice Dileo<\/strong><\/div>\n<div style=\"text-align: right;\" align=\"right\"><strong>USB &#8211; Natuzzi <\/strong><\/div>\n<p style=\"text-align: justify;\"><strong>&nbsp;\u201cAiuti pubblici ad azienda che licenzia i lavoratori: l&#8217;UE intervenga\u201d<\/strong><\/p>\n<p style=\"text-align: justify;\">\u00abIn questi giorni a Bruxelles ho presentato un&#8217;interrogazione alla Commissione europea sul caso del gruppo Natuzzi &#8211; dichiara Eleonora Forenza, eurodeputata de L&#8217;Altra Europa &#8211; gruppo GUE\/NGL &#8211; Da circa 10 anni, infatti, il gruppo usufruisce della Cassa integrazione anche in deroga e ha sottoscritto negli ultimi tre anni diversi accordi di programma con le istituzioni statali e regionali che hanno garantito a Natuzzi lauti finanziamenti. Ma a fronte di questi aiuti, lo scorso ottobre sono arrivate 355 lettere di licenziamento ai lavoratori. Ho chiesto pertanto conto alla Commissione della legittimit\u00e0 di forti aiuti pubblici ad un&#8217;azienda privata che lascia a casa i lavoratori: non viene cos\u00ec rispettato un criterio fondamentale per derogare dalla normativa europea sulla competizione interna. Continuer\u00f2 a richiamare l&#8217;attenzione dell&#8217;Europa sulla questione e a solidarizzare con i lavoratori\u00bb.<\/p>\n<p>&nbsp;<\/p>\n","protected":false},"excerpt":{"rendered":"","protected":false},"author":1,"featured_media":0,"comment_status":"open","ping_status":"closed","sticky":false,"template":"","format":"standard","meta":{"colormag_page_container_layout":"default_layout","colormag_page_sidebar_layout":"default_layout","footnotes":""},"categories":[8],"tags":[],"class_list":["post-53893","post","type-post","status-publish","format-standard","hentry","category-cronaca"],"_links":{"self":[{"href":"https:\/\/archiviogioia.lavocedelpaese.info\/index.php?rest_route=\/wp\/v2\/posts\/53893","targetHints":{"allow":["GET"]}}],"collection":[{"href":"https:\/\/archiviogioia.lavocedelpaese.info\/index.php?rest_route=\/wp\/v2\/posts"}],"about":[{"href":"https:\/\/archiviogioia.lavocedelpaese.info\/index.php?rest_route=\/wp\/v2\/types\/post"}],"author":[{"embeddable":true,"href":"https:\/\/archiviogioia.lavocedelpaese.info\/index.php?rest_route=\/wp\/v2\/users\/1"}],"replies":[{"embeddable":true,"href":"https:\/\/archiviogioia.lavocedelpaese.info\/index.php?rest_route=%2Fwp%2Fv2%2Fcomments&post=53893"}],"version-history":[{"count":0,"href":"https:\/\/archiviogioia.lavocedelpaese.info\/index.php?rest_route=\/wp\/v2\/posts\/53893\/revisions"}],"wp:attachment":[{"href":"https:\/\/archiviogioia.lavocedelpaese.info\/index.php?rest_route=%2Fwp%2Fv2%2Fmedia&parent=53893"}],"wp:term":[{"taxonomy":"category","embeddable":true,"href":"https:\/\/archiviogioia.lavocedelpaese.info\/index.php?rest_route=%2Fwp%2Fv2%2Fcategories&post=53893"},{"taxonomy":"post_tag","embeddable":true,"href":"https:\/\/archiviogioia.lavocedelpaese.info\/index.php?rest_route=%2Fwp%2Fv2%2Ftags&post=53893"}],"curies":[{"name":"wp","href":"https:\/\/api.w.org\/{rel}","templated":true}]}}