{"id":53931,"date":"2016-11-26T06:51:49","date_gmt":"2016-11-26T06:51:49","guid":{"rendered":"https:\/\/archiviogioia.lavocedelpaese.info\/?p=53931"},"modified":"2016-11-26T06:51:49","modified_gmt":"2016-11-26T06:51:49","slug":"pietro-verna-a-piedi-nudi-calca-il-teatro-forma-2","status":"publish","type":"post","link":"https:\/\/archiviogioia.lavocedelpaese.info\/?p=53931","title":{"rendered":"PIETRO VERNA \u201cA PIEDI NUDI\u201d CALCA IL TEATRO FORMA"},"content":{"rendered":"<p><a title=\"concerto Pietro Verna al teatro forma\" href=\"https:\/\/www.flickr.com\/photos\/91470992@N02\/31137154371\" data-flickr-embed=\"true\"><img loading=\"lazy\" decoding=\"async\" style=\"display: block; margin-left: auto; margin-right: auto;\" src=\"https:\/\/c4.staticflickr.com\/6\/5519\/31137154371_3f205f7f12_z.jpg\" alt=\"concerto Pietro Verna al teatro forma\" width=\"320\" height=\"240\" \/><\/a><\/p>\n<p><!--more--><\/p>\n<p style=\"text-align: justify;\"><a title=\"concerto Pietro Verna al teatro forma\" href=\"https:\/\/www.flickr.com\/photos\/91470992@N02\/30883916860\/in\/photostream\/\" data-flickr-embed=\"true\"><img loading=\"lazy\" decoding=\"async\" style=\"margin: 4px; float: left;\" src=\"https:\/\/c5.staticflickr.com\/6\/5531\/30883916860_1a8710c1da_z.jpg\" alt=\"concerto Pietro Verna al teatro forma\" width=\"400\" height=\"300\" \/><\/a>L&#8217;atmosfera gi\u00e0 emozionante del periodo pre-natalizio quest&#8217;anno sar\u00e0 impreziosita ed allietata dalle coinvolgenti sonorit\u00e0 e affascinanti testi delle canzoni tratte da \u201c<strong>A piedi nudi\u201d, nuovo album del giovane cantautore Pietro Verna<\/strong>.<span style=\"font-size: 12px;\">. Durante la serata alcuni omaggi al cantautorato italiano tanto caro al nostro amico Pietro: Battisti, De Andr\u00e8, Modugno, Fossati, Capossela e tanti altri.<\/span><\/p>\n<p style=\"text-align: justify;\">\u201cA piedi nudi\u201d \u00e8 stato presentato ufficialmente lo scorso 4 novembre sul palco dell&#8217;accogliente Teatro Forma di Bari: atmosfera densa di emozioni e magia \u00e8 quella che il pubblico, curioso e impaziente di scoprire le nuove creature di Pietro, ha respirato sin dalla prima nota. Il cantautore barese pi\u00f9 volte ha deliziato noi gioiesi e non solo con la sua voce e le sue note, un talento umile, senza pretese, ma che riesce a conquistare sin dal primo ascolto. \u00c8 stato definito da esperti del settore come il nuovo Gianmaria Testa, complimento pi\u00f9 rinfrancante non c&#8217;\u00e8 per lui che pi\u00f9 che cantautore ama definirsi \u201cartigiano della musica e delle parole\u201d e da sempre nutre una profonda e smisurata ammirazione per l&#8217;indimenticabile cantautore piemontese. Cos\u00ec la voce narrante di <strong>Gabriele Zanini<\/strong>, anche lui nostra gradita conoscenza nonch\u00e9 amico di Pietro, introduce la serata recitando \u201cLe poesie che ho vissuto tacendo sul tuo corpo\u201d di Ghi\u00e0nnis Ritsos. Le parole lasciano il passo alla musica di \u201cMandami un bacio\u201d scritta con <strong>Bartolomeo Smaldone<\/strong>, traccia che apre \u201cA piedi nudi\u201d prodotto da Digressione Music di <strong>Girolamo Samarelli e Maria Pansini<\/strong> che Pietro ringrazia: \u201cper aver avuto coraggio e aver <a title=\"concerto Pietro Verna al teatro forma\" href=\"https:\/\/www.flickr.com\/photos\/91470992@N02\/31137106491\/in\/photostream\/\" data-flickr-embed=\"true\"><img loading=\"lazy\" decoding=\"async\" style=\"margin: 4px; float: right;\" src=\"https:\/\/c4.staticflickr.com\/6\/5688\/31137106491_543f5c0b56_z.jpg\" alt=\"concerto Pietro Verna al teatro forma\" width=\"400\" height=\"367\" \/><\/a>reso concreto qualcosa che era chiuso in una stanza\u201d. Emozionato nel calcare un palco come quello del Teatro Forma che lo ha visto spesso spettatore e che gli ha anche donato la preziosa opportunit\u00e0 di aprire i concerti di artisti del calibro di Roberto Vecchioni e di Joe Barbieri. Pietro si dice lusingato ed orgoglioso di condividerlo con i suoi amici musicisti che lo hanno accompagnato nel lavoro di produzione del disco e che lo accompagneranno con i loro strumenti anche in questa importante occasione, cos\u00ec li presenta: <strong>Francesco Galizia<\/strong>, fisarmonica e piano, <strong>Andrea Campanella<\/strong>, clarinetto, <strong>Umberto Calentini<\/strong> contrabbasso e basso, <strong>Giovanni Chiapparino<\/strong>, percussioni e direttore artistico dell&#8217;album. I piedi nudi del titolo e della traccia omonima rimandano al coraggio, alla consapevolezza, al rischio, alla sensualit\u00e0, al sacrificio, aspetti salienti che hanno caratterizzato questi quattro anni passati da \u201cRitratti\u201d primo lavoro autoprodotto da Verna. Il cantautore si riscopre attento osservatore della realt\u00e0 circostante, la natura, i volti, i momenti, le persone, le storie che lo hanno incrociato o solo sfiorato ma che sono state capaci di suscitare un&#8217;esigenza nell&#8217;autore, quella di mettere su carta e in musica l&#8217;indicibile a parole: \u201cnon chiedete mai ad uno scrittore di canzoni cosa lo ha spinto a scrivere, perch\u00e8 proprio per non volerlo dire lo ha scritto\u201d cos\u00ec Pietro riprende una citazione di uno dei suoi maestri, Fabrizio De Andr\u00e8. Storie, come quella di Vito infermiere per una vita, ma che per uno scherzo del destino si ritrova senza pi\u00f9 una casa, un lavoro, un nome e decide di investire quel poco che gli era rimasto nell&#8217;acquisto di un abbonamento per il treno e vivere cos\u00ec da \u201cViaggiatore, viaggiante\u201d titolo dell&#8217;omonima traccia di A piedi nudi. O di \u201cAlba\u201d: storia di un&#8217;infanzia negata, nome di fantasia per una bambina che per colpa di genitori distratti si trova a scoprire per la prima volta la bellezza del mare e delle piccole cose solo a 13 anni, un nome che sia di buon auspicio per un nuovo inizio della sua esistenza. La grandezza d&#8217;animo di chi riesce a cogliere spunti di riflessione anche da un momento della giornata sottovalutato, trascurato: il pomeriggio, momento sospeso tra la sveglia mattutina e la ve<a title=\"concerto Pietro Verna al teatro forma\" href=\"https:\/\/www.flickr.com\/photos\/91470992@N02\/31215512686\/in\/photostream\/\" data-flickr-embed=\"true\"><img loading=\"lazy\" decoding=\"async\" style=\"margin: 4px; float: left;\" src=\"https:\/\/c7.staticflickr.com\/6\/5678\/31215512686_202b720c60_z.jpg\" alt=\"concerto Pietro Verna al teatro forma\" width=\"400\" height=\"300\" \/><\/a>glia serale, momento fatto di sogni, passione e desideri, nasce cos\u00ec in un pomeriggio assopito la bella \u201cPomeriggio\u201d di cui l&#8217;amico Francesco Galizia si sente coautore (era con Pietro quando lui l&#8217;ha scritta). Pochissime ed intense parole per introdurre la sensuale ed emblematica \u201cA piedi nudi\u201d: canzone che parla di sensualit\u00e0 in tutte le sue forme. Altra perla che elogia la bellezza dell&#8217;attesa \u00e8 \u201cTu, l&#8217;attesa\u201d scritta su un balcone di Lerici a quattro mani con l&#8217;amico Gabriele Zanini che introduce, recitando con coinvolgente enfasi \u201cSul treno\u201d testo scritto dallo stesso Pietro.<\/p>\n<p style=\"text-align: justify;\">Non sono mancati omaggi ai grandi autori che da sempre sono stati faro dell&#8217;umile incedere di Pietro come tra gli altri Ivano Fossati, Alessandro Baricco, De Andr\u00e8, menzione speciale per Gianmaria Testa definito da Pietro \u201cmonumento dell&#8217;umilt\u00e0\u201d che ha avuto il piacere di conoscere, e con il quale insieme a Gabriele Zanini, avrebbero dovuto condividere il palco qualche mese fa in un incontro tra musica, parole e aneddoti e che il tempo e la malattia beffarda non hanno voluto si concretizzasse. A lui Pietro rivolge un pensiero citando \u201cNella tasca di un qualunque mattino\u201d brano celebre di Testa. A proposito di poesia Gabriele recita rigorosamente a memoria i versi pi\u00f9 conosciuti di Giacomo Leopardi \u201cL&#8217;infinito\u201d a cui segue una perla del cantautorato italiano \u201cEmozioni\u201d di Lucio Battisti. E per capire \u201cchi eravamo\u201d, Pietro e i suoi musicisti ci regalano alcuni brani da \u201cRitratti\u201d primo album, e via con il valzer de \u201cIl vecchio e la dama\u201d. Si torna al presente con \u201cLa punteggiatura\u201d troppo spesso trascurata e sminuita nel mondo social nel quale viviamo, ma che ha il potere di cambiare se non stravolgere completamente il senso di una frase o del <a title=\"concerto Pietro Verna al teatro forma\" href=\"https:\/\/www.flickr.com\/photos\/91470992@N02\/31215513776\/in\/photostream\/\" data-flickr-embed=\"true\"><img loading=\"lazy\" decoding=\"async\" style=\"margin: 4px; float: right;\" src=\"https:\/\/c1.staticflickr.com\/6\/5773\/31215513776_3fd59b8932_z.jpg\" alt=\"concerto Pietro Verna al teatro forma\" width=\"400\" height=\"201\" \/><\/a>\u201cmi piace\u201d come suggerisce Giovanni Chiapparino. Come non essere d&#8217;accordo, d&#8217;altronde \u201cle parole e la vita hanno bisogno di segni\u201d citando proprio il testo di Pietro. Mentre ci si avvia alla conclusione di una suggestiva serata di musica, emozioni e sogni, le parole e le note di \u201cPasser\u00e0\u201d da \u201cRitratti\u201d suonano come un vero e proprio messaggio di speranza. I musicisti cos\u00ec lasciano il palco, ma per poco, incitati dal pubblico entusiasta, rientrano per regalare un bis graditissimo: due brani, il primo \u201cUn giudice\u201d del cantautore per eccellenza secondo Pietro e come ciliegina ancora una volta la romantica \u201cA piedi nudi\u201d. Si chiude cos\u00ec con un applauso scrosciante che ha accompagnato ogni singolo brano, e con una bella standing ovation, la presentazione del secondo lavoro di Pietro che ringrazia nuovamente i suoi amici musicisti, l&#8217;Asssociazione Culturale \u201cViver d&#8217;arte eventi\u201d, il Teatro Forma, il service audio e luci, la Digressione Music, l&#8217;Open Caf\u00e8 di Bari che ha offerto una degustazione enogastronomica pre-concerto, il Centro Musica di Vito Causarano \u201cguida turistica dei miei sensi\u201d afferma Pietro, Stefano Di Marco fotografo barese i cui scatti sembravano essere stati realizzati appositamente per diventare copertina e cornice dei testi di \u201cA piedi nudi\u201d e tutti coloro che hanno scelto di esserci partecipando a questo scambio comunicativo: \u201cnon \u00e8 semplice per un artista emergente riempire un teatro\u201d confida il cantautore e noi gli auguriamo che questo sia inizio e proseguimento di un cammino rigoglioso sempre e rigorosamente \u201ca piedi nudi e con la testa ai sogni\u201d. Ricordiamo che l&#8217;album attualmente \u00e8 disponibile presso Centro Musica a Bari, contattando direttamente Pietro su Facebook o in formato digitale sulle maggiori piattaforme musicali.<\/p>\n","protected":false},"excerpt":{"rendered":"","protected":false},"author":1,"featured_media":0,"comment_status":"open","ping_status":"closed","sticky":false,"template":"","format":"standard","meta":{"colormag_page_container_layout":"default_layout","colormag_page_sidebar_layout":"default_layout","footnotes":""},"categories":[7],"tags":[],"class_list":["post-53931","post","type-post","status-publish","format-standard","hentry","category-attualita"],"_links":{"self":[{"href":"https:\/\/archiviogioia.lavocedelpaese.info\/index.php?rest_route=\/wp\/v2\/posts\/53931","targetHints":{"allow":["GET"]}}],"collection":[{"href":"https:\/\/archiviogioia.lavocedelpaese.info\/index.php?rest_route=\/wp\/v2\/posts"}],"about":[{"href":"https:\/\/archiviogioia.lavocedelpaese.info\/index.php?rest_route=\/wp\/v2\/types\/post"}],"author":[{"embeddable":true,"href":"https:\/\/archiviogioia.lavocedelpaese.info\/index.php?rest_route=\/wp\/v2\/users\/1"}],"replies":[{"embeddable":true,"href":"https:\/\/archiviogioia.lavocedelpaese.info\/index.php?rest_route=%2Fwp%2Fv2%2Fcomments&post=53931"}],"version-history":[{"count":0,"href":"https:\/\/archiviogioia.lavocedelpaese.info\/index.php?rest_route=\/wp\/v2\/posts\/53931\/revisions"}],"wp:attachment":[{"href":"https:\/\/archiviogioia.lavocedelpaese.info\/index.php?rest_route=%2Fwp%2Fv2%2Fmedia&parent=53931"}],"wp:term":[{"taxonomy":"category","embeddable":true,"href":"https:\/\/archiviogioia.lavocedelpaese.info\/index.php?rest_route=%2Fwp%2Fv2%2Fcategories&post=53931"},{"taxonomy":"post_tag","embeddable":true,"href":"https:\/\/archiviogioia.lavocedelpaese.info\/index.php?rest_route=%2Fwp%2Fv2%2Ftags&post=53931"}],"curies":[{"name":"wp","href":"https:\/\/api.w.org\/{rel}","templated":true}]}}