{"id":53994,"date":"2016-12-03T07:19:41","date_gmt":"2016-12-03T07:19:41","guid":{"rendered":"https:\/\/archiviogioia.lavocedelpaese.info\/?p=53994"},"modified":"2016-12-03T07:19:41","modified_gmt":"2016-12-03T07:19:41","slug":"academy-gioia-in-campo-a-bitetto-contro-la-sfortuna-2","status":"publish","type":"post","link":"https:\/\/archiviogioia.lavocedelpaese.info\/?p=53994","title":{"rendered":"ACADEMY GIOIA IN CAMPO A BITETTO CONTRO LA SFORTUNA"},"content":{"rendered":"<p><a title=\"Academy Volley Gioia Insieme Volley_2016_11_27_2\" href=\"https:\/\/www.flickr.com\/photos\/91470992@N02\/31021520750\" data-flickr-embed=\"true\"><img loading=\"lazy\" decoding=\"async\" style=\"display: block; margin-left: auto; margin-right: auto;\" src=\"https:\/\/c7.staticflickr.com\/6\/5647\/31021520750_9d3ce9d0fe_z.jpg\" alt=\"Academy Volley Gioia Insieme Volley_2016_11_27_2\" width=\"320\" height=\"240\" \/><\/a><\/p>\n<p><!--more--><\/p>\n<p style=\"margin-bottom: 0.0001pt; text-align: justify; line-height: normal;\"><a title=\"15285000_1866292873591011_2955414912825726271_n\" href=\"https:\/\/www.flickr.com\/photos\/91470992@N02\/31275500271\/in\/dateposted-public\/\" data-flickr-embed=\"true\"><img loading=\"lazy\" decoding=\"async\" style=\"margin: 5px; float: left;\" src=\"https:\/\/c8.staticflickr.com\/6\/5742\/31275500271_5ff1459a60_z.jpg\" alt=\"15285000_1866292873591011_2955414912825726271_n\" width=\"400\" height=\"300\" \/><\/a>\u201cSi serrano i ranghi in vista degli ultimi appuntamenti dell\u2019anno solare. L\u2019<strong>Academy Volley Gioia<\/strong> torner\u00e0 in campo sin da questo pomeriggio in <strong>serie D Femminile<\/strong>, a <strong>Bitetto<\/strong>, per sfidare le ragazze di <strong>Pianeta Sport<\/strong>, che proprio nell\u2019ultimo turno hanno operato il sorpasso in classifica con un bel successo su Maxima Volley, lasciando le biancorosse all\u2019ultimo posto. Dopo le ultime due tribolate uscite, costellate di infortuni, l\u2019<strong>UnipolSAI&amp;Lippolis<\/strong> ha voglia di rimettersi in marcia e provare a concretizzare tutto il loro impegno quotidiano in palestra. La gara avr\u00e0 inizio alle <strong>ore 18.30<\/strong>.<\/p>\n<p style=\"margin-bottom: 0.0001pt; text-align: justify; line-height: normal;\">L\u2019indomani, invece, sar\u00e0 la volta dell\u2019<strong>Agos Volley Gioia<\/strong>, impegnata in <strong>Under 16 Femminile<\/strong> nel derby con la <strong>New Volley Gioia<\/strong>, che si disputer\u00e0 alle <strong>ore 9 al PalaKouznetsov<\/strong>.<\/p>\n<p style=\"margin-bottom: 0.0001pt; text-align: justify; line-height: normal;\">Hanno gi\u00e0 ampiamente fatto la loro parte le ragazze dell\u2019<strong>Insieme Volley Gioia<\/strong> <i>(nella foto)<\/i>, sempre pi\u00f9 lanciate in vetta nel girone D di <strong>Under 18<\/strong>. La settima affermazione in altrettante partite \u00e8 giunta gioved\u00ec pomeriggio, contro Santeramo, che si \u00e8 arreso in tre set (25-16 25-19 25-11). Prossimo appuntamento venerd\u00ec 9 dicembre a Noci\u201d.<\/p>\n<p style=\"margin-bottom: 0.0001pt; text-align: right; line-height: normal;\" align=\"right\"><strong>Ufficio Stampa Academy Volley Gioia<\/strong><\/p>\n<p>&nbsp;<\/p>\n","protected":false},"excerpt":{"rendered":"","protected":false},"author":1,"featured_media":0,"comment_status":"open","ping_status":"closed","sticky":false,"template":"","format":"standard","meta":{"colormag_page_container_layout":"default_layout","colormag_page_sidebar_layout":"default_layout","footnotes":""},"categories":[5],"tags":[],"class_list":["post-53994","post","type-post","status-publish","format-standard","hentry","category-sport"],"_links":{"self":[{"href":"https:\/\/archiviogioia.lavocedelpaese.info\/index.php?rest_route=\/wp\/v2\/posts\/53994","targetHints":{"allow":["GET"]}}],"collection":[{"href":"https:\/\/archiviogioia.lavocedelpaese.info\/index.php?rest_route=\/wp\/v2\/posts"}],"about":[{"href":"https:\/\/archiviogioia.lavocedelpaese.info\/index.php?rest_route=\/wp\/v2\/types\/post"}],"author":[{"embeddable":true,"href":"https:\/\/archiviogioia.lavocedelpaese.info\/index.php?rest_route=\/wp\/v2\/users\/1"}],"replies":[{"embeddable":true,"href":"https:\/\/archiviogioia.lavocedelpaese.info\/index.php?rest_route=%2Fwp%2Fv2%2Fcomments&post=53994"}],"version-history":[{"count":0,"href":"https:\/\/archiviogioia.lavocedelpaese.info\/index.php?rest_route=\/wp\/v2\/posts\/53994\/revisions"}],"wp:attachment":[{"href":"https:\/\/archiviogioia.lavocedelpaese.info\/index.php?rest_route=%2Fwp%2Fv2%2Fmedia&parent=53994"}],"wp:term":[{"taxonomy":"category","embeddable":true,"href":"https:\/\/archiviogioia.lavocedelpaese.info\/index.php?rest_route=%2Fwp%2Fv2%2Fcategories&post=53994"},{"taxonomy":"post_tag","embeddable":true,"href":"https:\/\/archiviogioia.lavocedelpaese.info\/index.php?rest_route=%2Fwp%2Fv2%2Ftags&post=53994"}],"curies":[{"name":"wp","href":"https:\/\/api.w.org\/{rel}","templated":true}]}}