{"id":54027,"date":"2016-12-07T10:55:55","date_gmt":"2016-12-07T10:55:55","guid":{"rendered":"https:\/\/archiviogioia.lavocedelpaese.info\/?p=54027"},"modified":"2016-12-07T10:55:55","modified_gmt":"2016-12-07T10:55:55","slug":"emozione-e-partecipazione-per-i-parole-de-tataranne-foto","status":"publish","type":"post","link":"https:\/\/archiviogioia.lavocedelpaese.info\/?p=54027","title":{"rendered":"EMOZIONE E PARTECIPAZIONE PER \u201cI PAR\u00d2LE DE TATAR\u00c0NNE\u201d-foto"},"content":{"rendered":"<p><a title=\"i par\u00f2le de tatar\u00e0nne\" href=\"https:\/\/www.flickr.com\/photos\/91470992@N02\/30675668913\" data-flickr-embed=\"true\"><img loading=\"lazy\" decoding=\"async\" style=\"display: block; margin-left: auto; margin-right: auto;\" src=\"https:\/\/c2.staticflickr.com\/6\/5569\/30675668913_d8d880fb99_z.jpg\" alt=\"i par\u00f2le de tatar\u00e0nne\" width=\"320\" height=\"240\" \/><\/a><\/p>\n<p><!--more--><\/p>\n<div><a title=\"i par\u00f2le de tatar\u00e0nne\" href=\"https:\/\/www.flickr.com\/photos\/91470992@N02\/31365677821\/in\/dateposted-public\/\" data-flickr-embed=\"true\"><img loading=\"lazy\" decoding=\"async\" style=\"margin: 4px; float: right;\" src=\"https:\/\/c6.staticflickr.com\/6\/5713\/31365677821_78ecd40134_z.jpg\" alt=\"i par\u00f2le de tatar\u00e0nne\" width=\"400\" height=\"226\" \/><\/a> St\u00f2ria d\u00ectte<\/div>\n<div>se n&#8217;\u00e8 sci\u00f9te t\u00ectte t\u00ectte<\/div>\n<div>a ci\u00f9nga l&#8217;\u00e8 chend\u00e0te<\/div>\n<div>nu piatte de cartedd\u00e0te<\/div>\n<div>a ciunga l&#8217;\u00e8 send\u00f9te nu<\/div>\n<div>piatte de f\u00e0ve arrestute<\/div>\n<p>(indovinello)<\/p>\n<div>Sci\u00e0mene a c\u00f2lche ch&#8217;\u00e8 f\u00e0tte<\/div>\n<div>n\u00f2tte,<\/div>\n<div>sci\u00e0mene a fa ci\u00f2 ca<\/div>\n<div>n&#8217;asp\u00e8tte, p\u00ecle s\u00f2pe e p\u00ecle<\/div>\n<div>s\u00f2tte,<\/div>\n<div>u fr\u00f9tte remm\u00e0ne \u00ecjnde.(l&#8217;occhio)<a title=\"i par\u00f2le de tatar\u00e0nne\" href=\"https:\/\/www.flickr.com\/photos\/91470992@N02\/31334913672\/in\/dateposted-public\/\" data-flickr-embed=\"true\"><img loading=\"lazy\" decoding=\"async\" style=\"margin: 4px; float: right;\" src=\"https:\/\/c1.staticflickr.com\/6\/5544\/31334913672_034333fde5_z.jpg\" alt=\"i par\u00f2le de tatar\u00e0nne\" width=\"400\" height=\"226\" \/><\/a><\/div>\n<div> Ci la f\u00e8mmene nge s\u00e0pe fa,<\/div>\n<div>f\u00e0sce chij\u00f2ve e nevec\u00e0.<\/div>\n<div> Catar\u00ecne v\u00e0scia v\u00e0sce<\/div>\n<div>m\u00e8tte u p\u00e0ne \u00ecjnde a la c\u00e0sce<\/div>\n<div>se n&#8217;avv\u00e8rte la iadd\u00ecne<\/div>\n<div>p\u00eczzeche ng\u00f9le a Catar\u00ecne.<\/div>\n<p style=\"text-align: justify;\">Queste alcune tra le <strong>filastrocche, tiritere e indovinelli<\/strong> che gli alunni della V elementare dell&#8217;Istituto \u201cLosapio-San Filippo Neri\u201d di Gioia del Colle hanno recitato, <strong>allietando la serata<\/strong>, nell&#8217;ambito dell&#8217;evento del 24 Novembre 2016.<a title=\"i par\u00f2le de tatar\u00e0nne\" href=\"https:\/\/www.flickr.com\/photos\/91470992@N02\/31334913112\/in\/dateposted-public\/\" data-flickr-embed=\"true\"><img loading=\"lazy\" decoding=\"async\" style=\"margin: 4px; float: left;\" src=\"https:\/\/c1.staticflickr.com\/6\/5556\/31334913112_ee7960be46_z.jpg\" alt=\"i par\u00f2le de tatar\u00e0nne\" width=\"400\" height=\"226\" \/><\/a><\/p>\n<p style=\"text-align: justify;\">Grazie alla Pro Loco, il patrocinio del Comune di Gioia, Assessorato alle Culture e a vari sponsor, si \u00e8 potuto stampare il \u201cSUPPLEMENTO\u201d a \u201c<strong>I par\u00f2l<\/strong><strong>e <\/strong><strong>de Tatar\u00e0nne<\/strong>\u201d <strong>contenente le ultime ric<\/strong><strong>erche sul Dialetto di Gioia del Colle, condotte d<\/strong><strong>al Prof. Giuseppe Romano<\/strong>.<\/p>\n<p style=\"text-align: justify;\">A presentare al pubblico, accorso numeroso nel Chiostro del Comune, il Presidente della Pro Loco <strong>Gianfranco Amatulli<\/strong>, ricordando il legame particolare con Pino Romano, come affettuosamente chiamato da tutti i suoi amici, un uomo di studi e ricercatore che con l&#8217;uscita nel 2007 del suo primo lavoro fu per tutti una risorsa ed una opportunit\u00e0 culturale. L&#8217;impegno di&nbsp; Ro<a title=\"i par\u00f2le de tatar\u00e0nne\" href=\"https:\/\/www.flickr.com\/photos\/91470992@N02\/31334909352\/in\/dateposted-public\/\" data-flickr-embed=\"true\"><img loading=\"lazy\" decoding=\"async\" style=\"margin: 4px; float: right;\" src=\"https:\/\/c1.staticflickr.com\/6\/5554\/31334909352_d57b1a9e89_z.jpg\" alt=\"i par\u00f2le de tatar\u00e0nne\" width=\"400\" height=\"226\" \/><\/a>mano fu tale da dover ricorrere all&#8217;aiuto degli anziani per ricostruire la giusta fonetica dei suoni dialettali. Il Presidente Amatulli dopo aver ringraziato <strong>Francesco Gra<\/strong><strong>ndieri<\/strong> e <strong>Mattia Angelillo<\/strong> per la collaborazione tecnica, l&#8217;Assessore alle culture <strong>Anna Maria Longo<\/strong> e tutti i presenti, ha dato la parola a <strong>C<\/strong><strong>ristina Ferulli<\/strong> per la lettura di una poesia scritta da <strong>Susanna De Mattia<\/strong> e dedicata a Pino Romano. Al termine&nbsp; ha preso la parola&nbsp; il <strong>Prof. Trifone Gargano<\/strong> della Facolt\u00e0 di Lettere Universit\u00e0 di Foggia.<\/p>\n<p style=\"text-align: justify;\">La \u201cLectio Magistralis\u201d del Prof Gargano \u00e8 stata molto interessante e sottolineando la non esistenza di una grammatica storica dei dialetti d&#8217;Italia, il lavoro svolto da Pino Romano \u00e8 qualcosa di molto prezioso. Il Prof. Gargano ha inoltre ricordato il<a title=\"i par\u00f2le de tatar\u00e0nne\" href=\"https:\/\/www.flickr.com\/photos\/91470992@N02\/31481464745\/in\/dateposted-public\/\" data-flickr-embed=\"true\"><img loading=\"lazy\" decoding=\"async\" style=\"margin: 4px; float: left;\" src=\"https:\/\/c2.staticflickr.com\/6\/5610\/31481464745_aafba436c6_z.jpg\" alt=\"i par\u00f2le de tatar\u00e0nne\" width=\"400\" height=\"226\" \/><\/a> sorriso contagioso di Pino, per arrivare al raffinato linguista e francesista, con un uso creativo delle parole e il titolo del libro \u201cI par\u00f2le de Tatar\u00e0nne\u201d una scelta precisa. Il dialetto, ovvero le parole dialettali sono intese non come colore o macchietta ma vera ideologia, un modo di vedere il mondo e la vita, parole che cambiano da persona a persona perch\u00e9 vive e sempre in evoluzione. Al termine dell&#8217;evento gli alunni della III elementare \u201cSan Filippo Neri\u201d via Eva, hanno cantato in coro alcuni brani in dialetto tratti dal \u201cSupplemento\u201d e guidati dalla Maestra <strong>Antonella Gisotti<\/strong>. L&#8217;atmosfera che si respirava durante la serata era quella calda ed accogliente che si prova in famiglia , ma qui pi\u00f9 allargata perch\u00e8 la caratteristica di una comunit\u00e0 \u00e8 proprio quella di&nbsp; dare il senso dell&#8217;appartenenza&nbsp; e cosa pi\u00f9 del \u201cdialetto\u201d pu\u00f2 rimarcare questo stato! Inoltre la scelta di far cantare o recitare i bambini non \u00e8 stata casuale, sono loro i depositari della cultura popolare e della sua espressione: il \u201cDialetto\u201d.[<strong>foto Mario Di Giuseppe<\/strong>]<\/p>\n<p>\n<object data=\"https:\/\/www.flickr.com\/apps\/slideshow\/show.swf?v=261948265\" type=\"application\/x-shockwave-flash\" width=\"660\" height=\"495\"><param name=\"flashvars\" value=\"offsite=true&amp;lang=it-it&amp;page_show_url=%2Fphotos%2F91470992%40N02%2Fsets%2F72157673549401284%2Fshow%2F&amp;page_show_back_url=%2Fphotos%2F91470992%40N02%2Fsets%2F72157673549401284%2F&amp;set_id=72157673549401284&amp;jump_to=\" \/><param name=\"movie\" value=\"https:\/\/www.flickr.com\/apps\/slideshow\/show.swf?v=261948265\" \/><param name=\"allowFullScreen\" value=\"true\" \/><\/object><\/p>\n","protected":false},"excerpt":{"rendered":"","protected":false},"author":1,"featured_media":0,"comment_status":"open","ping_status":"closed","sticky":false,"template":"","format":"standard","meta":{"colormag_page_container_layout":"default_layout","colormag_page_sidebar_layout":"default_layout","footnotes":""},"categories":[7],"tags":[],"class_list":["post-54027","post","type-post","status-publish","format-standard","hentry","category-attualita"],"_links":{"self":[{"href":"https:\/\/archiviogioia.lavocedelpaese.info\/index.php?rest_route=\/wp\/v2\/posts\/54027","targetHints":{"allow":["GET"]}}],"collection":[{"href":"https:\/\/archiviogioia.lavocedelpaese.info\/index.php?rest_route=\/wp\/v2\/posts"}],"about":[{"href":"https:\/\/archiviogioia.lavocedelpaese.info\/index.php?rest_route=\/wp\/v2\/types\/post"}],"author":[{"embeddable":true,"href":"https:\/\/archiviogioia.lavocedelpaese.info\/index.php?rest_route=\/wp\/v2\/users\/1"}],"replies":[{"embeddable":true,"href":"https:\/\/archiviogioia.lavocedelpaese.info\/index.php?rest_route=%2Fwp%2Fv2%2Fcomments&post=54027"}],"version-history":[{"count":0,"href":"https:\/\/archiviogioia.lavocedelpaese.info\/index.php?rest_route=\/wp\/v2\/posts\/54027\/revisions"}],"wp:attachment":[{"href":"https:\/\/archiviogioia.lavocedelpaese.info\/index.php?rest_route=%2Fwp%2Fv2%2Fmedia&parent=54027"}],"wp:term":[{"taxonomy":"category","embeddable":true,"href":"https:\/\/archiviogioia.lavocedelpaese.info\/index.php?rest_route=%2Fwp%2Fv2%2Fcategories&post=54027"},{"taxonomy":"post_tag","embeddable":true,"href":"https:\/\/archiviogioia.lavocedelpaese.info\/index.php?rest_route=%2Fwp%2Fv2%2Ftags&post=54027"}],"curies":[{"name":"wp","href":"https:\/\/api.w.org\/{rel}","templated":true}]}}