{"id":54114,"date":"2016-12-14T05:30:03","date_gmt":"2016-12-14T05:30:03","guid":{"rendered":"https:\/\/archiviogioia.lavocedelpaese.info\/?p=54114"},"modified":"2016-12-14T05:30:03","modified_gmt":"2016-12-14T05:30:03","slug":"progetto-un-parco-da-vivere-con-cia-e-tracceverdi-2","status":"publish","type":"post","link":"https:\/\/archiviogioia.lavocedelpaese.info\/?p=54114","title":{"rendered":"PROGETTO \u201cUN PARCO DA VIVERE\u201d CON C.I.A. E TRACCEVERDI"},"content":{"rendered":"<p><a title=\"parco lama di balice\" href=\"https:\/\/www.flickr.com\/photos\/91470992@N02\/30830355643\" data-flickr-embed=\"true\"><img loading=\"lazy\" decoding=\"async\" style=\"display: block; margin-left: auto; margin-right: auto;\" src=\"https:\/\/c4.staticflickr.com\/1\/348\/30830355643_bda2fecdc4.jpg\" alt=\"parco lama di balice\" width=\"320\" height=\"240\" \/><\/a><\/p>\n<p><!--more--><\/p>\n<p style=\"text-align: justify;\"><a title=\"parco lama balice\" href=\"https:\/\/www.flickr.com\/photos\/91470992@N02\/31524632431\/in\/photostream\/\" data-flickr-embed=\"true\"><img loading=\"lazy\" decoding=\"async\" style=\"margin: 4px; float: left;\" src=\"https:\/\/c8.staticflickr.com\/1\/773\/31524632431_3602ec702c.jpg\" alt=\"parco lama balice\" width=\"400\" height=\"311\" \/><\/a> \u201cDa alcuni mesi la <strong>Cooperativa Tracceverdi<\/strong> in partnership con la <strong>Confederazione Italiana Agricoltori<\/strong> ha avviato &#8220;<a href=\"http:\/\/www.unparcodavivere.it\/?email_id=6&amp;user_id=53&amp;urlpassed=aHR0cDovL3d3dy51bnBhcmNvZGF2aXZlcmUuaXQ%3D&amp;controller=stats&amp;action=analyse&amp;wysija-page=1&amp;wysijap=subscriptions\" target=\"_blank\" rel=\"noopener\"><i>Un Parco da Vivere<\/i><\/a>&#8220;, un progetto sperimentale sul tema dell&#8217;agricoltura sociale e della rigenerazione di spazi pubblici.<\/p>\n<p style=\"text-align: justify;\">Per chi non lo sapesse ancora, nel cuore del Parco Regionale di Lama Balice a Bari stiamo sviluppando un &nbsp;percorso di inclusione con 100 ragazzi affetti da disagio psicofisico e a forte rischio di devianza sociale.<\/p>\n<p style=\"text-align: justify;\">Con una squadra di psicologi, agronomi, comunicatori sociali stiamo sperimentando uno dei primi percorsi mai realizzati nel parco in ambito di agricoltura e nuovo welfare. Laboratori esperenziali, attivit\u00e0 all&#8217;aria aperta, immersioni in lama, coltivazione di orti: questo e molto altro \u00e8 &#8220;<i>Un Parco da Vivere<\/i>&#8220;.&nbsp; Del resto crediamo fortemente nel valore dell&#8217;agricoltura sociale e nel ruolo che pu\u00f2 giocare per facilitare emozioni, socialit\u00e0, contatto e comunit\u00e0.<\/p>\n<p style=\"text-align: justify;\">Oggi per\u00f2 la sfida<a title=\"parco lama di balice\" href=\"https:\/\/www.flickr.com\/photos\/91470992@N02\/30798779634\/in\/photostream\/\" data-flickr-embed=\"true\"><img loading=\"lazy\" decoding=\"async\" style=\"margin: 4px; float: right;\" src=\"https:\/\/c3.staticflickr.com\/1\/738\/30798779634_2b03921393.jpg\" alt=\"parco lama di balice\" width=\"400\" height=\"266\" \/><\/a> \u00e8 ancora pi\u00f9 grande. Dopo i primi 50 ragazzi gi\u00e0 coinvolti nel progetto, sono in partenza a gennaio i nuovi laboratori, ovviamente tutti gratuiti ed immersi nel <strong>Giardino dei Sensi<\/strong>, inaugurato lo scorso novembre.<\/p>\n<p style=\"text-align: justify;\">Chiediamo per questo un supporto a tutta la nostra rete per far conoscere il progetto a cooperative sociali, associazioni, centri diurni, parrocchie, scuole o famiglie che abbiano voglia di partecipare o far partecipare i propri ragazzi alle attivit\u00e0 gratuite del progetto. Molte associazioni e realt\u00e0 dell&#8217;area metropolitana di Bari hanno gi\u00e0 aderito tra cui ricordiamo e ringraziamo&nbsp;<strong>Angeli della Vita, Effetto Terra, Cooperativa Siloe, CSM di Bari, Ce<\/strong><strong>ntro Diurno San Nicola<\/strong>. Molte altre si apprestano a farlo.<\/p>\n<p style=\"text-align: justify;\">Al termine del progetto vogliamo testimoniare questa esperienza di agricoltura sociale al Ministero della Giovent\u00f9 per dar risalto all&#8217;importanza dell&#8217;agricoltura nei nuovi servizi di welfare sociale ed al ruolo che lo stesso Parco di Lama Balice potr\u00e0 ricoprire <a title=\"unnamed\" href=\"https:\/\/www.flickr.com\/photos\/91470992@N02\/30798735154\/in\/photostream\/\" data-flickr-embed=\"true\"><img loading=\"lazy\" decoding=\"async\" style=\"margin: 4px; float: left;\" src=\"https:\/\/c3.staticflickr.com\/1\/623\/30798735154_0903091a01.jpg\" alt=\"unnamed\" width=\"400\" height=\"92\" \/><\/a>anche in questo ambito. &nbsp;<\/p>\n<p style=\"text-align: justify;\">Per maggiori informazioni sui nostri laboratori <a href=\"http:\/\/www.unparcodavivere.it\/?email_id=6&amp;user_id=53&amp;urlpassed=aHR0cDovL3d3dy51bnBhcmNvZGF2aXZlcmUuaXQvdW4tcGFyY28tZGEtdml2ZXJlL2xhYm9yYXRvcmkv&amp;controller=stats&amp;action=analyse&amp;wysija-page=1&amp;wysijap=subscriptions\" target=\"_blank\" rel=\"noopener\">cliccate qui<\/a> oppure contattateci via e-mail su <a href=\"mailto:attivita@unparcodavivere.it\" target=\"_blank\" rel=\"noopener\">attivita@unparcodavivere.it<\/a> o via cell al 328-5940703\u201d.<\/p>\n<p style=\"text-align: right;\" align=\"right\">Lo Staff di &#8220;Un Parco da Vivere<\/p>\n<p>&nbsp;<\/p>\n","protected":false},"excerpt":{"rendered":"","protected":false},"author":1,"featured_media":0,"comment_status":"open","ping_status":"closed","sticky":false,"template":"","format":"standard","meta":{"colormag_page_container_layout":"default_layout","colormag_page_sidebar_layout":"default_layout","footnotes":""},"categories":[7],"tags":[],"class_list":["post-54114","post","type-post","status-publish","format-standard","hentry","category-attualita"],"_links":{"self":[{"href":"https:\/\/archiviogioia.lavocedelpaese.info\/index.php?rest_route=\/wp\/v2\/posts\/54114","targetHints":{"allow":["GET"]}}],"collection":[{"href":"https:\/\/archiviogioia.lavocedelpaese.info\/index.php?rest_route=\/wp\/v2\/posts"}],"about":[{"href":"https:\/\/archiviogioia.lavocedelpaese.info\/index.php?rest_route=\/wp\/v2\/types\/post"}],"author":[{"embeddable":true,"href":"https:\/\/archiviogioia.lavocedelpaese.info\/index.php?rest_route=\/wp\/v2\/users\/1"}],"replies":[{"embeddable":true,"href":"https:\/\/archiviogioia.lavocedelpaese.info\/index.php?rest_route=%2Fwp%2Fv2%2Fcomments&post=54114"}],"version-history":[{"count":0,"href":"https:\/\/archiviogioia.lavocedelpaese.info\/index.php?rest_route=\/wp\/v2\/posts\/54114\/revisions"}],"wp:attachment":[{"href":"https:\/\/archiviogioia.lavocedelpaese.info\/index.php?rest_route=%2Fwp%2Fv2%2Fmedia&parent=54114"}],"wp:term":[{"taxonomy":"category","embeddable":true,"href":"https:\/\/archiviogioia.lavocedelpaese.info\/index.php?rest_route=%2Fwp%2Fv2%2Fcategories&post=54114"},{"taxonomy":"post_tag","embeddable":true,"href":"https:\/\/archiviogioia.lavocedelpaese.info\/index.php?rest_route=%2Fwp%2Fv2%2Ftags&post=54114"}],"curies":[{"name":"wp","href":"https:\/\/api.w.org\/{rel}","templated":true}]}}