{"id":54276,"date":"2017-01-05T10:29:15","date_gmt":"2017-01-05T10:29:15","guid":{"rendered":"https:\/\/archiviogioia.lavocedelpaese.info\/?p=54276"},"modified":"2017-01-05T10:29:15","modified_gmt":"2017-01-05T10:29:15","slug":"migliaia-di-nuovi-posti-di-lavoro-in-diversi-settori","status":"publish","type":"post","link":"https:\/\/archiviogioia.lavocedelpaese.info\/?p=54276","title":{"rendered":"MIGLIAIA DI NUOVI POSTI DI LAVORO IN DIVERSI SETTORI"},"content":{"rendered":"<p><a title=\"assunzioni settore turismo\" href=\"https:\/\/www.flickr.com\/photos\/91470992@N02\/30031390823\/in\/photolist-QbwDTr-Q8f45Q-QbwsUx-Q1gR74-MKLHZP-MKLJhc-NghsTE-MKLJdp-NHLxAZ-NHLxMF-MpsGNM-MpsGKk-MV38Vs-MV38S1-N6b4aS-MiEfFZ-MF2mhN-MaxxRx-MaxxZD-MaxxTX\" data-flickr-embed=\"true\"><img loading=\"lazy\" decoding=\"async\" style=\"display: block; margin-left: auto; margin-right: auto;\" src=\"https:\/\/c8.staticflickr.com\/6\/5347\/30031390823_a689d094d5_o.jpg\" alt=\"assunzioni settore turismo\" width=\"320\" height=\"240\" \/><\/a><\/p>\n<p><!--more--><\/p>\n<p style=\"text-align: justify;\"><a title=\"cntrcmmrcl_adg-320x200\" href=\"https:\/\/www.flickr.com\/photos\/91470992@N02\/31279008164\/in\/dateposted-public\/\" data-flickr-embed=\"true\"><img loading=\"lazy\" decoding=\"async\" style=\"margin: 4px; float: left;\" src=\"https:\/\/c5.staticflickr.com\/1\/400\/31279008164_e1aeccf154_o.jpg\" alt=\"cntrcmmrcl_adg-320x200\" width=\"400\" height=\"250\" \/><\/a><strong>* &#8220;Nel 2017 verr\u00e0 inaugurato il nuovo&nbsp;Centro Commerciale<\/strong> \u2018<strong>Adigeo<\/strong>\u2019&nbsp;di <strong>Verona<\/strong>, il quale&nbsp;ospiter\u00e0 circa&nbsp;140 punti vendita e quindi creer\u00e0 molti posti di lavoro, le ricerche saranno per lo pi\u00f9 rivolte al&nbsp;personale&nbsp;di&nbsp;vendita, magazzinieri, responsabili, addetti&nbsp;alle&nbsp;pulizie&nbsp;ed&nbsp;altri profili.<\/p>\n<p style=\"text-align: justify;\">Ad oggi sono gi\u00e0 <strong>molte le figure ricercate basta visitare il sito<\/strong>&nbsp;<strong><a href=\"https:\/\/www.adigeo.com\/it\/jobs\/jobs\/\" target=\"_blank\" rel=\"noopener\">www.adigeo.com<\/a><\/strong>&nbsp;per scoprire che stanno cercando Store Manager, Commessi, Parrucchieri, Addetti&nbsp;alle&nbsp;Vendite, Specialisti&nbsp;di&nbsp;Reparto, Visual Merchandiser, e <strong>saranno circa 1000 i posti di lavoro disponibili<\/strong> quindi tenete d\u2019occhio il sito per aggiornamenti.<\/p>\n<p style=\"text-align: justify;\"><strong>* Il&nbsp;4 ottob<\/strong><a title=\"Presentazione-FabbricaItalianaContadinafico\" href=\"https:\/\/www.flickr.com\/photos\/91470992@N02\/31279008044\/in\/dateposted-public\/\" data-flickr-embed=\"true\"><img loading=\"lazy\" decoding=\"async\" style=\"margin: 4px; float: right;\" src=\"https:\/\/c5.staticflickr.com\/1\/308\/31279008044_0a7f570b36_o.jpg\" alt=\"Presentazione-FabbricaItalianaContadinafico\" width=\"400\" height=\"225\" \/><\/a><strong>re 2017, a Bologna, sar\u00e0 inaugurato<\/strong> <strong>FICO (Fabbrica Italiana Contadina)<\/strong>, un parco&nbsp;dedicato alla&nbsp;biodiversit\u00e0 agroalimentare&nbsp;italiana, e porter\u00e0 con se l\u2019opportunit\u00e0 di <strong>lavoro per circa 3.000 posti<\/strong>&nbsp;tra&nbsp;assunzioni dirette&nbsp;e&nbsp;indotto.<\/p>\n<p style=\"text-align: justify;\">Il parco sar\u00e0 davvero molto esteso: una superficie totale di&nbsp;80.000 mq, 7.000 mq di colture, 4.000 mq di stalle, 9.000 mq di botteghe e mercati, 7.300 mq di ristoranti, 4.000 mq di centro congressi e 44.000 pannelli fotovoltaici, oltre 2000 aziende coinvolte, 40 fabbriche contadine artigianali, 3.000 posti di lavoro (occupati nell\u2019indotto) di cui 700 direttamente all\u2019interno del parco, 10 aule&nbsp;dedicate alla didattica e alla formazione e 3km di&nbsp;percorso didattico per le sc<a title=\"65064.t.W320.M4\" href=\"https:\/\/www.flickr.com\/photos\/91470992@N02\/31745105130\/in\/dateposted-public\/\" data-flickr-embed=\"true\"><img loading=\"lazy\" decoding=\"async\" style=\"margin: 4px; float: left;\" src=\"https:\/\/c3.staticflickr.com\/1\/712\/31745105130_48b0b10a7f_o.jpg\" alt=\"65064.t.W320.M4\" width=\"400\" height=\"221\" \/><\/a>olaresche!<\/p>\n<p><strong>Per maggiori informazioni<\/strong> potete visitare il sito&nbsp;<strong><a href=\"http:\/\/eatalyworld.it\/it\/home\" target=\"_blank\" rel=\"noopener\">eatalyworld.it<\/a>.<\/strong><\/p>\n<p style=\"text-align: justify;\"><strong>*<\/strong> La societ\u00e0 <strong>Pioneer Investments<\/strong>,&nbsp;entrata da poco a far parte del Gruppo Amundi, ha comunicato che nel corso della prima met\u00e0 del 2017,&nbsp;intende&nbsp;incrementarne&nbsp;l\u2019organico&nbsp;di&nbsp;ben&nbsp;<strong>300 unit\u00e0&nbsp;a&nbsp;Milano<\/strong>. Ad ora non sono note le modalit\u00e0 di assunzione o le figure ricercate ma si presume che potrebbero rientrare nel settore&nbsp;degli&nbsp;specialisti&nbsp;degli&nbsp;investimenti, consulenti, addetti vendite&nbsp;e ci saranno anche opportunit\u00e0 per&nbsp;impiegati&nbsp;e&nbsp;figure&nbsp;a carattere tecnico&#8221;.<\/p>\n<p>&nbsp;<\/p>\n","protected":false},"excerpt":{"rendered":"","protected":false},"author":1,"featured_media":0,"comment_status":"open","ping_status":"closed","sticky":false,"template":"","format":"standard","meta":{"colormag_page_container_layout":"default_layout","colormag_page_sidebar_layout":"default_layout","footnotes":""},"categories":[9],"tags":[],"class_list":["post-54276","post","type-post","status-publish","format-standard","hentry","category-la-voce-del-paese"],"_links":{"self":[{"href":"https:\/\/archiviogioia.lavocedelpaese.info\/index.php?rest_route=\/wp\/v2\/posts\/54276","targetHints":{"allow":["GET"]}}],"collection":[{"href":"https:\/\/archiviogioia.lavocedelpaese.info\/index.php?rest_route=\/wp\/v2\/posts"}],"about":[{"href":"https:\/\/archiviogioia.lavocedelpaese.info\/index.php?rest_route=\/wp\/v2\/types\/post"}],"author":[{"embeddable":true,"href":"https:\/\/archiviogioia.lavocedelpaese.info\/index.php?rest_route=\/wp\/v2\/users\/1"}],"replies":[{"embeddable":true,"href":"https:\/\/archiviogioia.lavocedelpaese.info\/index.php?rest_route=%2Fwp%2Fv2%2Fcomments&post=54276"}],"version-history":[{"count":0,"href":"https:\/\/archiviogioia.lavocedelpaese.info\/index.php?rest_route=\/wp\/v2\/posts\/54276\/revisions"}],"wp:attachment":[{"href":"https:\/\/archiviogioia.lavocedelpaese.info\/index.php?rest_route=%2Fwp%2Fv2%2Fmedia&parent=54276"}],"wp:term":[{"taxonomy":"category","embeddable":true,"href":"https:\/\/archiviogioia.lavocedelpaese.info\/index.php?rest_route=%2Fwp%2Fv2%2Fcategories&post=54276"},{"taxonomy":"post_tag","embeddable":true,"href":"https:\/\/archiviogioia.lavocedelpaese.info\/index.php?rest_route=%2Fwp%2Fv2%2Ftags&post=54276"}],"curies":[{"name":"wp","href":"https:\/\/api.w.org\/{rel}","templated":true}]}}