{"id":54284,"date":"2017-01-05T14:05:23","date_gmt":"2017-01-05T14:05:23","guid":{"rendered":"https:\/\/archiviogioia.lavocedelpaese.info\/?p=54284"},"modified":"2017-01-05T14:05:23","modified_gmt":"2017-01-05T14:05:23","slug":"la-biblioteca-non-chiude-si-spostera-in-un-luogo-a-norma","status":"publish","type":"post","link":"https:\/\/archiviogioia.lavocedelpaese.info\/?p=54284","title":{"rendered":"\u201cLA BIBLIOTECA NON CHIUDE. SI SPOSTER\u00c0 IN UN LUOGO A NORMA\u201d"},"content":{"rendered":"<p><a title=\"biblioteca-comunale\" href=\"https:\/\/www.flickr.com\/photos\/91470992@N02\/14138502393\/in\/photolist-mkFqnv-mkHAmd-mkHxU9-mkFAR6-mkFxZ4-mkFxuM-mkHwk7-mkFBQR-mkHuKd-mkHyrm-mkGjeK-mkGguB-mkHzsj-kSkWuz-kSknne-jD8czZ-j7V4Lr-nxnwbD-igrTbh-gLoUr8-nviP6Z-gHW6fu-gHWfJk-o3Aww3-o4RNs3-nNAQgh-e6LgAE-e6EAzr-e6Lg8G-e6Lh7N-e6Ext8-e6EvgP-e6LaQ9-e6Ew7z-e6EvqB-e6EwAg-e6Lap5-e6EuZa-gHWmLG-CBk5gG-Cdo5Ri-tSrFnM-tzZjSF-gHW9WY-gHW91j-gHWB6H-Gfz9zw-vwWuhT-MSCNxF-gHWmvS\" data-flickr-embed=\"true\"><img loading=\"lazy\" decoding=\"async\" style=\"display: block; margin-left: auto; margin-right: auto;\" src=\"https:\/\/c2.staticflickr.com\/8\/7436\/14138502393_d8cbb27639_z.jpg\" alt=\"biblioteca-comunale\" width=\"320\" height=\"240\" \/><\/a><\/p>\n<p><!--more--><\/p>\n<p style=\"margin-bottom: 0.0001pt; line-height: normal; text-align: justify;\"><a title=\"biblioteca comunale\" href=\"https:\/\/www.flickr.com\/photos\/91470992@N02\/10319932916\/in\/photolist-mkFqnv-mkHAmd-mkHxU9-mkFAR6-mkFxZ4-mkFxuM-mkHwk7-mkFBQR-mkHuKd-mkHyrm-mkGjeK-mkGguB-mkHzsj-kSkWuz-kSknne-jD8czZ-j7V4Lr-nxnwbD-igrTbh-gLoUr8-nviP6Z-gHW6fu-gHWfJk-o3Aww3-o4RNs3-nNAQgh-e6LgAE-e6EAzr-e6Lg8G-e6Lh7N-e6Ext8-e6EvgP-e6LaQ9-e6Ew7z-e6EvqB-e6EwAg-e6Lap5-e6EuZa-gHWmLG-CBk5gG-Cdo5Ri-tSrFnM-tzZjSF-gHW9WY-gHW91j-gHWB6H-Gfz9zw-vwWuhT-MSCNxF-gHWmvS\" data-flickr-embed=\"true\"><img loading=\"lazy\" decoding=\"async\" style=\"margin: 4px; float: left;\" src=\"https:\/\/c5.staticflickr.com\/3\/2835\/10319932916_82b3220cc6_z.jpg\" alt=\"biblioteca comunale\" width=\"400\" height=\"300\" \/><\/a><strong>In merito alle attivit\u00e0 future della Biblioteca<\/strong> comunale \u201cDon Vincenzo Angelilli\u201d, informiamo la cittadinanza che <strong>sul sito internet ufficiale del Comune<\/strong> di Gioia del Colle, in data 4 gennaio 2017, \u00e8 stato pubblicato l\u2019avviso in cui \u201c<strong>si comunica che dal 2 gennaio 2017 la Biblioteca comunale \u00e9 chiusa al pubblico<\/strong>\u201d. Nello stesso avviso \u00e8 altres\u00ec precisato che \u201c<strong>saranno comunque assicurati alcuni servizi<\/strong> con le seguenti modalit\u00e0: attivit\u00e0 di permanenza per studio presso la sede di Bande\u00e0part, <strong>al 3\u00b0 piano dell\u2019immobile comunale utilizzato per i Servizi Sociali<\/strong>, in via Arciprete Gatta 33, nei giorni di mercoled\u00ec, venerd\u00ec e sabato dalle ore 16 alle 20\u201d, mentre la \u201cconsultazione dei quotidiani e dei periodici locali sar\u00e0 possibile continuare ad effettuarla, dal luned\u00ec al venerd\u00ec dalle ore 9.30 alle 12.30 e il marted\u00ec pomeriggio dalle ore 16.00 alle 18.30, <strong>presso l\u2019Ufficio IAT<\/strong>, sito al piano terra della Biblioteca, in corso Vittorio Emanuele 13.\u201d<\/p>\n<p style=\"margin-bottom: 0.0001pt; text-align: justify; line-height: normal;\">Si informa, inoltre, che <strong>l\u2019organizzazione del \u201cServizio prestito dei libri \u00e8 in via di definizion<\/strong><a title=\"biblioteca comunale\" href=\"https:\/\/www.flickr.com\/photos\/91470992@N02\/10319913455\/in\/photolist-mkFqnv-mkHAmd-mkHxU9-mkFAR6-mkFxZ4-mkFxuM-mkHwk7-mkFBQR-mkHuKd-mkHyrm-mkGjeK-mkGguB-mkHzsj-kSkWuz-kSknne-jD8czZ-j7V4Lr-nxnwbD-igrTbh-gLoUr8-nviP6Z-gHW6fu-gHWfJk-o3Aww3-o4RNs3-nNAQgh-e6LgAE-e6EAzr-e6Lg8G-e6Lh7N-e6Ext8-e6EvgP-e6LaQ9-e6Ew7z-e6EvqB-e6EwAg-e6Lap5-e6EuZa-gHWmLG-CBk5gG-Cdo5Ri-tSrFnM-tzZjSF-gHW9WY-gHW91j-gHWB6H-Gfz9zw-vwWuhT-MSCNxF-gHWmvS\/\" data-flickr-embed=\"true\"><img loading=\"lazy\" decoding=\"async\" style=\"margin: 4px; float: right;\" src=\"https:\/\/c8.staticflickr.com\/8\/7404\/10319913455_a733e5d7ce_z.jpg\" alt=\"biblioteca comunale\" width=\"400\" height=\"300\" \/><\/a><strong>e<\/strong>, e le modalit\u00e0 provvisorie saranno comunicate con successivi avvisi\u201d.<\/p>\n<p style=\"margin-bottom: 0.0001pt; text-align: justify; line-height: normal;\"><strong>Una chiusura obbligata stante l\u2019inadeguatezza<\/strong> della struttura a soddisfare le norme <strong>in materia di sicurezza<\/strong>, soprattutto antincendio.<\/p>\n<p style=\"margin-bottom: 0.0001pt; text-align: justify; line-height: normal;\">Dal Palazzo comunicano che \u201c<strong>l\u2019Amministrazione \u00e8 comunque alla ricerca di una sede pi\u00f9 bella e pi\u00f9 idonea (a norma)<\/strong> a soddisfare tutte le esigenze che la legge chiede per l\u2019incolumit\u00e0 pubblica e la sicurezza strutturale. <strong>La biblioteca non sparir\u00e0 e non chiuder\u00e0<\/strong>, la cittadinanza pu\u00f2 esserne pi\u00f9 che certa. <strong>L\u2019attuale sede<\/strong>, in cui migliaia di studenti e cittadini, oltre agli operatori, hanno operato per anni, <strong>non era a norma<\/strong>. Fortunatamente non \u00e8 successo nulla di grave ma, i rischi circa la sicurezza di chi la frequentava erano molto pesanti, e il drastico intervento era quindi inderogabile. <strong>Siamo stati obbligati, andava presa una decisione, per il bene comune<\/strong>\u201d.<\/p>\n<p>&nbsp;<\/p>\n","protected":false},"excerpt":{"rendered":"","protected":false},"author":1,"featured_media":0,"comment_status":"open","ping_status":"closed","sticky":false,"template":"","format":"standard","meta":{"colormag_page_container_layout":"default_layout","colormag_page_sidebar_layout":"default_layout","footnotes":""},"categories":[4],"tags":[],"class_list":["post-54284","post","type-post","status-publish","format-standard","hentry","category-politica"],"_links":{"self":[{"href":"https:\/\/archiviogioia.lavocedelpaese.info\/index.php?rest_route=\/wp\/v2\/posts\/54284","targetHints":{"allow":["GET"]}}],"collection":[{"href":"https:\/\/archiviogioia.lavocedelpaese.info\/index.php?rest_route=\/wp\/v2\/posts"}],"about":[{"href":"https:\/\/archiviogioia.lavocedelpaese.info\/index.php?rest_route=\/wp\/v2\/types\/post"}],"author":[{"embeddable":true,"href":"https:\/\/archiviogioia.lavocedelpaese.info\/index.php?rest_route=\/wp\/v2\/users\/1"}],"replies":[{"embeddable":true,"href":"https:\/\/archiviogioia.lavocedelpaese.info\/index.php?rest_route=%2Fwp%2Fv2%2Fcomments&post=54284"}],"version-history":[{"count":0,"href":"https:\/\/archiviogioia.lavocedelpaese.info\/index.php?rest_route=\/wp\/v2\/posts\/54284\/revisions"}],"wp:attachment":[{"href":"https:\/\/archiviogioia.lavocedelpaese.info\/index.php?rest_route=%2Fwp%2Fv2%2Fmedia&parent=54284"}],"wp:term":[{"taxonomy":"category","embeddable":true,"href":"https:\/\/archiviogioia.lavocedelpaese.info\/index.php?rest_route=%2Fwp%2Fv2%2Fcategories&post=54284"},{"taxonomy":"post_tag","embeddable":true,"href":"https:\/\/archiviogioia.lavocedelpaese.info\/index.php?rest_route=%2Fwp%2Fv2%2Ftags&post=54284"}],"curies":[{"name":"wp","href":"https:\/\/api.w.org\/{rel}","templated":true}]}}