{"id":54351,"date":"2017-01-10T02:51:38","date_gmt":"2017-01-10T02:51:38","guid":{"rendered":"https:\/\/archiviogioia.lavocedelpaese.info\/?p=54351"},"modified":"2017-01-10T02:51:38","modified_gmt":"2017-01-10T02:51:38","slug":"emergenza-anche-i-neri-della-stazione-hanno-aiutato-2","status":"publish","type":"post","link":"https:\/\/archiviogioia.lavocedelpaese.info\/?p=54351","title":{"rendered":"EMERGENZA. ANCHE \u201cI NERI DELLA STAZIONE\u201d HANNO AIUTATO"},"content":{"rendered":"<p><a title=\"migranti che spalano neve\" href=\"https:\/\/www.flickr.com\/photos\/91470992@N02\/32183566186\" data-flickr-embed=\"true\"><img loading=\"lazy\" decoding=\"async\" style=\"display: block; margin-left: auto; margin-right: auto;\" src=\"https:\/\/c3.staticflickr.com\/1\/346\/32183566186_22a9bc8159_z.jpg\" alt=\"migranti che spalano neve\" width=\"320\" height=\"240\" \/><\/a><\/p>\n<p><!--more--><\/p>\n<p style=\"text-align: justify;\"><a title=\"migranti che spalano neve\" href=\"https:\/\/www.flickr.com\/photos\/91470992@N02\/32183725106\" data-flickr-embed=\"true\"><img loading=\"lazy\" decoding=\"async\" style=\"margin: 4px; float: left;\" src=\"https:\/\/c3.staticflickr.com\/1\/716\/32183725106_e52e7e3a3a_o.jpg\" alt=\"migranti che spalano neve\" width=\"400\" height=\"300\" \/><\/a> \u201cMentre diversi gioiesi gironzolavano per Gioia del Colle commentando i cumuli di neve e lastre di ghiaccio tuttora presenti, ieri mattina, <strong>luned\u00ec 9 gennaio<\/strong>, di buona lena, <strong>i nostri ragazzi della stazione <\/strong>(del Centro Accoglienza Straordinario), <strong>i neri<\/strong>, quelli che nessuno vuole vedere e di cui molti hanno paura, si sono armati di pale e <strong>sono andati a spalare la neve su alcune strade cittadine<\/strong>.<\/p>\n<p style=\"text-align: justify;\">Hanno creato dei passaggi per i pedoni <strong>su Piazza Plebiscito<\/strong> <strong>e<\/strong> hanno ripulito <strong>via Roma<\/strong>.<\/p>\n<p style=\"text-align: justify;\">Bravi ragazzi, perch\u00e9 <strong>per loro rendersi utili per la comunit\u00e0 che gli ospita \u00e8 una gioia<\/strong>.<\/p>\n<p style=\"text-align: justify;\"><strong>Gi\u00e0 dalla nevicata del 6 gennaio, giravano per le strade<\/strong> scoprendo o riscoprendo la neve e cantavano a suon di musica, perch\u00e9 loro la musica l\u2019hanno nel sangue e ballavano su Piazza Pinto e si fotografavano, perch\u00e9 dai posti da cui vengono, forse la neve non c\u2019\u00e8 mai stata.<\/p>\n<p style=\"text-align: justify;\">E <strong>ieri mattina<\/strong>, <strong>col freddo e anche contro lo sguardo di alcuni cittadini diffidenti si sono fatti largo<\/strong>, pur non avendo notevoli attrezzature o vestiario particolarmente adatto.<\/p>\n<p style=\"text-align: justify;\">Ma loro sono stati bravi, <strong>sono stati spettacolari<\/strong>, <strong>sono stati bravi cittadini<\/strong>\u201d.<\/p>\n<p style=\"text-align: right;\" align=\"right\">Coordinamento Accoglienza Responsabile<\/p>\n<p><a title=\"migranti che spalano neve\" href=\"https:\/\/www.flickr.com\/photos\/91470992@N02\/31846074660\/in\/photostream\/\" data-flickr-embed=\"true\"><img loading=\"lazy\" decoding=\"async\" src=\"https:\/\/c5.staticflickr.com\/1\/466\/31846074660_61cc2c551b_o.jpg\" alt=\"migranti che spalano neve\" width=\"660\" height=\"370\" \/><\/a><\/p>\n<p><a title=\"migranti che spalano neve\" href=\"https:\/\/www.flickr.com\/photos\/91470992@N02\/31846376950\" data-flickr-embed=\"true\"><img loading=\"lazy\" decoding=\"async\" src=\"https:\/\/c7.staticflickr.com\/1\/392\/31846376950_4e016bd07a_o.jpg\" alt=\"migranti che spalano neve\" width=\"660\" height=\"495\" \/><\/a><\/p>\n","protected":false},"excerpt":{"rendered":"","protected":false},"author":1,"featured_media":0,"comment_status":"open","ping_status":"closed","sticky":false,"template":"","format":"standard","meta":{"colormag_page_container_layout":"default_layout","colormag_page_sidebar_layout":"default_layout","footnotes":""},"categories":[8],"tags":[],"class_list":["post-54351","post","type-post","status-publish","format-standard","hentry","category-cronaca"],"_links":{"self":[{"href":"https:\/\/archiviogioia.lavocedelpaese.info\/index.php?rest_route=\/wp\/v2\/posts\/54351","targetHints":{"allow":["GET"]}}],"collection":[{"href":"https:\/\/archiviogioia.lavocedelpaese.info\/index.php?rest_route=\/wp\/v2\/posts"}],"about":[{"href":"https:\/\/archiviogioia.lavocedelpaese.info\/index.php?rest_route=\/wp\/v2\/types\/post"}],"author":[{"embeddable":true,"href":"https:\/\/archiviogioia.lavocedelpaese.info\/index.php?rest_route=\/wp\/v2\/users\/1"}],"replies":[{"embeddable":true,"href":"https:\/\/archiviogioia.lavocedelpaese.info\/index.php?rest_route=%2Fwp%2Fv2%2Fcomments&post=54351"}],"version-history":[{"count":0,"href":"https:\/\/archiviogioia.lavocedelpaese.info\/index.php?rest_route=\/wp\/v2\/posts\/54351\/revisions"}],"wp:attachment":[{"href":"https:\/\/archiviogioia.lavocedelpaese.info\/index.php?rest_route=%2Fwp%2Fv2%2Fmedia&parent=54351"}],"wp:term":[{"taxonomy":"category","embeddable":true,"href":"https:\/\/archiviogioia.lavocedelpaese.info\/index.php?rest_route=%2Fwp%2Fv2%2Fcategories&post=54351"},{"taxonomy":"post_tag","embeddable":true,"href":"https:\/\/archiviogioia.lavocedelpaese.info\/index.php?rest_route=%2Fwp%2Fv2%2Ftags&post=54351"}],"curies":[{"name":"wp","href":"https:\/\/api.w.org\/{rel}","templated":true}]}}