{"id":5437,"date":"2010-10-27T08:08:50","date_gmt":"2010-10-27T08:08:50","guid":{"rendered":"https:\/\/archiviogioia.lavocedelpaese.info\/?p=5437"},"modified":"2010-10-27T08:08:50","modified_gmt":"2010-10-27T08:08:50","slug":"leronni-e-buttiglione-presentano-le-barisien","status":"publish","type":"post","link":"https:\/\/archiviogioia.lavocedelpaese.info\/?p=5437","title":{"rendered":"LERONNI E BUTTIGLIONE, PRESENZIANO A \u201cLES BARISIENS\u201d"},"content":{"rendered":"<p><img loading=\"lazy\" decoding=\"async\" class=\" size-full wp-image-5432\" alt=\"Copertina_-_Le_Barisiens-PP\" src=\"https:\/\/archiviogioia.lavocedelpaese.info\/wp-content\/uploads\/2010\/10\/Copertina_-_Le_Barisiens-PP.jpg\" width=\"320\" height=\"150\" srcset=\"https:\/\/archiviogioia.lavocedelpaese.info\/wp-content\/uploads\/2010\/10\/Copertina_-_Le_Barisiens-PP.jpg 320w, https:\/\/archiviogioia.lavocedelpaese.info\/wp-content\/uploads\/2010\/10\/Copertina_-_Le_Barisiens-PP-300x141.jpg 300w\" sizes=\"auto, (max-width: 320px) 100vw, 320px\" \/> <\/p>\n<p><!--more--><\/p>\n<p><\/p>\n<p style=\"text-align: justify;\"><strong><img loading=\"lazy\" decoding=\"async\" class=\" alignleft size-full wp-image-5433\" style=\"margin: 4px; float: left;\" alt=\"Copertina_-_Le_Barisiens\" src=\"https:\/\/archiviogioia.lavocedelpaese.info\/wp-content\/uploads\/2010\/10\/Copertina_-_Le_Barisiens.jpg\" width=\"150\" height=\"231\" srcset=\"https:\/\/archiviogioia.lavocedelpaese.info\/wp-content\/uploads\/2010\/10\/Copertina_-_Le_Barisiens.jpg 797w, https:\/\/archiviogioia.lavocedelpaese.info\/wp-content\/uploads\/2010\/10\/Copertina_-_Le_Barisiens-195x300.jpg 195w, https:\/\/archiviogioia.lavocedelpaese.info\/wp-content\/uploads\/2010\/10\/Copertina_-_Le_Barisiens-666x1024.jpg 666w, https:\/\/archiviogioia.lavocedelpaese.info\/wp-content\/uploads\/2010\/10\/Copertina_-_Le_Barisiens-768x1180.jpg 768w\" sizes=\"auto, (max-width: 150px) 100vw, 150px\" \/><img loading=\"lazy\" decoding=\"async\" class=\" alignright size-full wp-image-5434\" style=\"margin: 4px; float: right;\" alt=\"pegorari\" src=\"https:\/\/archiviogioia.lavocedelpaese.info\/wp-content\/uploads\/2010\/10\/pegorari.jpg\" width=\"200\" height=\"151\" \/>Nel pomeriggio di oggi<\/strong>, 27 ottobre 2010, <strong>presso <st1:personname productid=\"la libreria Laterza\" w:st=\"on\">la libreria Laterza<\/st1:personname> di Bari sar\u00e0 presentata una raccolta di scritti sulla poesia e sulla letteratura di Bari e provincia \u201cLes Barisiens\u201d<\/strong> Letteratura di una capitale di periferia 1850 &#8211; 2010 (Stilo editrice \u2013 maggio 2010), <strong>a cura di Daniele Maria Pegorari<\/strong>, presentata da <strong>Salvatore Francesco Lattarulo, Enzo Mansueto, Raffaele Nigro e Lea Durante<\/strong>. Presenti all&#8217;incontro due nostri poeti: <strong>Giacomo Leronni<\/strong> e <strong>Fortunato Buttiglione<\/strong>.<\/p>\n<div style=\"text-align: justify;\"><\/div>\n<p style=\"text-align: justify;\"><strong>Il termine \u201cBarisien\u201d fu coniato per<\/strong> un nostro famoso concittadino, <strong>Ricciotto Canudo<\/strong>, ed a lui fa riferimento Pegoraro, nella sua presentazione.<\/p>\n<div style=\"text-align: justify;\"><\/div>\n<p style=\"text-align: justify;\"><strong>\u201cNella Parigi di inizio Novecento Ricciotto Canudo<\/strong>, uno fra i primi teorici mondiali del cinema, partito da Gioia del Colle per divenire protagonista della vita culturale della Ville Lumi\u00e8re, <strong>veniva vezzosamente appellato barisien<\/strong>. Negli anni Settanta \u2013 dichiara Pegorari &#8211; il termine fu riscoperto per indicare quell\u2019\u00e9cole di giovani sociologi, filosofi, storici e critici dell\u2019Universit\u00e0 di Bari che seppe parlare con coraggiosa originalit\u00e0 e nuova problematicit\u00e0 allo sclerotizzato panorama del marxismo italiano.<\/p>\n<div style=\"text-align: justify;\"><\/div>\n<p style=\"text-align: justify;\"><strong><img loading=\"lazy\" decoding=\"async\" class=\" alignright size-full wp-image-5435\" style=\"margin: 4px; float: right;\" alt=\"fortunato-buttiglione-unotr\" src=\"https:\/\/archiviogioia.lavocedelpaese.info\/wp-content\/uploads\/2010\/10\/fortunato-buttiglione-unotr.jpg\" width=\"137\" height=\"221\" srcset=\"https:\/\/archiviogioia.lavocedelpaese.info\/wp-content\/uploads\/2010\/10\/fortunato-buttiglione-unotr.jpg 199w, https:\/\/archiviogioia.lavocedelpaese.info\/wp-content\/uploads\/2010\/10\/fortunato-buttiglione-unotr-186x300.jpg 186w\" sizes=\"auto, (max-width: 137px) 100vw, 137px\" \/>La storia di quell\u2019aggettivo diviene in questo libro il simbolo <\/strong>della trasformazione della figura dell\u2019intellettuale e delle sue condizioni di lavoro in Puglia, dalla secolare diaspora verso Napoli, Firenze, Parigi e gli Stati Uniti fino alla creazione di un ceto di scrittori e critici finalmente residenti dopo lo spartiacque rappresentato dal Sessantotto e dalla nascita dell\u2019ente Regione (1970).<\/p>\n<div style=\"text-align: justify;\"><\/div>\n<p style=\"text-align: justify;\"><strong>\u00c8 cos\u00ec che la Puglia ha potuto scrollarsi di dosso il complesso di essere <\/strong>solo una \u201cprovincia dell\u2019impero\u201d e ha scoperto il risvolto positivo di essere \u201cperiferia\u201d: la sua natura di confine pu\u00f2 renderla pi\u00f9 aperta all\u2019ascolto e alla sperimentazione.\u201d<\/p>\n<div style=\"text-align: justify;\"><\/div>\n<p style=\"text-align: justify;\"><strong>\u201cScegliere la letteratura come campo di prova di ogni interpretazione della realt\u00e0<\/strong> \u2013 continua il poeta &#8211; e affidare, in particolare, alla disciplina critica il compito di praticare con rigore e severit\u00e0 la valutazione, la storicizzazione e il discernimento di quelle forme di pensiero (visioni del m<strong><img loading=\"lazy\" decoding=\"async\" class=\" alignleft size-full wp-image-5436\" style=\"margin: 4px; float: left;\" alt=\"giacomo-leronni\" src=\"https:\/\/archiviogioia.lavocedelpaese.info\/wp-content\/uploads\/2010\/10\/giacomo-leronni.jpg\" width=\"130\" height=\"173\" srcset=\"https:\/\/archiviogioia.lavocedelpaese.info\/wp-content\/uploads\/2010\/10\/giacomo-leronni.jpg 960w, https:\/\/archiviogioia.lavocedelpaese.info\/wp-content\/uploads\/2010\/10\/giacomo-leronni-225x300.jpg 225w, https:\/\/archiviogioia.lavocedelpaese.info\/wp-content\/uploads\/2010\/10\/giacomo-leronni-768x1024.jpg 768w\" sizes=\"auto, (max-width: 130px) 100vw, 130px\" \/><\/strong>ondo o testimonianze soggettive) che si comunicano attraverso un codice linguistico, <strong>significa avvertire un preciso senso di responsabilit\u00e0 nell\u2019uso delle parole<\/strong>, di ogni singola parola.<\/p>\n<div style=\"text-align: justify;\"><strong>Significa avvertire il brivido e la vertigine di un\u2019ipotesi sul mondo<\/strong> che diviene testo, transitando dall\u2019aleatoriet\u00e0 della fantasia alla perentoriet\u00e0 di una formulazione stabile e, almeno qualche volta, destinata a durare nel tempo<strong>. \u00c8 questa la premessa che m\u2019inchioda, allorch\u00e9 da critico guardo alla storia della Puglia<\/strong> e comincio a riflettere sull\u2019ipotesi che essa abbia avuto fino al giorno d\u2019oggi una direzione pi\u00f9 che casuale e che da essa siano ricavabili dei caratteri riconoscibili, una natura secunda (oltre quella bio-geologica cos\u00ec ben evidente), <strong>una \u2018identit\u00e0\u2019<\/strong>, insomma. <strong>E scopro che \u00e8 precisamente questa parola che mi ha costretto a quella premessa<\/strong>\u201d.<\/div>\n","protected":false},"excerpt":{"rendered":"","protected":false},"author":1,"featured_media":5432,"comment_status":"open","ping_status":"closed","sticky":false,"template":"","format":"standard","meta":{"colormag_page_container_layout":"default_layout","colormag_page_sidebar_layout":"default_layout","footnotes":""},"categories":[6],"tags":[],"class_list":["post-5437","post","type-post","status-publish","format-standard","has-post-thumbnail","hentry","category-cultura"],"_links":{"self":[{"href":"https:\/\/archiviogioia.lavocedelpaese.info\/index.php?rest_route=\/wp\/v2\/posts\/5437","targetHints":{"allow":["GET"]}}],"collection":[{"href":"https:\/\/archiviogioia.lavocedelpaese.info\/index.php?rest_route=\/wp\/v2\/posts"}],"about":[{"href":"https:\/\/archiviogioia.lavocedelpaese.info\/index.php?rest_route=\/wp\/v2\/types\/post"}],"author":[{"embeddable":true,"href":"https:\/\/archiviogioia.lavocedelpaese.info\/index.php?rest_route=\/wp\/v2\/users\/1"}],"replies":[{"embeddable":true,"href":"https:\/\/archiviogioia.lavocedelpaese.info\/index.php?rest_route=%2Fwp%2Fv2%2Fcomments&post=5437"}],"version-history":[{"count":0,"href":"https:\/\/archiviogioia.lavocedelpaese.info\/index.php?rest_route=\/wp\/v2\/posts\/5437\/revisions"}],"wp:featuredmedia":[{"embeddable":true,"href":"https:\/\/archiviogioia.lavocedelpaese.info\/index.php?rest_route=\/wp\/v2\/media\/5432"}],"wp:attachment":[{"href":"https:\/\/archiviogioia.lavocedelpaese.info\/index.php?rest_route=%2Fwp%2Fv2%2Fmedia&parent=5437"}],"wp:term":[{"taxonomy":"category","embeddable":true,"href":"https:\/\/archiviogioia.lavocedelpaese.info\/index.php?rest_route=%2Fwp%2Fv2%2Fcategories&post=5437"},{"taxonomy":"post_tag","embeddable":true,"href":"https:\/\/archiviogioia.lavocedelpaese.info\/index.php?rest_route=%2Fwp%2Fv2%2Ftags&post=5437"}],"curies":[{"name":"wp","href":"https:\/\/api.w.org\/{rel}","templated":true}]}}