{"id":54488,"date":"2017-01-26T06:21:42","date_gmt":"2017-01-26T06:21:42","guid":{"rendered":"https:\/\/archiviogioia.lavocedelpaese.info\/?p=54488"},"modified":"2017-01-26T06:21:42","modified_gmt":"2017-01-26T06:21:42","slug":"ute-mille-papaveri-rossi-per-non-dimenticare-la-shoah","status":"publish","type":"post","link":"https:\/\/archiviogioia.lavocedelpaese.info\/?p=54488","title":{"rendered":"UTE. \u201cMILLE PAPAVERI ROSSI\u201d PER NON DIMENTICARE LA SHOAH"},"content":{"rendered":"<p><a title=\"giornata della memoria\" href=\"https:\/\/www.flickr.com\/photos\/91470992@N02\/32534243045\" data-flickr-embed=\"true\"><img loading=\"lazy\" decoding=\"async\" style=\"display: block; margin-left: auto; margin-right: auto;\" src=\"https:\/\/c1.staticflickr.com\/1\/392\/32534243045_84a63289e1_z.jpg\" alt=\"giornata della memoria\" width=\"320\" height=\"240\" \/><\/a><\/p>\n<p><!--more--><\/p>\n<p style=\"text-align: justify;\"><a title=\"giornata della memoria\" href=\"https:\/\/www.flickr.com\/photos\/91470992@N02\/31722143723\/in\/photostream\/\" data-flickr-embed=\"true\"><img loading=\"lazy\" decoding=\"async\" style=\"margin: 4px; float: left;\" src=\"https:\/\/c1.staticflickr.com\/1\/390\/31722143723_28e8ec977e.jpg\" alt=\"giornata della memoria\" width=\"400\" height=\"400\" \/><\/a><strong>Venerd\u00ec 27 gennaio 2017<\/strong>, alle ore 21.00, l\u2019Universit\u00e0 della Terza Et\u00e0 di Gioia del Colle si esibir\u00e0 <strong>al Rossini<\/strong> in \u201c<strong>Mille papaveri rossi&#8230;&nbsp;musica e parole per ricordare<\/strong>\u201d, una rappresentazione ideata da <strong>Maurizio Vacca<\/strong> che ne cura la regia per celebrare la <strong>Giornata della Memoria<\/strong> con il patrocinio dell&#8217;Amministrazione Comunale di Gioia del Colle e di concerto con il Teatro Comunale Rossini.<\/p>\n<p style=\"text-align: justify;\">Un viaggio tra musica e parole per ricordare non solo l&#8217;eccidio degli ebrei ma tutte quelle situazioni perpetrate nel tempo e che ancora oggi sono una macchia per l&#8217;umanit\u00e0.<\/p>\n<p style=\"text-align: justify;\">La corale dell\u2019Ute diretta dal maestro <strong>Francesco Lorusso<\/strong> guider\u00e0 il pubblico in un viaggio nella memoria.&nbsp;In scena, oltre il coro, al pianoforte il maestro <strong>Daniela Mastrandrea<\/strong> e al flauto il maestro <strong>Titti dell&#8217;Orco<\/strong>.&nbsp;Con la partecipazione straordinaria di <strong>Ugo Maurino<\/strong> e <strong>Maurizio Vacca<\/strong>.<br \/> <strong>L\u2019ingresso \u00e8 libero<\/strong> con prenotazione obbligatoria da effettuarsi presso il botteghino del Teatro.<\/p>\n<p>&nbsp;<\/p>\n","protected":false},"excerpt":{"rendered":"","protected":false},"author":1,"featured_media":0,"comment_status":"open","ping_status":"closed","sticky":false,"template":"","format":"standard","meta":{"colormag_page_container_layout":"default_layout","colormag_page_sidebar_layout":"default_layout","footnotes":""},"categories":[7],"tags":[],"class_list":["post-54488","post","type-post","status-publish","format-standard","hentry","category-attualita"],"_links":{"self":[{"href":"https:\/\/archiviogioia.lavocedelpaese.info\/index.php?rest_route=\/wp\/v2\/posts\/54488","targetHints":{"allow":["GET"]}}],"collection":[{"href":"https:\/\/archiviogioia.lavocedelpaese.info\/index.php?rest_route=\/wp\/v2\/posts"}],"about":[{"href":"https:\/\/archiviogioia.lavocedelpaese.info\/index.php?rest_route=\/wp\/v2\/types\/post"}],"author":[{"embeddable":true,"href":"https:\/\/archiviogioia.lavocedelpaese.info\/index.php?rest_route=\/wp\/v2\/users\/1"}],"replies":[{"embeddable":true,"href":"https:\/\/archiviogioia.lavocedelpaese.info\/index.php?rest_route=%2Fwp%2Fv2%2Fcomments&post=54488"}],"version-history":[{"count":0,"href":"https:\/\/archiviogioia.lavocedelpaese.info\/index.php?rest_route=\/wp\/v2\/posts\/54488\/revisions"}],"wp:attachment":[{"href":"https:\/\/archiviogioia.lavocedelpaese.info\/index.php?rest_route=%2Fwp%2Fv2%2Fmedia&parent=54488"}],"wp:term":[{"taxonomy":"category","embeddable":true,"href":"https:\/\/archiviogioia.lavocedelpaese.info\/index.php?rest_route=%2Fwp%2Fv2%2Fcategories&post=54488"},{"taxonomy":"post_tag","embeddable":true,"href":"https:\/\/archiviogioia.lavocedelpaese.info\/index.php?rest_route=%2Fwp%2Fv2%2Ftags&post=54488"}],"curies":[{"name":"wp","href":"https:\/\/api.w.org\/{rel}","templated":true}]}}