{"id":54518,"date":"2017-01-27T08:08:07","date_gmt":"2017-01-27T08:08:07","guid":{"rendered":"https:\/\/archiviogioia.lavocedelpaese.info\/?p=54518"},"modified":"2017-01-27T08:08:07","modified_gmt":"2017-01-27T08:08:07","slug":"enzo-cuscito-aggredito-a-bastonate-in-pieno-giorno-2","status":"publish","type":"post","link":"https:\/\/archiviogioia.lavocedelpaese.info\/?p=54518","title":{"rendered":"ENZO CUSCITO AGGREDITO A BASTONATE IN PIENO GIORNO"},"content":{"rendered":"<p><a title=\"ENZO CUSCITO\" href=\"https:\/\/www.flickr.com\/photos\/91470992@N02\/32548600285\" data-flickr-embed=\"true\"><img loading=\"lazy\" decoding=\"async\" style=\"display: block; margin-left: auto; margin-right: auto;\" src=\"https:\/\/c1.staticflickr.com\/1\/311\/32548600285_822bb8486e_z.jpg\" alt=\"ENZO CUSCITO\" width=\"320\" height=\"240\" \/><\/a><\/p>\n<p><!--more--><\/p>\n<p style=\"text-align: justify;\"><a title=\"enzo cuscito aggredito\" href=\"https:\/\/www.flickr.com\/photos\/91470992@N02\/32507471106\/in\/dateposted-public\/\" data-flickr-embed=\"true\"><img loading=\"lazy\" decoding=\"async\" style=\"margin: 4px; float: left;\" src=\"https:\/\/c1.staticflickr.com\/1\/562\/32507471106_acc7ec8f1d_z.jpg\" alt=\"enzo cuscito aggredito\" width=\"400\" height=\"215\" \/><\/a><span>Nella prima mattinata di oggi, in pieno giorno, il vicesindaco di Gioia del Colle, <strong>Enzo Cuscito \u00e8 stato oggetto di una aggressione<\/strong> da parte di ignoti incappucciati armati di bastone, i quali gli hanno teso un agguato sotto casa. <\/span><\/p>\n<p style=\"text-align: justify;\"><strong><span>Dopo essersi recato al pronto soccorso<\/span><\/strong><span> per le cure necessarie, \u00e8 stato ascoltato dai Carabinieri. <strong>Un attentato vero e proprio<\/strong>, non solo un atto intimidatorio, <strong>che d\u00e0 l\u2019idea di quel che sta vivendo la citt\u00e0<\/strong>, ostaggio negli anni scorsi non solo di poteri forti collusi con &nbsp;il malaffare, ma anche del timore di ritorsioni e dell\u2019omert\u00e0 degli stessi cittadini.<\/span><\/p>\n<p style=\"text-align: justify;\"><strong><span>Chi sa denunci e soprattutto abbia il coraggio di lottare<\/span><\/strong><span> contro quell\u2019illegalit\u00e0 che alla fine si ritorcer\u00e0 contro tutti, creando paura e terrore. <strong>Al di l\u00e0 delle polemiche<\/strong> che in questi mesi sui social hanno imperversato ed acceso gli animi, dalle parole si \u00e8 passati ai fatti. Ricordiamo di aver denunciato dalle pagine del nostro settimanale \u201cLa voce del paese\u201d minacce pi\u00f9 volte rivolte al vicesindaco Enzo Cuscito con delega alla trasparenza in diversi contesti. Egli stesso, consapevole di essere bersaglio di strali e critiche per le azioni intraprese dall\u2019Amministrazione, temeva atti violenti.<\/span><\/p>\n<p style=\"text-align: justify;\"><strong><span>A Cuscito e all&#8217;Amministrazione tutta, esprimiamo la nostra solidariet\u00e0<\/span><\/strong><span> ed il nostro sostegno, vigileremo ed informeremo &nbsp;e soprattutto inviteremo i lettori a fare altrettanto, perch\u00e9 questo gravissimo atto, un attentato non solo al politico &#8211; un uomo per bene &#8211; ma a tutti coloro che credono nella legalit\u00e0, venga punito e si ripristini un clima di fiducia nelle istituzioni e nelle persone che le rappresentano<\/span><\/p>\n<p style=\"text-align: justify;\"><span><a href=\"https:\/\/www.facebook.com\/galu.anna\/videos\/10208721668935407\/\">https:\/\/www.facebook.com\/galu.anna\/videos\/10208721668935407\/<\/a> <\/span><\/p>\n<p style=\"text-align: center;\"><strong>MESSAGGI DI SOLIDARIETA&#8217; E CONDANNA<\/strong><\/p>\n<p style=\"margin: 0cm 0cm 0.0001pt; text-align: justify;\">\u201cLa Coalizione Un Impegno in Comune esprime <strong>solidariet\u00e0 e vicinanza al Vice Sindaco Enzo Cuscito<\/strong>, per la vile aggressione subita stamane nei pressi della sua abitazione. <strong>Episodi di violenza di questo tipo<\/strong>, dopo quelli registrati negli scorsi mesi, <strong>devono portare a mantenere alta l&#8217;attenzione e il controllo del nostro paese<\/strong>, oggi vittima di una premeditata e scellerata azione ai danni della carica politica rappresentata da Enzo Cuscito. <strong>La Coalizione si unisce per condannare fermamente la violenza<\/strong> di questi atti intimidatori il cui fine \u00e8 quello di minare pesantemente le attivit\u00e0 istituzionali. Auguriamo ad Enzo una pronta guarigione, certi del fatto che questa grave vicenda non scalfisce minimamente il cammino di legalit\u00e0 preso in carica dall\u2019Amministrazione. La Coalizione continuer\u00e0 a sostenere il valore della giustizia e sar\u00e0 sempre al fianco di tutte le donne e gli uomini che si adoperano per essa\u201d. [<strong>Coalizione \u201cUn Impegno\u2026in Comune\u201d<\/strong>]<\/p>\n<p style=\"margin: 0cm 0cm 0.0001pt; text-align: justify;\">&nbsp;<\/p>\n<p style=\"margin: 0cm 0cm 0.0001pt; text-align: justify;\"><span><span>&#8212;&#8212;&#8212;&#8212;&#8212;&#8212;&#8212;&#8212;&#8212;&#8212;&#8212;&#8212;<\/span><\/span><\/p>\n<p style=\"text-align: justify;\"><span>&#8220;<strong>L&#8217;aggressione chiaramente intimidatoria subita<\/strong> questa mattina d<strong>a Enzo Cuscito indigna tutti<\/strong> i componenti dell&#8217;Associazione Citt\u00e0 di Tutti -La Bottega. <strong>Esprimiamo sincera solidariet\u00e0 a Enzo<\/strong> nella convinzione che la dialettica politica non debba mai sfociare nella violenza e negli atti intimidatori&#8221;. [Ufficio stampa &#8220;<strong>Citt\u00e0 di Tutti-La Bottega<\/strong>&#8220;]<\/span><\/p>\n<p style=\"text-align: justify;\"><span><span>&#8212;&#8212;&#8212;&#8212;&#8212;&#8212;&#8212;&#8212;&#8212;&#8212;&#8212;&#8212;<\/span><\/span><\/p>\n<p style=\"text-align: justify;\">&#8220;<span><strong>Esprimo solidariet\u00e0 &nbsp;e vicinanza a Enzo Cuscito<\/strong>, estendendola a &nbsp;sua moglie e alla rappresentanza istituzionale e di governo della citt\u00e0. <strong>\u00c8&#8217; episodio molto grave che &nbsp;non va sottovalutato<\/strong>, &nbsp;giacche&#8217; collegabile alla sua battaglia contro la malapianta che ha inquinato a Gioia del Colle la vita pubblica. <strong>Auspico che si faccia luce<\/strong> presto da parte delle forze dell&#8217; ordine e che da parte delle autorit\u00e0 politiche anche oltre il livello locale vi sia vigilanza e sostegno&#8221;. [<\/span><span><strong>Enzo Lavarra<\/strong>]&nbsp;<\/span><\/p>\n<p style=\"text-align: justify;\"><span><span><span>&#8212;&#8212;&#8212;&#8212;&#8212;&#8212;&#8212;&#8212;&#8212;&#8212;&#8212;&#8212;<\/span><\/span><\/span><\/p>\n<p style=\"text-align: justify;\" align=\"right\"><span><\/span>\u201cAbbiamo appreso con<strong> sconcerto e assoluta indignazione <\/strong>del<strong> vile episodio di violenza<\/strong> <strong>che ha colpito <\/strong>questa mattina il vice-Sindaco di Gioia del Colle, prof. <strong>Enzo Cuscito<\/strong>. A lui e alla sua famiglia <strong>esprimiamo una solidariet\u00e0 incondizionata<\/strong>. All&#8217;intera comunit\u00e0 gioiese testimoniamo la nostra piena vicinanza, <strong>in fiduciosa attesa che le indagini facciano rapidamente il proprio corso<\/strong> e nella convinzione che, di fronte a circostanze talmente gravi, l&#8217;intero mondo politico debba sempre fare fronte comune\u201d. [<strong>Marco Lacarra<\/strong> (Segretario PD Puglia) <strong>Giacomo Polignano<\/strong> (Portavoce PD Puglia)]<\/p>\n<p style=\"text-align: justify;\" align=\"right\"><span><span><span>&#8212;&#8212;&#8212;&#8212;&#8212;&#8212;&#8212;&#8212;&#8212;&#8212;&#8212;&#8212;<\/span><\/span><\/span><\/p>\n<p style=\"margin-bottom: 0.0001pt; text-align: justify; line-height: normal;\">\u201cIl coordinatore cittadino di <strong>Forza Italia Gioia<\/strong>, Antonella Spinelli, unitamente ai componenti del direttivo e al consigliere comunale <strong>Francesco Donvito<\/strong>, <strong>esprime la pi\u00f9 totale solidariet\u00e0 ad Enzo Cuscito<\/strong> e condanna il deprecabile accaduto di questa mattina, relativo al gesto di aggressione ai suoi danni. Fedeli ai nostri principi etici, morali e politici, <strong>riteniamo che la violenza sia sempre deprecabile<\/strong> e perseguiamo il confronto e il dialogo come le uniche vie per affermare le proprie idee\u201d. [<strong> Antonella Spinelli &#8211; <strong>Coordinatore<\/strong> <strong>Forza Italia Gioia<\/strong><\/strong>]<\/p>\n<p style=\"margin-bottom: 0.0001pt; text-align: justify; line-height: normal;\"><span style=\"font-size: 12pt; font-family: 'Times New Roman','serif';\">&#8212;&#8212;&#8212;&#8212;&#8212;&#8212;&#8212;&#8212;&#8212;&#8212;&#8212;&#8212;<\/span><\/p>\n<p style=\"margin-bottom: 0.0001pt; text-align: justify; line-height: normal;\">\u201c<strong>Un atto vile<\/strong>, che ci fa capire come sia difficile cambiare una societ\u00e0 abbastanza inquinata, partendo dalla nostra citt\u00e0. <strong>Ci stringiamo a tutti i cittadini che come noi<\/strong>, sperano ancora in una societ\u00e0 pi\u00f9 civile ed <strong>esprimiamo maggior vicinanza al nostro Vice Sindaco Enzo Cuscito<\/strong>. Con la speranza, come tutti i cittadini che state rappresentando, che a Gioia, giustizia e legalit\u00e0 facciano il loro corso\u201d. [<strong>Associazione Gioia in MoVimento<\/strong>]<\/p>\n<p style=\"margin-bottom: 0.0001pt; text-align: justify; line-height: normal;\"><span style=\"font-size: 12pt; font-family: 'Times New Roman','serif';\">&#8212;&#8212;&#8212;&#8212;&#8212;&#8212;&#8212;&#8212;&#8212;&#8212;&#8212;&#8212;<\/span><\/p>\n<p style=\"text-align: justify;\">&#8220;<strong>Il gruppo di Amici<\/strong> che si riconoscono nell\u2019iniziativa culturale denominata \u201c<strong>Salotto all\u2019UnoTre<\/strong>\u201d <strong>esprimono la pi\u00f9 totale e convinta disapprovazione nei confronti del vile gesto intimidatorio<\/strong> che ha colpito questa mattina il vicesindaco di Gioia del Colle Enzo Cuscito. Nel porgere <strong>ad Enzo Cuscito tutta la nostra vicinanza e solidariet\u00e0<\/strong> in questo momento di grave turbamento della vita civile della nostra citt\u00e0 <strong>lo rassicuriamo circa il nostro impegno di persone libere<\/strong>, che credono nei valori della pace e dell\u2019etica sociale a tutti i livelli e che continueranno a lavorare con la convinzione di sempre per l\u2019affermazione del confronto e del dialogo fra le culture e per la crescita umana e culturale delle nuove generazioni, <strong>nel rispetto pi\u00f9 assoluto per la vita e le convinzioni di tutti<\/strong> nonch\u00e9 per le regole della democrazia e della convivenza civile&#8221;. [<strong>Giacomo Leronni<\/strong> &#8211; Ideatore e coordinatore del \u201cSalotto all\u2019UnoTre\u201d]<\/p>\n<p style=\"text-align: justify;\"><span style=\"font-size: 12pt; font-family: 'Times New Roman','serif';\">&#8212;&#8212;&#8212;&#8212;&#8212;&#8212;&#8212;&#8212;&#8212;&#8212;&#8212;&#8212;<\/span><\/p>\n<p style=\"text-align: justify;\">&#8220;<strong>Il coordinamento cittadino<\/strong> insieme al consigliere comunale <strong>Giovanni Mastrangelo esprime sdegno<\/strong> ed al contempo condanna <strong>per il vile agguato subito dal Vice Sindaco Enzo Cuscito<\/strong>. All&#8217;avversario politico ed amico vadano gli auguri di una rapida guarigione&#8221;. [<strong>Gruppo Politico &#8211; Citt\u00e0 Protagonista Gioia del Colle<\/strong>]<\/p>\n<div style=\"text-align: justify;\"><span style=\"font-size: 12pt; font-family: 'Times New Roman','serif';\">&#8212;&#8212;&#8212;&#8212;&#8212;&#8212;&#8212;&#8212;&#8212;&#8212;&#8212;&#8212;<\/span><\/div>\n<div style=\"text-align: justify;\">\n<p style=\"text-align: justify;\">\u201c<strong>Nella &#8220;Giornata della memoria<\/strong>&#8220;, fatto salvo il doveroso \u201cdistinguo\u201d, <strong>sollecitiamo tutta la cittadinanza ad avere memoria<\/strong> anche dei misfatti che sono avvenuti negli anni scorsi a Gioia del Colle quanto ad illegalit\u00e0, azioni della criminalit\u00e0&nbsp;organizzata, insabbiamenti, omert\u00e0 diffuse. <strong>L&#8217;esecrabile agguato di stile mafioso compiuto questa mattina ai danni di Enzo Cuscito<\/strong>, vice sindaco ed assessore alla trasparenza e legalit\u00e0, <strong>dimostra chiaramente quanto debba continuare ad essere alta la vigilanza sulla nostra citt\u00e0<\/strong>, quella che fa dell\u2019onest\u00e0 e della giustizia l\u2019unica strada percorribile per il bene di tutti. <strong>Esprimiamo la totale solidariet\u00e0&nbsp;ad Enzo Cuscito<\/strong> e alla famiglia sostenendo con forza che le vili azioni nulla potranno contro il fermo e duraturo contrasto alla illegalit\u00e0\u201d. [<strong>Libera<\/strong> \u2013 <strong>Presidio \u201cDonato Boscia\u201d \u2013 Gioia del Colle<\/strong>]<\/p>\n<p style=\"text-align: justify;\"><span style=\"font-size: 12pt; font-family: 'Times New Roman','serif';\">&#8212;&#8212;&#8212;&#8212;&#8212;&#8212;&#8212;&#8212;&#8212;&#8212;&#8212;&#8212;<\/span><\/p>\n<p style=\"margin-bottom: 0.0001pt; text-align: justify; line-height: normal;\">\u201cA nome mio personale e della coalizione \u2018Insieme si pu\u00f2\u2019 <strong>esprimo la pi\u00f9 sincera e incondizionata solidariet\u00e0 al Vice Sindaco, Enzo Cuscito<\/strong>, per l\u2019aggressione subita questa mattina, con la consapevolezza che qualsiasi azione politica e amministrativa non potr\u00e0 mai prescindere dal perseguimento degli ideali di trasparenza e legalit\u00e0, a cui Enzo si \u00e8 sempre ispirato. <strong>Questo episodio rappresenta per la nostra citt\u00e0 un fatto estremamente grave<\/strong> che, collegato ad altri atti delinquenziali che si sono succeduti nel corso degli ultimi mesi, <strong>ci induce ad avviare una seria riflessione<\/strong> nonch\u00e9 ad intraprendere atti concreti perch\u00e9 possa essere stroncato ogni tentativo di voler imporre sulla nostra citt\u00e0 le ombre della illegalit\u00e0 e della violenza. <strong>Chiediamo alle forze dell\u2019ordine di intervenire<\/strong> con la massima tempestivit\u00e0 perch\u00e9 i delinquenti che hanno ideato e organizzato l\u2019attentato siano assicurati alla giustizia nel pi\u00f9 breve tempo possibile\u201d. [<strong>Donato Paradiso -Coalizione\u201dInsieme si pu\u00f2\u201d]<\/strong><\/p>\n<p style=\"margin-bottom: 0.0001pt; text-align: justify; line-height: normal;\"><span style=\"font-size: 12pt; font-family: 'Times New Roman','serif';\">&#8212;&#8212;&#8212;&#8212;&#8212;&#8212;&#8212;&#8212;&#8212;&#8212;&#8212;&#8212;<\/span><\/p>\n<p style=\"margin-bottom: 0.0001pt; text-align: justify; line-height: normal;\">\u201c<strong>La Camera del Lavoro<\/strong> di Gioia del Colle, <strong>esprime solidariet\u00e0 e vicinanza nei confronti del Vice Sindaco<\/strong> di Gioia del Colle, <strong>Enzo Cuscito<\/strong>, vittima questa mattina di un vile attacco personale le cui ragioni restano ignote. <strong>Nel rigettare<\/strong> <strong>qualsiasi forma di intimidazione e violenza<\/strong> indirizzata nei confronti delle istituzioni o del semplice cittadino, <strong>confidiamo che<\/strong> in tempi brevi la <strong>Magistratura e le Forze dell\u2019ordine possano fare luce sull\u2019accaduto<\/strong>, assicurando alla giustizia i responsabili di tali azioni criminose\u201d. [Il coordinatore &#8211; <strong>Giuseppe Difonzo<\/strong>]<\/p>\n<p style=\"margin-bottom: 0.0001pt; text-align: justify; line-height: normal;\"><span style=\"font-size: 12pt; font-family: 'Times New Roman','serif';\">&#8212;&#8212;&#8212;&#8212;&#8212;&#8212;&#8212;&#8212;&#8212;&#8212;&#8212;&#8212;<\/span><\/p>\n<p>\u201cI Consiglieri comunali del gruppo <span>Gallo Sindaco<i> <\/i><\/span><strong>Giuseppe Gallo e Isacco Isdraele-Romano<\/strong>, tutti i candidati della lista e tutte le persone vicine al gruppo di lavoro <strong>esprimono piena solidariet\u00e0 al vice sindaco Enzo Cuscito<\/strong> per la grave aggressione subita in data odierna. Dal gruppo emerge <strong>la pi\u00f9 ferma condanna verso simili azioni deplorevoli<\/strong>, che nulla hanno a che vedere con il dibattito politico. I Consiglieri Gallo e Isdraele-Romano, inoltre, <strong>auspicano che venga fatta piena luce sulla vicenda <\/strong>e nutrono piena fiducia nell&#8217;operato delle Forze dell&#8217;Ordine\u201d. [<strong>gruppo <span>Gallo Sindaco<\/span><\/strong>]<\/p>\n<p><span style=\"font-size: 12pt; font-family: 'Times New Roman','serif';\">&#8212;&#8212;&#8212;&#8212;&#8212;&#8212;&#8212;&#8212;&#8212;&#8212;&#8212;&#8212;<\/span><\/p>\n<p>\u201c<strong>I Cittadini di Santeramo si stringono intorno a Enzo Cuscito<\/strong>, vice Sindaco del Comune di Gioia del Colle, <strong>per il vile attacco di cui \u00e9 stato vittima<\/strong> questa mattina. <strong>Santeramo esprime solidariet\u00e0 e vicinanza<\/strong> al vice Sindaco e alla sua famiglia, e <strong>condanna senza indugio queste mani codarde<\/strong> che oggi hanno cercato di intimorire con la violenza l&#8217;esperienza amministrativa e politica del vice-sindaco e di tutta l\u2019Amministrazione civica di Gioia del Colle. <strong>Caro Enzo ti scrivo da tuo&nbsp;ex-professore e da tuo collega<\/strong> docente di Religione, <strong>ma anche come Collega Amministratore pubblico<\/strong>, non lasciare che questo atto violento e vile indebolisca la tua vocazione politica. Sii forte, perch\u00e9 la tua Citt\u00e0 ha bisogno di te, della tua tenacia e dei tuoi valori. Non permettere che quella piccola parte malata della nostra societ\u00e0 affievolisca la tua passione. <strong>Continua a testa alta<\/strong>, come sempre, e <strong>non farti intimorire<\/strong> perch\u00e9, i tuoi Concittadini, fatta di brava gente, ti vuole bene e ti sosterr\u00e0. <strong>Dai Enzo sono, siamo, con te!<\/strong>\u201d [<strong>Michele D&#8217;Ambrosio<\/strong> Sindaco]<\/p>\n<p><span style=\"font-size: 12pt; font-family: 'Times New Roman','serif';\">&#8212;&#8212;&#8212;&#8212;&#8212;&#8212;&#8212;&#8212;&#8212;&#8212;&#8212;&#8212;<\/span><\/p>\n<p>\u201cCon la presente, <strong>il Partito Democratico<\/strong> di Gioia del Colle, a seguito dei fatti accaduti, <strong>esprime profonda indignazione per la vile aggressione subita dal Vicesindaco Enzo Cuscito<\/strong> e piena solidariet\u00e0 e vicinanza a lui e alla famiglia. Cogliamo l\u2019occasione per ribadire gi\u00e0 quanto dichiarato in consiglio comunale tramite il nostro portavoce consigliere Federico Antonicelli e cio\u00e8 che <strong>Gioia del Colle sta vivendo un periodo nero<\/strong> dal punto di vista della sicurezza di cui l\u2019accadimento \u00e8 l\u2019ennesimo episodio grave che conferma la necessit\u00e0 di un intervento deciso a margine di un consiglio comunale monotematico sul tema. La sicurezza dei cittadini, l\u2019incolumit\u00e0 pubblica, l\u2019ordine democratico, la legalit\u00e0 sono temi che hanno la priorit\u00e0 su tutto, a maggior ragione quando si assiste ad un\u2019escalation incontrollata di violenza che addirittura arriva a colpire un rappresentante istituzionale che svolge un ruolo di servizio alla collettivit\u00e0. Altres\u00ec <strong>invitiamo<\/strong> strenuamente <strong>chiunque sappia qualcosa o visto qualcosa ad interfacciarsi immediatamente con le Forze dell\u2019Ordine<\/strong> che stanno indagando sull\u2019accaduto affinch\u00e9 al pi\u00f9 presto questi malfattori siano assicurati alla giustizia\u201d. [<strong>PD Gioia del Colle<\/strong>]<\/p>\n<p><span style=\"font-size: 12pt; font-family: 'Times New Roman','serif';\">&#8212;&#8212;&#8212;&#8212;&#8212;&#8212;&#8212;&#8212;&#8212;&#8212;&#8212;&#8212;<\/span><\/p>\n<p><span><strong>\u201cGli iscritti dell\u2019associazione politico-culturale \u201cCitt\u00e0 di tutti \u2013 La bottega\u201d<\/strong>, riunitisi in seduta straordinaria Venerd\u00ec 27 Gennaio alle ore 18.30, <strong>intendono esprimere la pi\u00f9 sincera e partecipata vicinanza e solidariet\u00e0 all\u2019assessore Cuscito<\/strong> nonch\u00e9 l\u2019assoluta e ferma condanna per il gesto di violenza compiuto ai suoi danni.<\/span> Legalit\u00e0 e trasparenza, principi cardine della buona amministrazione e della giustizia sociale, sono temi che la nostra associazione sente propri e l\u00ec dove, con un attacco premeditato alla figura istituzionale che ad oggi le rappresenta, vengono messe in discussione, il rammarico, la rabbia e il disgusto per il gesto sconsiderato vanno di pari passo con la necessit\u00e0, da sempre ricercata, di costruire un fronte unico a loro difesa. Per questo motivo l\u2019associazione \u201cCitt\u00e0 di tutti \u2013 La bottega\u201d, auspicandosi una convocazione urgente del Consiglio Comunale per poter dibattere nella sede pi\u00f9 qualificata ed opportuna di quanto successo, <strong>si rende disponibile ad organizzare, in concerto con l\u2019Amministrazione, ogni iniziativa atta alla valorizzazione e alla tutela dei principi di legalit\u00e0 e trasparenza<\/strong> nonch\u00e9 a garantire, attraverso il consigliere Donato Paradiso, pieno sostegno agli atti amministrativi che perseguono la stessa via\u201d.&nbsp;[<strong>Dario Magistro<\/strong> &#8211; Presidente associazione \u201cCitt\u00e0 di tutti \u2013 La bottega\u201d]<\/div>\n<p style=\"text-align: justify;\"><span><span style=\"font-size: 12pt; font-family: 'Times New Roman','serif';\">&#8212;&#8212;&#8212;&#8212;&#8212;&#8212;&#8212;&#8212;&#8212;&#8212;&#8212;&#8212;<\/span><\/span><\/p>\n<div style=\"text-align: justify;\"><span>\u201c<strong>Il Coordinamento di Libert\u00e0 e Giustizia &#8220;Vito Antonio Vinci &#8221; di Gioia del Colle, condanna la vile aggressione<\/strong> avvenuta ieri mattina <strong>ai danni di Enzo Cuscito<\/strong>, (Vicesindaco) ed esprime la massima vicinanza e solidariet\u00e0. Rammaricati di non essere stati presenti ieri sera al flash mob organizzata in Piazza Plebiscito, per contemporanea Assemblea nazionale dei Coordinatori LeG a Bologna, ma chiaramente <strong>in prima fila nel combattere violenza e illegalit\u00e0\u201d<\/strong>. [<strong>Libert\u00e0 e Giustizia \u201cVito Antonio Vinci\u201d di Gioia del Colle<\/strong>]<\/span><\/div>\n<p style=\"text-align: justify;\"><span><span><span style=\"font-size: 12pt; font-family: 'Times New Roman','serif';\">&#8212;&#8212;&#8212;&#8212;&#8212;&#8212;&#8212;&#8212;&#8212;&#8212;&#8212;&#8212;<\/span><\/span><\/span><\/p>\n<div style=\"text-align: justify;\"><span><\/span><span>\u201c<strong>Questa mattina il nostro caro collega Enzo Cuscito<\/strong>, stimato docente di Religione nel nostro Istituto da molti anni, <strong>\u00e8 stato vittima di una vile aggressione<\/strong> mentre si apprestava, come ogni mattina, a raggiungere il suo posto di lavoro alla \u201cPascoli\u201d. <\/span><strong><span>L\u2019intera comunit\u00e0 scolastica dell\u2019istituto Comprensivo \u201cPascoli-Parchitello\u201d esprime la propria incondizionata solidariet\u00e0 e vicinanza<\/span><\/strong><span> a una persona che, da sempre, con la sua quotidiana pacatezza e affabilit\u00e0, costituisce un modello di comportamento esemplare per alunni, colleghi e genitori. Consapevoli di seguire in questo il suo esempio, <strong>condanniamo nella maniera pi\u00f9 assoluta questi gesti di insensata violenza e intolleranza<\/strong>. Nel contempo, auguriamo al nostro caro Enzo una pronta guarigione e a<strong>uspichiamo che possa il pi\u00f9 presto possibile tornare a esercitare pienamente la sua preziosa funzione di educatore e di amministratore<\/strong> sensibile alle necessit\u00e0 di tutti\u201d. [<strong>La comunit\u00e0 scolastica dell\u2019Istituto \u201cPascoli-Parchitello\u201d<\/strong>]<\/span><\/div>\n<p style=\"text-align: justify;\"><span><span><span style=\"font-size: 12pt; font-family: 'Times New Roman','serif';\">&#8212;&#8212;&#8212;&#8212;&#8212;&#8212;&#8212;&#8212;&#8212;&#8212;&#8212;&#8212;<\/span><\/span><\/span><\/p>\n<div style=\"text-align: justify;\">\n<p>\u201c<strong>L\u2019associazione WWF Alta Murgia Terre Peucete condanna con fermezza la vile aggressione perpetrata in danno del vice sindaco della Citt\u00e0 di Gioia del Colle<\/strong>. Il WWF, associazione notoriamente non violenta, con tutti i suoi volontari intende, dunque, esprimere con queste poche righe tutta la propria <strong>solidariet\u00e0 e vicinanza nei confronti di Enzo Cuscito<\/strong>. Riteniamo che non esista alcuna giustificazione all\u2019utilizzo della violenza, che manifesta nella gravit\u00e0 dello stesso episodio la forza intimidatrice consumata nei confronti di una figura istituzionale. Pensiamo che al di l\u00e0 di qualsiasi appartenenza politica ed ideologica, <strong>ciascuno cittadino che rispetti la giustizia e la legalit\u00e0 deve essere vicino alle istituzioni quando si verificano episodi di questo tipo<\/strong>. Auguriamo ad Enzo Cuscito una pronta guarigione\u201d. [<strong>I volontari del WWF Alta Murgia Terre Peucete<\/strong>]<\/p>\n<\/div>\n<p>&nbsp;<\/p>\n","protected":false},"excerpt":{"rendered":"","protected":false},"author":1,"featured_media":0,"comment_status":"open","ping_status":"closed","sticky":false,"template":"","format":"standard","meta":{"colormag_page_container_layout":"default_layout","colormag_page_sidebar_layout":"default_layout","footnotes":""},"categories":[8],"tags":[],"class_list":["post-54518","post","type-post","status-publish","format-standard","hentry","category-cronaca"],"_links":{"self":[{"href":"https:\/\/archiviogioia.lavocedelpaese.info\/index.php?rest_route=\/wp\/v2\/posts\/54518","targetHints":{"allow":["GET"]}}],"collection":[{"href":"https:\/\/archiviogioia.lavocedelpaese.info\/index.php?rest_route=\/wp\/v2\/posts"}],"about":[{"href":"https:\/\/archiviogioia.lavocedelpaese.info\/index.php?rest_route=\/wp\/v2\/types\/post"}],"author":[{"embeddable":true,"href":"https:\/\/archiviogioia.lavocedelpaese.info\/index.php?rest_route=\/wp\/v2\/users\/1"}],"replies":[{"embeddable":true,"href":"https:\/\/archiviogioia.lavocedelpaese.info\/index.php?rest_route=%2Fwp%2Fv2%2Fcomments&post=54518"}],"version-history":[{"count":0,"href":"https:\/\/archiviogioia.lavocedelpaese.info\/index.php?rest_route=\/wp\/v2\/posts\/54518\/revisions"}],"wp:attachment":[{"href":"https:\/\/archiviogioia.lavocedelpaese.info\/index.php?rest_route=%2Fwp%2Fv2%2Fmedia&parent=54518"}],"wp:term":[{"taxonomy":"category","embeddable":true,"href":"https:\/\/archiviogioia.lavocedelpaese.info\/index.php?rest_route=%2Fwp%2Fv2%2Fcategories&post=54518"},{"taxonomy":"post_tag","embeddable":true,"href":"https:\/\/archiviogioia.lavocedelpaese.info\/index.php?rest_route=%2Fwp%2Fv2%2Ftags&post=54518"}],"curies":[{"name":"wp","href":"https:\/\/api.w.org\/{rel}","templated":true}]}}