{"id":54534,"date":"2017-01-31T08:37:27","date_gmt":"2017-01-31T08:37:27","guid":{"rendered":"https:\/\/archiviogioia.lavocedelpaese.info\/?p=54534"},"modified":"2017-01-31T08:37:27","modified_gmt":"2017-01-31T08:37:27","slug":"lon-alberto-losacco-esprime-solidarieta-a-enzo-cuscito","status":"publish","type":"post","link":"https:\/\/archiviogioia.lavocedelpaese.info\/?p=54534","title":{"rendered":"L\u2019ON ALBERTO LOSACCO ESPRIME SOLIDARIET\u00c0 A ENZO CUSCITO"},"content":{"rendered":"<p><a title=\"on. Alberto Losacco\" href=\"https:\/\/www.flickr.com\/photos\/91470992@N02\/32253196310\/in\/dateposted-public\/\" data-flickr-embed=\"true\"><img loading=\"lazy\" decoding=\"async\" style=\"display: block; margin-left: auto; margin-right: auto;\" src=\"https:\/\/c1.staticflickr.com\/1\/284\/32253196310_5e2638d266_o.jpg\" alt=\"on. Alberto Losacco\" width=\"320\" height=\"240\" \/><\/a><\/p>\n<p><!--more--><\/p>\n<p style=\"margin-bottom: 0.0001pt; text-align: justify; line-height: normal;\"><a title=\"on. Alberto Losacco\" href=\"https:\/\/www.flickr.com\/photos\/91470992@N02\/31789500514\/in\/dateposted-public\/\" data-flickr-embed=\"true\"><img loading=\"lazy\" decoding=\"async\" style=\"margin: 4px; float: left;\" src=\"https:\/\/c1.staticflickr.com\/1\/567\/31789500514_7955c4d0f9_o.jpg\" alt=\"on. Alberto Losacco\" width=\"400\" height=\"437\" \/><\/a>&#8220;<strong>Bene<\/strong> <strong>l&#8217;attenzione su Gioia del Colle<\/strong> <strong>dove<\/strong>, come ha detto in aula il Sottosegretario all&#8217;interno <strong>Domenico Manzione<\/strong> rispondendo a una mia interrogazione, <strong>esiste un<\/strong> <strong>costante monitoraggio<\/strong> non solo da parte delle forze dell&#8217;ordine, ma <strong>anche della Direzione Distrettuale Antimafia<\/strong>&#8220;.<\/p>\n<p style=\"margin-bottom: 0.0001pt; text-align: justify; line-height: normal;\">Cos\u00ec il deputato barese del Partito Democratico, <strong>Alberto Losacco<\/strong>.<\/p>\n<p style=\"margin-bottom: 0.0001pt; text-align: justify; line-height: normal;\">&#8220;<strong>Esprimo anzitutto la mia solidariet\u00e0<\/strong> &#8211; ha detto Losacco nella sua replica &#8211; <strong>al vicesindaco Enzo Cuscito<\/strong> per la brutale aggressione degli scorsi giorni. \u00c8 un ulteriore campanello d&#8217;allarme sulla situazione di Gioia del Colle dove, <strong>lo scorso ottobre<\/strong>, <strong>un centro di ristorazione per i bisognosi \u00e8 stato oggetto di un incendio di carattere doloso<\/strong>. Non dobbiamo abbassare la guardia perch\u00e9 lo sviluppo del Mezzogiorno passa dal contrasto di questi fenomeni, dalla possibilit\u00e0 delle amministrazioni di poter lavorare con la massima serenit\u00e0\u201d.<\/p>\n<p style=\"margin-bottom: 0.0001pt; text-align: justify; line-height: normal;\">Manzione ha poi ricordato come sulla vicenda specifica dell&#8217;incendio doloso <strong>sono tutt&#8217;ora in atto indagini coperte da segreto istruttorio<\/strong> ma che, data l&#8217;importanza del tema, sono coordinate dal Nucleo del Comando Provinciale dei Carabinieri: &#8220;<strong>La Ladisa<\/strong> &#8211; ha detto ancora Losacco &#8211; <strong>\u00e8 un&#8217;azienda molto importante<\/strong>, che prepara pasti per circa 15mila persone e <strong>d\u00e0 lavoro a circa 3mila<\/strong> <strong>persone<\/strong>. Rafforzare il presidio del territorio \u00e8 questione imprescindibile. Vanno rafforzati gli organici delle forze dell&#8217;ordine dislocate in questo comprensorio che rappresenta una delle aree economiche pi\u00f9 dinamiche del territorio del barese e dell&#8217;intera Puglia. Per questo bene tutte le misure che vanno in questa direzione, a cominciare dal coinvolgimento della DDA e degli organismi provinciali delle forze dell&#8217;ordine. <strong>Quanto sta accadendo a Gioia del Colle non pu\u00f2 e non deve essere sottovalutato<\/strong>&#8220;.<\/p>\n<p>&nbsp;<\/p>\n","protected":false},"excerpt":{"rendered":"","protected":false},"author":1,"featured_media":0,"comment_status":"open","ping_status":"closed","sticky":false,"template":"","format":"standard","meta":{"colormag_page_container_layout":"default_layout","colormag_page_sidebar_layout":"default_layout","footnotes":""},"categories":[8],"tags":[],"class_list":["post-54534","post","type-post","status-publish","format-standard","hentry","category-cronaca"],"_links":{"self":[{"href":"https:\/\/archiviogioia.lavocedelpaese.info\/index.php?rest_route=\/wp\/v2\/posts\/54534","targetHints":{"allow":["GET"]}}],"collection":[{"href":"https:\/\/archiviogioia.lavocedelpaese.info\/index.php?rest_route=\/wp\/v2\/posts"}],"about":[{"href":"https:\/\/archiviogioia.lavocedelpaese.info\/index.php?rest_route=\/wp\/v2\/types\/post"}],"author":[{"embeddable":true,"href":"https:\/\/archiviogioia.lavocedelpaese.info\/index.php?rest_route=\/wp\/v2\/users\/1"}],"replies":[{"embeddable":true,"href":"https:\/\/archiviogioia.lavocedelpaese.info\/index.php?rest_route=%2Fwp%2Fv2%2Fcomments&post=54534"}],"version-history":[{"count":0,"href":"https:\/\/archiviogioia.lavocedelpaese.info\/index.php?rest_route=\/wp\/v2\/posts\/54534\/revisions"}],"wp:attachment":[{"href":"https:\/\/archiviogioia.lavocedelpaese.info\/index.php?rest_route=%2Fwp%2Fv2%2Fmedia&parent=54534"}],"wp:term":[{"taxonomy":"category","embeddable":true,"href":"https:\/\/archiviogioia.lavocedelpaese.info\/index.php?rest_route=%2Fwp%2Fv2%2Fcategories&post=54534"},{"taxonomy":"post_tag","embeddable":true,"href":"https:\/\/archiviogioia.lavocedelpaese.info\/index.php?rest_route=%2Fwp%2Fv2%2Ftags&post=54534"}],"curies":[{"name":"wp","href":"https:\/\/api.w.org\/{rel}","templated":true}]}}