{"id":54709,"date":"2017-02-20T09:05:16","date_gmt":"2017-02-20T09:05:16","guid":{"rendered":"https:\/\/archiviogioia.lavocedelpaese.info\/?p=54709"},"modified":"2017-02-20T09:05:16","modified_gmt":"2017-02-20T09:05:16","slug":"la-politica-parla-di-giustizia-allatto-pratico-la-ostacola","status":"publish","type":"post","link":"https:\/\/archiviogioia.lavocedelpaese.info\/?p=54709","title":{"rendered":"CASO COLANGELO. PERCH\u00c9 LA POLITICA OSTACOLA LA GIUSTIZIA?"},"content":{"rendered":"<p><a title=\"PM GIOVANNI COLANGELO\" href=\"https:\/\/www.flickr.com\/photos\/91470992@N02\/26344021214\/in\/photolist-R1wEPL-S74QQp-H6Riqa-H6RoBn-GFFZEC-GWDbbA-GaxTzF-GWDb7N-GYep8n-GE7623-GXrpmR-G8VZGj-GDhJD3\/\" data-flickr-embed=\"true\"><img loading=\"lazy\" decoding=\"async\" style=\"display: block; margin-left: auto; margin-right: auto;\" src=\"https:\/\/c1.staticflickr.com\/8\/7254\/26344021214_9981ce54d9_z.jpg\" alt=\"PM GIOVANNI COLANGELO\" width=\"320\" height=\"240\" \/><\/a><\/p>\n<p><!--more--><\/p>\n<p style=\"text-align: justify;\"><a title=\"giovanni colangelo in pensione\" href=\"https:\/\/www.flickr.com\/photos\/91470992@N02\/32886486991\/in\/dateposted-public\/\" data-flickr-embed=\"true\"><img loading=\"lazy\" decoding=\"async\" style=\"margin: 4px; float: left;\" src=\"https:\/\/c1.staticflickr.com\/3\/2423\/32886486991_90edf2d09b_o.jpg\" alt=\"giovanni colangelo in pensione\" width=\"400\" height=\"299\" \/><\/a>Il Procuratore gioiese<strong> dott. Giovanni Colangelo dal 17 febbraio<\/strong> \u00e8 in pensione, <strong>lascia la Procura di Napoli ed il coordinamento di inchieste importanti<\/strong>, tra cui quella che vede coinvolta Gioia nell\u2019attentato organizzato dalla Camorra a suo danno e quella &#8211; politicamente pi\u00f9 rilevante &#8211; <strong>che coinvolge il padre dell\u2019ex premier Matteo Renzi<\/strong>, inchiesta collegata ad appalti pubblici miliardari gestiti dalla Consip.<\/p>\n<p style=\"text-align: justify;\"><strong>Il Procuratore<span> &#8211; <\/span><\/strong>stando alle dichiarazioni rilasciate in una intervista pubblicata sul Corriere che potr\u00e0 essere letta integralmente su:&nbsp;<a href=\"http:\/\/www.corriere.it\/politica\/17_febbraio_18\/consip-pensione-magistrato-che-avvio-l-inchiesta-potevo-restare-ma-governo-me-l-ha-impedito-9e8c8340-f614-11e6-a891-35892eecc6d0.shtml\">http:\/\/www.corriere.it\/politica\/17_febbraio_18\/consip-pensione-magistrato-che-avvio-l-inchiesta-potevo-restare-ma-governo-me-l-ha-impedito-9e8c8340-f614-11e6-a891-35892eecc6d0.shtml<\/a> &#8211;&nbsp; <strong>\u00e8 sorpreso \u201cdalla determinazione dell\u2019esecutivo e del gruppo Pd a non far votare in aula l\u2019emendamento che estendeva l\u2019et\u00e0 del ritiro<\/strong>\u201d.<\/p>\n<p style=\"text-align: justify;\">Infatti <strong>il limite di et\u00e0 stabilito dal Governo Renzi<\/strong> per il pensionamento dei magistrati <strong>\u00e8 stato portato a 70 anni, con la possibilit\u00e0 per\u00f2 di proroghe<\/strong> &#8211; per altro gi\u00e0 concesse ad altri magistrati che si sono resi disponibili a restare in<a title=\"giovanni colangelo in pensione\" href=\"https:\/\/www.flickr.com\/photos\/91470992@N02\/32167465594\/in\/dateposted-public\/\" data-flickr-embed=\"true\"><img loading=\"lazy\" decoding=\"async\" style=\"margin: 4px; float: right;\" src=\"https:\/\/c1.staticflickr.com\/4\/3800\/32167465594_8dfc18af9b_o.jpg\" alt=\"giovanni colangelo in pensione\" width=\"400\" height=\"261\" \/><\/a> servizio (e quindi portare a termine le inchieste in corso) -, fino alla copertura degli organici, al momento deficitari di ben 1.000 unit\u00e0.<\/p>\n<p style=\"text-align: justify;\">Quel che desta profondamente scalpore \u00e8 che <strong>il 14 febbraio due senatori del Pd sono stati sostituiti in Commissione Giustizia per impedire che l\u2019emendamento venisse votato in assemblea<\/strong>, estendendo cos\u00ec la proroga e permettendo a Colangelo di continuare ad operare.<\/p>\n<p style=\"text-align: justify;\">L\u2019emendamento di proroga poteva legittimamente essere o meno accolto, ma quel che emerge \u00e8 che <strong>non si \u00e8 voluto consentire che la proroga fosse discussa<\/strong>.<\/p>\n<p style=\"text-align: justify;\">La domanda che sorge spontanea \u00e8 \u201c<strong>Cui prodest?<\/strong>\u201d<\/p>\n<p style=\"text-align: justify;\">E <strong>c&#8217;era chi lo aveva previsto e denunciato<\/strong> a chiari lettere:<\/p>\n<p style=\"text-align: justify;\"><a href=\"http:\/\/www.lastnews24h.com\/sai-dove-vogliono-spedire-il-procuratore-del-caso-consip-che-vede-indagato-babbo-renzi-e-lotti-vergogna\/\">http:\/\/www.lastnews24h.com\/sai-dove-vogliono-spedire-il-procuratore-del-caso-consip-che-<\/a><a href=\"http:\/\/www.lastnews24h.com\/sai-dove-vogliono-spedire-il-procuratore-del-caso-consip-che-vede-indagato-babbo-renzi-e-lotti-vergogna\/\">vede-indagato-babbo-renzi-e-lotti-vergogna\/<\/a><\/p>\n<p>&nbsp;<\/p>\n","protected":false},"excerpt":{"rendered":"","protected":false},"author":1,"featured_media":0,"comment_status":"open","ping_status":"closed","sticky":false,"template":"","format":"standard","meta":{"colormag_page_container_layout":"default_layout","colormag_page_sidebar_layout":"default_layout","footnotes":""},"categories":[8],"tags":[],"class_list":["post-54709","post","type-post","status-publish","format-standard","hentry","category-cronaca"],"_links":{"self":[{"href":"https:\/\/archiviogioia.lavocedelpaese.info\/index.php?rest_route=\/wp\/v2\/posts\/54709","targetHints":{"allow":["GET"]}}],"collection":[{"href":"https:\/\/archiviogioia.lavocedelpaese.info\/index.php?rest_route=\/wp\/v2\/posts"}],"about":[{"href":"https:\/\/archiviogioia.lavocedelpaese.info\/index.php?rest_route=\/wp\/v2\/types\/post"}],"author":[{"embeddable":true,"href":"https:\/\/archiviogioia.lavocedelpaese.info\/index.php?rest_route=\/wp\/v2\/users\/1"}],"replies":[{"embeddable":true,"href":"https:\/\/archiviogioia.lavocedelpaese.info\/index.php?rest_route=%2Fwp%2Fv2%2Fcomments&post=54709"}],"version-history":[{"count":0,"href":"https:\/\/archiviogioia.lavocedelpaese.info\/index.php?rest_route=\/wp\/v2\/posts\/54709\/revisions"}],"wp:attachment":[{"href":"https:\/\/archiviogioia.lavocedelpaese.info\/index.php?rest_route=%2Fwp%2Fv2%2Fmedia&parent=54709"}],"wp:term":[{"taxonomy":"category","embeddable":true,"href":"https:\/\/archiviogioia.lavocedelpaese.info\/index.php?rest_route=%2Fwp%2Fv2%2Fcategories&post=54709"},{"taxonomy":"post_tag","embeddable":true,"href":"https:\/\/archiviogioia.lavocedelpaese.info\/index.php?rest_route=%2Fwp%2Fv2%2Ftags&post=54709"}],"curies":[{"name":"wp","href":"https:\/\/api.w.org\/{rel}","templated":true}]}}