{"id":54717,"date":"2017-02-20T09:13:38","date_gmt":"2017-02-20T09:13:38","guid":{"rendered":"https:\/\/archiviogioia.lavocedelpaese.info\/?p=54717"},"modified":"2017-02-20T09:13:38","modified_gmt":"2017-02-20T09:13:38","slug":"resoconto-neve-dalla-pianificazione-alla-trasparenza-2","status":"publish","type":"post","link":"https:\/\/archiviogioia.lavocedelpaese.info\/?p=54717","title":{"rendered":"&#8220;NEVE: DALLA PIANIFICAZIONE ALLA TRASPARENZA\u201d"},"content":{"rendered":"<p><a title=\"i costi dell'emergenza neve\" href=\"https:\/\/www.flickr.com\/photos\/91470992@N02\/32968558096\" data-flickr-embed=\"true\"><img loading=\"lazy\" decoding=\"async\" style=\"display: block; margin-left: auto; margin-right: auto;\" src=\"https:\/\/c1.staticflickr.com\/3\/2330\/32968558096_af9e27dd54_z.jpg\" alt=\"i costi dell'emergenza neve\" width=\"320\" height=\"240\" \/><\/a><\/p>\n<p><!--more--><\/p>\n<p style=\"text-align: justify;\"><a title=\"i costi dell'emergenza neve\" href=\"https:\/\/www.flickr.com\/photos\/91470992@N02\/32164834584\/in\/photostream\/\" data-flickr-embed=\"true\"><img loading=\"lazy\" decoding=\"async\" style=\"margin: 4px; float: left;\" src=\"https:\/\/c1.staticflickr.com\/3\/2558\/32164834584_6206806322_z.jpg\" alt=\"i costi dell'emergenza neve\" width=\"400\" height=\"225\" \/><\/a> \u201cAlle intense precipitazione nevose di inizio gennaio scorso, la risposta del Comune di Gioia del Colle non si \u00e8 fatta attendere, frutto di una lenta e ponderata attivit\u00e0 di programmazione e prevenzione: <strong>\u00e8 da ottobre 2016 che l\u2019Amministrazione comunale ha posto le basi per la promozione degli strumenti di prevenzione, mentre i primi tavoli di programmazione sono stati avviati gi\u00e0 da novembre<\/strong>, collaborando con il Gruppo Comunale di Protezione Civile, le Associazioni di Volontariato, le Forze dell\u2019Ordine e i Rappresentanti del 36\u00b0 Stormo-caccia.<\/p>\n<p style=\"text-align: justify;\">Durante la scorsa campagna elettorale, l\u2019allora candidato sindaco Donato Lucilla gi\u00e0 poneva tra le proprie priorit\u00e0 il piano per l\u2019emergenza neve: la congiunzione di trasparenza e pianificazione si rivela l\u2019unico strumento capace di rendere pi\u00f9 efficace ed efficiente tutta l\u2019attivit\u00e0 amministrativa, collaudando uno str<a title=\"i costi dell'emergenza neve\" href=\"https:\/\/www.flickr.com\/photos\/91470992@N02\/32164830124\/in\/photostream\/\" data-flickr-embed=\"true\"><img loading=\"lazy\" decoding=\"async\" style=\"margin: 4px; float: right;\" src=\"https:\/\/c1.staticflickr.com\/4\/3790\/32164830124_1583097d4d_z.jpg\" alt=\"i costi dell'emergenza neve\" width=\"400\" height=\"225\" \/><\/a>umento del quale si possono valutare limiti e costi, in modo oggettivo, raffrontando con quanto accaduto precedentemente.<\/p>\n<p style=\"text-align: justify;\">Numerose sono state le <strong>novit\u00e0 che hanno permesso di affrontare l\u2019emergenza in maniera innovativa e differente rispetto al passato<\/strong>: dall\u2019istituzione del Centro Operativo Comunale (C.O.C.) di Protezione Civile, attivo giorno e notte dal 5 al 16 gennaio, all\u2019emanazione dell\u2019ordinanza relativa all\u2019apertura straordinaria delle farmacie, contenendo i disagi inerenti l&#8217;approvvigionamento di farmaci e medicinali, a salvaguardia della pubblica salute ed incolumit\u00e0.<\/p>\n<p style=\"text-align: justify;\">Il pre-allertamento delle ditte ha garantito un notevole risparmio economico e maggiore tempestivit\u00e0 negli interventi, superando l\u2019ostacolo che molti paesi limitrofi hanno dovuto affrontare, contattando le imprese nel pieno dell\u2019emergenza neve.<a title=\"i costi dell'emergenza neve\" href=\"https:\/\/www.flickr.com\/photos\/91470992@N02\/32628044160\/in\/photostream\/\" data-flickr-embed=\"true\"><img loading=\"lazy\" decoding=\"async\" style=\"margin: 4px; float: left;\" src=\"https:\/\/c1.staticflickr.com\/1\/335\/32628044160_e406a1a5c3_z.jpg\" alt=\"i costi dell'emergenza neve\" width=\"400\" height=\"225\" \/><\/a><\/p>\n<p style=\"text-align: justify;\">Occorre, inoltre, sottolineare che gli sforzi, il tempo e l\u2019impegno dei Volontari del Centro Operativo di Protezione Civile non si sono concentrati unicamente nel territorio di competenza comunale: nonostante le raccomandazioni e la prescrizione dell\u2019obbligo delle catene, numerosi sono stati i soccorsi a favore di cittadini con automobili in panne o prive della dotazione idonea per poter transitare in sicurezza, anche nei pressi delle provinciali o della Statale 100, strade queste al di fuori della competenza comunale.<\/p>\n<p style=\"text-align: justify;\">Redigere un resoconto complessivo di quanto accaduto dal 5 al 14 gennaio permette allora di guardare avanti, verificando i processi a favore della comunit\u00e0; i termini di paragone pi\u00f9 attendibili, rispetto a quanto accaduto, sono da riscontrare nel gennaio 1985 e marzo 1987: le temperature <strong>dal 6 gennaio all\u20198 gen<\/strong><a title=\"i costi dell'emergenza neve\" href=\"https:\/\/www.flickr.com\/photos\/91470992@N02\/32628039810\/in\/photostream\/\" data-flickr-embed=\"true\"><img loading=\"lazy\" decoding=\"async\" style=\"margin: 4px; float: right;\" src=\"https:\/\/c1.staticflickr.com\/3\/2198\/32628039810_e56b2afaac_z.jpg\" alt=\"i costi dell'emergenza neve\" width=\"400\" height=\"225\" \/><\/a><strong>naio 2017 <\/strong>si sono mantenute abbondantemente al di sotto del grado zero, con ben <strong>55 ore di gelo, <\/strong>raggiungendo una temperatura minima di -9 \u00b0C. 40 cm di neve sono mediamente caduti, con zone di accumulo di 60 cm. (fonte A.M.)<\/p>\n<p style=\"text-align: justify;\">\u00c8 utile rapportarsi alla spesa sostenuta di Comuni limitrofi, al fine di fornire elementi certi per una valutazione complessiva rispetto al piano emergenza neve del Comune di Gioia del Colle. Pur considerando che non sono perfettamente confrontabili i dati delle precipitazioni nevose che con diversa intensit\u00e0 hanno interessato i comuni vicini, appare di rilievo il fatto che a Gioia il costo pro-capite del piano neve sia tra i pi\u00f9 bassi registrati nei restanti comuni. Dal raffronto fatto \u00e8 emerso infatti come la spesa sostenuta dal Comune di Gioia del Colle sia stata di circa \u20ac 3,3 per cittadino, mentre per altri comuni ci sono stati costi che variano dai \u20ac 7 fino ad arrivare a \u20ac 25 pro-capite\u201d.<\/p>\n<p style=\"text-align: right;\" align=\"right\">[<strong>Coalizione \u201cUn Impegno\u2026in Comune\u201d]<\/strong><\/p>\n<p>&nbsp;<\/p>\n","protected":false},"excerpt":{"rendered":"","protected":false},"author":1,"featured_media":0,"comment_status":"open","ping_status":"closed","sticky":false,"template":"","format":"standard","meta":{"colormag_page_container_layout":"default_layout","colormag_page_sidebar_layout":"default_layout","footnotes":""},"categories":[4],"tags":[],"class_list":["post-54717","post","type-post","status-publish","format-standard","hentry","category-politica"],"_links":{"self":[{"href":"https:\/\/archiviogioia.lavocedelpaese.info\/index.php?rest_route=\/wp\/v2\/posts\/54717","targetHints":{"allow":["GET"]}}],"collection":[{"href":"https:\/\/archiviogioia.lavocedelpaese.info\/index.php?rest_route=\/wp\/v2\/posts"}],"about":[{"href":"https:\/\/archiviogioia.lavocedelpaese.info\/index.php?rest_route=\/wp\/v2\/types\/post"}],"author":[{"embeddable":true,"href":"https:\/\/archiviogioia.lavocedelpaese.info\/index.php?rest_route=\/wp\/v2\/users\/1"}],"replies":[{"embeddable":true,"href":"https:\/\/archiviogioia.lavocedelpaese.info\/index.php?rest_route=%2Fwp%2Fv2%2Fcomments&post=54717"}],"version-history":[{"count":0,"href":"https:\/\/archiviogioia.lavocedelpaese.info\/index.php?rest_route=\/wp\/v2\/posts\/54717\/revisions"}],"wp:attachment":[{"href":"https:\/\/archiviogioia.lavocedelpaese.info\/index.php?rest_route=%2Fwp%2Fv2%2Fmedia&parent=54717"}],"wp:term":[{"taxonomy":"category","embeddable":true,"href":"https:\/\/archiviogioia.lavocedelpaese.info\/index.php?rest_route=%2Fwp%2Fv2%2Fcategories&post=54717"},{"taxonomy":"post_tag","embeddable":true,"href":"https:\/\/archiviogioia.lavocedelpaese.info\/index.php?rest_route=%2Fwp%2Fv2%2Ftags&post=54717"}],"curies":[{"name":"wp","href":"https:\/\/api.w.org\/{rel}","templated":true}]}}