{"id":54882,"date":"2017-03-11T09:09:37","date_gmt":"2017-03-11T09:09:37","guid":{"rendered":"https:\/\/archiviogioia.lavocedelpaese.info\/?p=54882"},"modified":"2017-03-11T09:09:37","modified_gmt":"2017-03-11T09:09:37","slug":"agricoltura-sociale-per-uno-sviluppo-locale-sostenibile","status":"publish","type":"post","link":"https:\/\/archiviogioia.lavocedelpaese.info\/?p=54882","title":{"rendered":"AGRICOLTURA SOCIALE PER UNO SVILUPPO LOCALE SOSTENIBILE"},"content":{"rendered":"<p><a title=\"AGRICOLTURA SOCIALE\" href=\"https:\/\/www.flickr.com\/photos\/91470992@N02\/32998644750\/in\/dateposted-public\/\" data-flickr-embed=\"true\"><img loading=\"lazy\" decoding=\"async\" style=\"display: block; margin-left: auto; margin-right: auto;\" src=\"https:\/\/c1.staticflickr.com\/4\/3915\/32998644750_f234127e81_o.jpg\" alt=\"AGRICOLTURA SOCIALE\" width=\"320\" height=\"240\" \/><\/a><\/p>\n<p><!--more--><\/p>\n<p style=\"text-align: justify;\"><a title=\"AGRICOLTURA SOCIALE\" href=\"https:\/\/www.flickr.com\/photos\/91470992@N02\/33381445325\/in\/dateposted-public\/\" data-flickr-embed=\"true\"><img loading=\"lazy\" decoding=\"async\" style=\"margin: 4px; float: left;\" src=\"https:\/\/c1.staticflickr.com\/3\/2821\/33381445325_8705d9308b_o.jpg\" alt=\"AGRICOLTURA SOCIALE\" width=\"440\" height=\"247\" \/><\/a>\u201c<strong>L\u2019Agricoltura Sociale<\/strong> comprende l\u2019insieme di pratiche svolte su un territorio da imprese agricole, <strong>cooperative sociali<\/strong> e altre organizzazioni che coniugano l\u2019utilizzo delle risorse agricole con le attivit\u00e0 sociali.<\/p>\n<p style=\"text-align: justify;\">L&#8217;Agricoltura Sociale \u00e8 <strong>una prassi di sviluppo locale sostenibile socialmente, economicamente ed ecologicamente<\/strong>, finalizzate a generare benefici inclusivi, favorire percorsi terapeutici, riabilitativi e di cura, a sostenere l\u2019inserimento sociale e lavorativo delle fasce di popolazione svantaggiate e a rischio di marginalizzazione, favorire la coesione sociale, in modo sostanziale e continuativo.<\/p>\n<p style=\"text-align: justify;\"><strong>Il Comune di Gioia del Colle ha organizzato due incontri <\/strong>tra associazioni e imprenditori agricoli per poter conoscere l&#8217;Agricoltura Sociale, ed analizzare insieme politiche di sviluppo che riunisca bisogni, identit\u00e0, tutele ed istanze di libert\u00e0 per tutti i cittadini, indipendentemente dalle loro pi\u00f9 o meno elevate abilit\u00e0. In questo si ritrova <strong>il valore del lavoro<\/strong> non solo come fonte di reddito individuale, ma anche <strong>come elemento fondante di una societ\u00e0 pi\u00f9 giusta, pi\u00f9 coesa e sostenibile<\/strong>.<\/p>\n<p style=\"text-align: justify;\"><strong>Gli incontri sono stati programmati presso la Sala Javarone per Marted\u00ec 14 marzo<\/strong> ore 18.00 con gli imprenditori e <strong>Gioved\u00ec 16 marzo<\/strong> ore 18.00 con le associazioni.<\/p>\n<p style=\"text-align: justify;\"><strong>Ingresso gratuito<\/strong>\u201d.<\/p>\n<p><a title=\"AGRICOLTURA SOCIALE\" href=\"https:\/\/www.flickr.com\/photos\/91470992@N02\/33340860236\/in\/dateposted-public\/\" data-flickr-embed=\"true\"><img loading=\"lazy\" decoding=\"async\" src=\"https:\/\/c1.staticflickr.com\/3\/2867\/33340860236_c2ed77c296_o.jpg\" alt=\"AGRICOLTURA SOCIALE\" width=\"660\" height=\"933\" \/><\/a><\/p>\n","protected":false},"excerpt":{"rendered":"","protected":false},"author":1,"featured_media":0,"comment_status":"open","ping_status":"closed","sticky":false,"template":"","format":"standard","meta":{"colormag_page_container_layout":"default_layout","colormag_page_sidebar_layout":"default_layout","footnotes":""},"categories":[7],"tags":[],"class_list":["post-54882","post","type-post","status-publish","format-standard","hentry","category-attualita"],"_links":{"self":[{"href":"https:\/\/archiviogioia.lavocedelpaese.info\/index.php?rest_route=\/wp\/v2\/posts\/54882","targetHints":{"allow":["GET"]}}],"collection":[{"href":"https:\/\/archiviogioia.lavocedelpaese.info\/index.php?rest_route=\/wp\/v2\/posts"}],"about":[{"href":"https:\/\/archiviogioia.lavocedelpaese.info\/index.php?rest_route=\/wp\/v2\/types\/post"}],"author":[{"embeddable":true,"href":"https:\/\/archiviogioia.lavocedelpaese.info\/index.php?rest_route=\/wp\/v2\/users\/1"}],"replies":[{"embeddable":true,"href":"https:\/\/archiviogioia.lavocedelpaese.info\/index.php?rest_route=%2Fwp%2Fv2%2Fcomments&post=54882"}],"version-history":[{"count":0,"href":"https:\/\/archiviogioia.lavocedelpaese.info\/index.php?rest_route=\/wp\/v2\/posts\/54882\/revisions"}],"wp:attachment":[{"href":"https:\/\/archiviogioia.lavocedelpaese.info\/index.php?rest_route=%2Fwp%2Fv2%2Fmedia&parent=54882"}],"wp:term":[{"taxonomy":"category","embeddable":true,"href":"https:\/\/archiviogioia.lavocedelpaese.info\/index.php?rest_route=%2Fwp%2Fv2%2Fcategories&post=54882"},{"taxonomy":"post_tag","embeddable":true,"href":"https:\/\/archiviogioia.lavocedelpaese.info\/index.php?rest_route=%2Fwp%2Fv2%2Ftags&post=54882"}],"curies":[{"name":"wp","href":"https:\/\/api.w.org\/{rel}","templated":true}]}}