{"id":54927,"date":"2017-03-16T09:52:07","date_gmt":"2017-03-16T09:52:07","guid":{"rendered":"https:\/\/archiviogioia.lavocedelpaese.info\/?p=54927"},"modified":"2017-03-16T09:52:07","modified_gmt":"2017-03-16T09:52:07","slug":"qcafe-klezq-con-vittorino-curci-e-la-sua-band-al-rossini-2","status":"publish","type":"post","link":"https:\/\/archiviogioia.lavocedelpaese.info\/?p=54927","title":{"rendered":"&#8220;CAF\u00c9 KLEZ&#8221; CON VITTORINO CURCI E LA SUA BAND AL ROSSINI"},"content":{"rendered":"<p><a title=\"primo piano\" href=\"https:\/\/www.flickr.com\/photos\/91470992@N02\/32662448863\/in\/dateposted-public\/\" data-flickr-embed=\"true\"><img loading=\"lazy\" decoding=\"async\" style=\"display: block; margin-left: auto; margin-right: auto;\" src=\"https:\/\/c1.staticflickr.com\/3\/2944\/32662448863_96ef778d65_z.jpg\" alt=\"primo piano\" width=\"320\" height=\"240\" \/><\/a><\/p>\n<p><!--more--><\/p>\n<p style=\"text-align: justify;\"><a title=\"Caf\u00e9 Klez\" href=\"https:\/\/www.flickr.com\/photos\/91470992@N02\/32633228824\/in\/dateposted-public\/\" data-flickr-embed=\"true\"><img loading=\"lazy\" decoding=\"async\" style=\"margin: 4px; float: left;\" src=\"https:\/\/c1.staticflickr.com\/3\/2877\/32633228824_926fbd1473_z.jpg\" alt=\"Caf\u00e9 Klez\" width=\"400\" height=\"267\" \/><\/a> <strong>&#8220;Caf\u00e9 Klez&#8221;, per evocare musici erranti<\/strong> e ritmi lenti e tenui, che d\u2019improvviso irrompono in <strong>parossistici e tarantolati jazz<\/strong>, a tratti <strong>contaminati<\/strong> anche <strong>da graffiante rock<\/strong>, in cui riverberano tutti i gradienti della musica popolare, patrimonio ed espressione dell\u2019umanit\u00e0.<\/p>\n<p style=\"text-align: justify;\">Ad offrire questo piacevolissimo interludio concertistico nel foyer del Rossini \u00e8 \u201c<strong>Palazzo Romano Eventi<\/strong>\u201d ed \u00e8 Lucio a presentare i musicisti da vent\u2019anni immersi in queste sonorit\u00e0 al punto da sentirle proprie ed arrangiarle con geniale originalit\u00e0. <strong>Un percorso ventennale che ha intercettato diversi linguaggi m<\/strong><strong>usicali<\/strong> e interpretato un comune sentire, <strong>con approdi prestigiosi anche in Rai<\/strong>, oggi giunto all\u2019acme della propria espressivit\u00e0.<\/p>\n<p style=\"text-align: justify;\">A conferma di ci\u00f2 la disinvoltura con cui il violino di <strong>Giuseppe Amatulli<\/strong> evoca pianto e gioia, trascinando con s\u00e9 le \u201cvoci\u201d del sassofono di <strong>Vittorino Curc<\/strong><a title=\"Caf\u00e9 Klez\" href=\"https:\/\/www.flickr.com\/photos\/91470992@N02\/33348327711\/in\/dateposted-public\/\" data-flickr-embed=\"true\"><img loading=\"lazy\" decoding=\"async\" style=\"margin: 4px; float: right;\" src=\"https:\/\/c1.staticflickr.com\/4\/3799\/33348327711_4760eec4b9_z.jpg\" alt=\"Caf\u00e9 Klez\" width=\"400\" height=\"300\" \/><\/a><strong>i<\/strong>, impareggiabile nell\u2019esprimere rabbia, entusiasmo, dolore, ironia&#8230; Si dona con generosit\u00e0, senza risparmiarsi in assolo graffianti e struggenti, a tratti folli di dolore, storditi e stordenti come la vita.<\/p>\n<p style=\"text-align: justify;\">Non un popolo, ma l\u2019intera umanit\u00e0 sin dal suo pi\u00f9 ancestrale vagito danza sulle percussioni di <strong>Ciccio Turi<\/strong>, elemento \u201crock\u201d che fa la differenza ed accompagna senza sbagliare nulla ogni brano, riprendendo le note e irrompendo ad effetto, assolutamente attoriale e di grande impatto emozionale la sua esibizione, anche perch\u00e9 questi brani li ha riscritti ascoltando le musiche originali e li sente suoi. Ottimo <strong>Camillo Pace<\/strong> al violoncello, jazzista ed appassionato di ritmi africani, il pi\u00f9 giovane ed il pi\u00f9 \u201cbello\u201d, forse anche il pi\u00f9 timido, ma non quando suona e danza con il suo cinquantenario strumento con amore e passione. Penalizzato da una minore acustica <strong>Ciccio Plantone<\/strong> alla fisarmonica, che pur tanto ha contribuito a creare atmosfere di grande pathos.<\/p>\n<p style=\"text-align: justify;\">Ad introdurre la musica klezmer <strong>Pino Scaglione<\/strong>, prezioso amico e gancio di Palazzo Romano, <strong>uno dei protagonisti delle \u201cstorie di <\/strong><a title=\"Caf\u00e9 Klez\" href=\"https:\/\/www.flickr.com\/photos\/91470992@N02\/33348327511\/in\/dateposted-public\/\" data-flickr-embed=\"true\"><img loading=\"lazy\" decoding=\"async\" style=\"margin: 4px; float: left;\" src=\"https:\/\/c1.staticflickr.com\/3\/2909\/33348327511_a87aa4dd37_z.jpg\" alt=\"Caf\u00e9 Klez\" width=\"400\" height=\"267\" \/><\/a><strong>amicizia\u201d che Lucio Romano ricorda<\/strong>, oltre che <strong>amico del poeta<\/strong> ed artista &#8211; nonch\u00e9 <strong>premio Montale &#8211; Vittorino Curci, a<\/strong><strong>pprezzato disegnatore surrealista e musicista jazz.<\/strong><\/p>\n<p style=\"text-align: justify;\">Confessando la sua passione per l\u2019Heavy Metal alquanto distante dalle sonorit\u00e0 Yiddish sia pur profondamente rivisitate e contaminate da jazz e rock dalla band di \u201cgentili\u201d, Pino racconta le origini di questa musica.<\/p>\n<p style=\"text-align: justify;\">La parola yiddish \u201c<strong>klezmer<\/strong>\u201d significa letteralmente \u201c<strong>musicante<\/strong>\u201d e deriva dall\u2019ebraico antico \u201ckli\u201d, strumento e \u201czemer\u201d, canzone, mentre l\u2019Yiddish \u00e8 la lingua in cui viene declinata. <strong>Il klezmer \u00e8 lo specchio dell\u2019anima ebraica.<\/strong> La si ascoltava durante le feste, i matrimoni ed i funerali, itinerante al pari del popolo con cui si identifica. <strong>Rivalutata negli anni \u201970<\/strong>, ha ritrovato nell\u2019improvvisazione del jazz parte di s\u00e9, <strong>contaminandosi <\/strong><strong>con grande originalit\u00e0<\/strong> senza per\u00f2 perdere la sua identit\u00e0. Tracce di questa musica &#8211; <strong>scheg<\/strong><a title=\"Caf\u00e9 Klez\" href=\"https:\/\/www.flickr.com\/photos\/91470992@N02\/32633228304\/in\/dateposted-public\/\" data-flickr-embed=\"true\"><img loading=\"lazy\" decoding=\"async\" style=\"margin: 4px; float: right;\" src=\"https:\/\/c1.staticflickr.com\/3\/2857\/32633228304_2a82912552_z.jpg\" alt=\"Caf\u00e9 Klez\" width=\"400\" height=\"267\" \/><\/a><strong>ge aguzze della diaspora che ha disperso il popolo Ebreo<\/strong> &#8211; sono sparse per il mondo e vengono <strong>declinate anche nel rock<\/strong>, Scaglione ne coglie echi ed assonanze nella graffiante voce di <strong>Bruce Springsteen<\/strong> e ricorda l\u2019ascolto dei classici di <strong>Gershwin e Goodmann<\/strong> durante l\u2019infanzia, <strong>sonorit\u00e0 che hanno creato un forte imprinting<\/strong> e le basi per apprezzare l\u2019arte che la musica sa esprimere.<\/p>\n<p style=\"text-align: justify;\">E la musica klezmer nel corso del ventesimo secolo ha raggiunto significative vette di qualit\u00e0 ed \u00e8 stata adottata da musicisti di alta scuola. In particolare nel ventennio tra le due guerre, il pi\u00f9 ricco e vivace della storia polacca recente, a farsene interprete fu uno dei pi\u00f9 famosi musicisti dell\u2019epoca, il galiziano <strong>Leopold Koz\u0142owski<\/strong>.<\/p>\n<p style=\"text-align: justify;\"><strong>Vittorino Curci<\/strong> dopo aver inizialmente presentato il suo gruppo, spendendo parole molto lusinghiere su ognuno dei musicisti, di tanto in tanto interviene e ricorda quanto sia distante questa musica da quella da camera. E\u2019 ben pi\u00f9 rude e <strong>pronta a contaminarsi con altre culture, in <\/strong><a title=\"Caf\u00e9 Klez\" href=\"https:\/\/www.flickr.com\/photos\/91470992@N02\/32633229604\/in\/dateposted-public\/\" data-flickr-embed=\"true\"><img loading=\"lazy\" decoding=\"async\" style=\"margin: 4px; float: left;\" src=\"https:\/\/c1.staticflickr.com\/3\/2821\/32633229604_02cc03f464_z.jpg\" alt=\"Caf\u00e9 Klez\" width=\"400\" height=\"267\" \/><\/a><strong>primis quella orientale che porta con s\u00e9 <\/strong><strong>memorie del deserto<\/strong>, ed ancora ritmi gitani, russi\u2026 Perch\u00e9 suonarla? Perch\u00e9 settanta anni fa qualcuno voleva cancellarla dalla terra, ed \u00e8 invece rinata e nella eterogeneit\u00e0 delle diverse esperienze musicali, \u00e8 elemento di forte coesione ed unione.<\/p>\n<p style=\"text-align: justify;\">A cornice del concerto l\u2019installazione floreale di <strong>Germana Surico<\/strong>, pensata per il concerto in\u2026 concerto con la <strong>Flores<\/strong> e come sempre armoniosamente a tema.<\/p>\n<p style=\"text-align: justify;\"><strong>Cassette di legno, rami secchi e vecchie valigie di cartone, sacchi di juta in cui era racchiusa la vita in fuga di un popolo perseguitato ma mai davvero vinto<\/strong>. A restituire speranza la musica e l\u2019intenso profumo di viole a ciocche, bocche di leoni e fresie bianche poggiate in secchi di alluminio, <strong>struggente retaggio di un passato in cui schegge di cristallo crocifissero poesia ed arte<\/strong> insieme a milioni di vite.<\/p>\n<p style=\"text-align: justify;\">Un concerto applauditissimo, da risentire in teatro! [Foto <strong>Mario Di Giuseppe<\/strong>]<\/p>\n<p>&nbsp;<\/p>\n","protected":false},"excerpt":{"rendered":"","protected":false},"author":1,"featured_media":0,"comment_status":"open","ping_status":"closed","sticky":false,"template":"","format":"standard","meta":{"colormag_page_container_layout":"default_layout","colormag_page_sidebar_layout":"default_layout","footnotes":""},"categories":[7],"tags":[],"class_list":["post-54927","post","type-post","status-publish","format-standard","hentry","category-attualita"],"_links":{"self":[{"href":"https:\/\/archiviogioia.lavocedelpaese.info\/index.php?rest_route=\/wp\/v2\/posts\/54927","targetHints":{"allow":["GET"]}}],"collection":[{"href":"https:\/\/archiviogioia.lavocedelpaese.info\/index.php?rest_route=\/wp\/v2\/posts"}],"about":[{"href":"https:\/\/archiviogioia.lavocedelpaese.info\/index.php?rest_route=\/wp\/v2\/types\/post"}],"author":[{"embeddable":true,"href":"https:\/\/archiviogioia.lavocedelpaese.info\/index.php?rest_route=\/wp\/v2\/users\/1"}],"replies":[{"embeddable":true,"href":"https:\/\/archiviogioia.lavocedelpaese.info\/index.php?rest_route=%2Fwp%2Fv2%2Fcomments&post=54927"}],"version-history":[{"count":0,"href":"https:\/\/archiviogioia.lavocedelpaese.info\/index.php?rest_route=\/wp\/v2\/posts\/54927\/revisions"}],"wp:attachment":[{"href":"https:\/\/archiviogioia.lavocedelpaese.info\/index.php?rest_route=%2Fwp%2Fv2%2Fmedia&parent=54927"}],"wp:term":[{"taxonomy":"category","embeddable":true,"href":"https:\/\/archiviogioia.lavocedelpaese.info\/index.php?rest_route=%2Fwp%2Fv2%2Fcategories&post=54927"},{"taxonomy":"post_tag","embeddable":true,"href":"https:\/\/archiviogioia.lavocedelpaese.info\/index.php?rest_route=%2Fwp%2Fv2%2Ftags&post=54927"}],"curies":[{"name":"wp","href":"https:\/\/api.w.org\/{rel}","templated":true}]}}