{"id":55022,"date":"2017-03-25T09:28:01","date_gmt":"2017-03-25T09:28:01","guid":{"rendered":"https:\/\/archiviogioia.lavocedelpaese.info\/?p=55022"},"modified":"2017-03-25T09:28:01","modified_gmt":"2017-03-25T09:28:01","slug":"oggi-ritorna-lora-legale-meno-sonno-ma-piu-sole-2","status":"publish","type":"post","link":"https:\/\/archiviogioia.lavocedelpaese.info\/?p=55022","title":{"rendered":"OGGI RITORNA L\u2019ORA LEGALE. MENO SONNO MA PI\u00d9 SOLE"},"content":{"rendered":"<p><a title=\"ORA LEGALE: TORNA SOLARE, DOMENICA ALLE 3 LANCETTE INDIETRO\" href=\"https:\/\/www.flickr.com\/photos\/91470992@N02\/33516743531\/in\/dateposted-public\/\" data-flickr-embed=\"true\"><img loading=\"lazy\" decoding=\"async\" style=\"display: block; margin-left: auto; margin-right: auto;\" src=\"https:\/\/c1.staticflickr.com\/3\/2928\/33516743531_e90c75edf0_o.jpg\" alt=\"ORA LEGALE: TORNA SOLARE, DOMENICA ALLE 3 LANCETTE INDIETRO\" width=\"320\" height=\"240\" \/><\/a><\/p>\n<p><!--more--><\/p>\n<p style=\"text-align: justify;\"><a title=\"ORA-LEGALE-3\" href=\"https:\/\/www.flickr.com\/photos\/91470992@N02\/33605382346\/in\/dateposted-public\/\" data-flickr-embed=\"true\"><img loading=\"lazy\" decoding=\"async\" style=\"margin: 4px; float: left;\" src=\"https:\/\/c1.staticflickr.com\/3\/2818\/33605382346_9447c017c3_o.jpg\" alt=\"ORA-LEGALE-3\" width=\"400\" height=\"267\" \/><\/a><strong>Alle&nbsp;2 di questa notte scatter\u00e0 l\u2019ora legale<\/strong>, e da quel momento bisogner\u00e0 spostare gli orologi \u2013 quelli che non lo fanno gi\u00e0 da soli \u2013&nbsp;<strong>un\u2019ora avanti<\/strong>: di conseguenza, <strong>si dormir\u00e0 un\u2019ora in meno<\/strong>.<\/p>\n<p style=\"text-align: justify;\">L\u2019ora legale, per capirsi, comporta che se non cambiate l\u2019ora gi\u00e0 da sabato sera&nbsp;e la vostra sveglia di domenica \u00e8 puntata per le&nbsp;8, quando vi alzerete saranno gi\u00e0 le 9, e cos\u00ec via. Nonostante si dorma un\u2019ora in meno, \u00e8 anche vero che <strong>da domenica&nbsp;far\u00e0 buio un\u2019ora pi\u00f9 tardi la sera<\/strong>: quindi ne vale la pena, diciamo.<\/p>\n<p style=\"text-align: justify;\"><strong>L\u2019ora legale rimpiazza&nbsp;l\u2019ora solare<\/strong>, e tra le altre cose&nbsp;fa&nbsp;risparmiare sull\u2019energia sfruttando un minore uso dell\u2019illuminazione elettrica: esiste in Italia dal 1916 e fu adottata mentre&nbsp;il paese&nbsp;era impegnato nella Prima guerra mondiale. <strong>Rester\u00e0<\/strong> <strong>in vigore fino a sabato 28 ottobre 2017<\/strong>.<\/p>\n<p>&nbsp;<\/p>\n","protected":false},"excerpt":{"rendered":"","protected":false},"author":1,"featured_media":0,"comment_status":"open","ping_status":"closed","sticky":false,"template":"","format":"standard","meta":{"colormag_page_container_layout":"default_layout","colormag_page_sidebar_layout":"default_layout","footnotes":""},"categories":[7],"tags":[],"class_list":["post-55022","post","type-post","status-publish","format-standard","hentry","category-attualita"],"_links":{"self":[{"href":"https:\/\/archiviogioia.lavocedelpaese.info\/index.php?rest_route=\/wp\/v2\/posts\/55022","targetHints":{"allow":["GET"]}}],"collection":[{"href":"https:\/\/archiviogioia.lavocedelpaese.info\/index.php?rest_route=\/wp\/v2\/posts"}],"about":[{"href":"https:\/\/archiviogioia.lavocedelpaese.info\/index.php?rest_route=\/wp\/v2\/types\/post"}],"author":[{"embeddable":true,"href":"https:\/\/archiviogioia.lavocedelpaese.info\/index.php?rest_route=\/wp\/v2\/users\/1"}],"replies":[{"embeddable":true,"href":"https:\/\/archiviogioia.lavocedelpaese.info\/index.php?rest_route=%2Fwp%2Fv2%2Fcomments&post=55022"}],"version-history":[{"count":0,"href":"https:\/\/archiviogioia.lavocedelpaese.info\/index.php?rest_route=\/wp\/v2\/posts\/55022\/revisions"}],"wp:attachment":[{"href":"https:\/\/archiviogioia.lavocedelpaese.info\/index.php?rest_route=%2Fwp%2Fv2%2Fmedia&parent=55022"}],"wp:term":[{"taxonomy":"category","embeddable":true,"href":"https:\/\/archiviogioia.lavocedelpaese.info\/index.php?rest_route=%2Fwp%2Fv2%2Fcategories&post=55022"},{"taxonomy":"post_tag","embeddable":true,"href":"https:\/\/archiviogioia.lavocedelpaese.info\/index.php?rest_route=%2Fwp%2Fv2%2Ftags&post=55022"}],"curies":[{"name":"wp","href":"https:\/\/api.w.org\/{rel}","templated":true}]}}