{"id":55102,"date":"2017-04-06T05:56:50","date_gmt":"2017-04-06T05:56:50","guid":{"rendered":"https:\/\/archiviogioia.lavocedelpaese.info\/?p=55102"},"modified":"2017-04-06T05:56:50","modified_gmt":"2017-04-06T05:56:50","slug":"valdo-il-monaco-nel-salotto-letterario-mazzini-2","status":"publish","type":"post","link":"https:\/\/archiviogioia.lavocedelpaese.info\/?p=55102","title":{"rendered":"\u201cVALDO IL MONACO\u201d NEL SALOTTO LETTERARIO MAZZINI"},"content":{"rendered":"<p><a title=\"valdo il monaco\" href=\"https:\/\/www.flickr.com\/photos\/91470992@N02\/33714537542\/in\/dateposted-public\/\" data-flickr-embed=\"true\"><img loading=\"lazy\" decoding=\"async\" style=\"display: block; margin-left: auto; margin-right: auto;\" src=\"https:\/\/c1.staticflickr.com\/3\/2817\/33714537542_76f7f5de73_z.jpg\" alt=\"valdo il monaco\" width=\"320\" height=\"240\" \/><\/a><\/p>\n<p><!--more--><\/p>\n<p style=\"margin-bottom: 0.0001pt; text-align: justify; line-height: normal;\"><a title=\"valdo il monaco\" href=\"https:\/\/www.flickr.com\/photos\/91470992@N02\/33714535682\/in\/dateposted-public\/\" data-flickr-embed=\"true\"><img loading=\"lazy\" decoding=\"async\" style=\"margin: 4px; float: left;\" src=\"https:\/\/c1.staticflickr.com\/3\/2944\/33714535682_a1f64013fd_z.jpg\" alt=\"valdo il monaco\" width=\"400\" height=\"300\" \/><\/a>Mercoled\u00ec 29 marzo presso l\u2019Aula Magna della scuola \u201cMazzini\u201d, il Dottor <strong>Francesco Maurogiovanni<\/strong> ha presentato il suo libro \u201c<strong>Valdo il monaco sulle tracce del Vangelo Bogomila<\/strong>\u201d. A introdurre l\u2019evento, il Dirigente Scolastico della scuola \u201cMazzini\u201d, <strong>prof. Pavone<\/strong>, il quale fa notare come vi sia una calda atmosfera, allietata da un congruo numero di amici.<\/p>\n<p style=\"margin-bottom: 0.0001pt; text-align: justify; line-height: normal;\">\u201c<i>E\u2019 un onore per me essere qui per due motivi. Il primo, perch\u00e9 la presentazione di un libro, a mio parere va fatta in una scuola. Il libro \u00e8 lo strumento didattico che viene utilizzato quotidianamente. Certo, ci sono altri strumenti, pi\u00f9 tecnologici, ma il libro resta il principe di questi. Il secondo perch\u00e9, ormai, l\u2019autore \u00e8 gioiese di adozione ma per la prima volta presenta a Gioia un suo libro<\/i>\u201d.<\/p>\n<p style=\"margin-bottom: 0.0001pt; text-align: justify; line-height: normal;\"><strong>Libro che ci trasporta nel Medioevo<\/strong>, pi\u00f9 specificatamente all\u2019epoca degli eretici Catari, famosi per il loro essere stati sterminati da San Domenico, e, molto probabilmente, custodi di un Vangelo Apocrifo, il Vangelo Bogomila. Avvincente storia colma di intrighi, amori, morti che si ripercuotono sul protagonista, Valdo, un monaco eretico. Libro gotico e misterioso che apre la scena a diversi temi tratti dai pilastri della filosofia: religione, scelta, verit\u00e0, ricerca.<\/p>\n<p style=\"margin-bottom: 0.0001pt; text-align: justify; line-height: normal;\">Argomenti perfettamente divulgati dai professori dell\u2019Universit\u00e0 degli Studi di Bari \u201cAldo Moro\u201d, <strong>Sebastio Leonardio<\/strong>, docente della cattedra di Letteratura Italiana, e <strong>Lassandro Domenico<\/strong>, docente della cattedra di Letteratura Latina. Accanto a loro, la Dottoressa <strong>Angelillo Maria Teresa<\/strong> e l\u2019editore del libro Dottor <strong>Laterza Giuseppe<\/strong>. In conclusione alla presentazione, un dibattito figlio delle riflessioni del pomeriggio.<\/p>\n<p style=\"margin-bottom: 0.0001pt; text-align: justify; line-height: normal;\">Decisamente <strong>un\u2019interessante occasione<\/strong> per ripetere un po\u2019 di cultura filosofica e ripensare alle proprie ideologie.<\/p>\n<p>&nbsp;<\/p>\n","protected":false},"excerpt":{"rendered":"","protected":false},"author":1,"featured_media":0,"comment_status":"open","ping_status":"closed","sticky":false,"template":"","format":"standard","meta":{"colormag_page_container_layout":"default_layout","colormag_page_sidebar_layout":"default_layout","footnotes":""},"categories":[7],"tags":[],"class_list":["post-55102","post","type-post","status-publish","format-standard","hentry","category-attualita"],"_links":{"self":[{"href":"https:\/\/archiviogioia.lavocedelpaese.info\/index.php?rest_route=\/wp\/v2\/posts\/55102","targetHints":{"allow":["GET"]}}],"collection":[{"href":"https:\/\/archiviogioia.lavocedelpaese.info\/index.php?rest_route=\/wp\/v2\/posts"}],"about":[{"href":"https:\/\/archiviogioia.lavocedelpaese.info\/index.php?rest_route=\/wp\/v2\/types\/post"}],"author":[{"embeddable":true,"href":"https:\/\/archiviogioia.lavocedelpaese.info\/index.php?rest_route=\/wp\/v2\/users\/1"}],"replies":[{"embeddable":true,"href":"https:\/\/archiviogioia.lavocedelpaese.info\/index.php?rest_route=%2Fwp%2Fv2%2Fcomments&post=55102"}],"version-history":[{"count":0,"href":"https:\/\/archiviogioia.lavocedelpaese.info\/index.php?rest_route=\/wp\/v2\/posts\/55102\/revisions"}],"wp:attachment":[{"href":"https:\/\/archiviogioia.lavocedelpaese.info\/index.php?rest_route=%2Fwp%2Fv2%2Fmedia&parent=55102"}],"wp:term":[{"taxonomy":"category","embeddable":true,"href":"https:\/\/archiviogioia.lavocedelpaese.info\/index.php?rest_route=%2Fwp%2Fv2%2Fcategories&post=55102"},{"taxonomy":"post_tag","embeddable":true,"href":"https:\/\/archiviogioia.lavocedelpaese.info\/index.php?rest_route=%2Fwp%2Fv2%2Ftags&post=55102"}],"curies":[{"name":"wp","href":"https:\/\/api.w.org\/{rel}","templated":true}]}}