{"id":55106,"date":"2017-04-06T05:43:37","date_gmt":"2017-04-06T05:43:37","guid":{"rendered":"https:\/\/archiviogioia.lavocedelpaese.info\/?p=55106"},"modified":"2017-04-06T05:43:37","modified_gmt":"2017-04-06T05:43:37","slug":"testimoni-di-geova-commemorazione-morte-gesu-2","status":"publish","type":"post","link":"https:\/\/archiviogioia.lavocedelpaese.info\/?p=55106","title":{"rendered":"TESTIMONI DI GEOVA COMMEMORAZIONE MORTE GES\u00d9"},"content":{"rendered":"<p><a title=\"testimoni di geova\" href=\"https:\/\/www.flickr.com\/photos\/91470992@N02\/33829923466\/in\/dateposted-public\/\" data-flickr-embed=\"true\"><img loading=\"lazy\" decoding=\"async\" style=\"display: block; margin-left: auto; margin-right: auto;\" src=\"https:\/\/c1.staticflickr.com\/3\/2941\/33829923466_44cec37001_o.jpg\" alt=\"testimoni di geova\" width=\"320\" height=\"240\" \/><\/a><\/p>\n<p><!--more--><\/p>\n<p style=\"text-align: justify;\"><a title=\"testimoni di geova\" href=\"https:\/\/www.flickr.com\/photos\/91470992@N02\/33829923836\/in\/dateposted-public\/\" data-flickr-embed=\"true\"><img loading=\"lazy\" decoding=\"async\" style=\"margin: 4px; float: left;\" src=\"https:\/\/c1.staticflickr.com\/3\/2926\/33829923836_befc863a8e_o.jpg\" alt=\"testimoni di geova\" width=\"400\" height=\"400\" \/><\/a><span>\u201cSabato 18 marzo i Testimoni di Geova di tutto il mondo hanno dato il via a una campagna di inviti per l\u2019evento annuale della <strong>Commemorazione della morte di Ges\u00f9 Cristo<\/strong> e anche Gioia del Colle fa la sua parte.<\/span><\/p>\n<p style=\"text-align: justify;\"><span>Quando era in vita sulla terra, i miracoli compiuti da Ges\u00f9 mostrarono su piccola scala quello che sar\u00e0 in grado di fare a livello globale quando tutte le attuali cause di sofferenza saranno eliminate per sempre grazie al suo sacrificio. La sua morte fu cos\u00ec importante nell\u2019adempimento del proposito di Dio, che Ges\u00f9 comand\u00f2 ai discepoli di continuare a commemorarla (<\/span><span><a href=\"#v42022019-v42022020\">Luca 22:19, 20<\/a><\/span><span>). <\/span><\/p>\n<p style=\"text-align: justify;\"><span>Secondo il calendario lunare della Bibbia quest\u2019anno l\u2019anniversario della morte di Ges\u00f9 ricorre <span>marted\u00ec <strong>11 aprile<\/strong><\/span>. <strong>I Testimoni di Geova locali invitano la cittadinanza<\/strong> ad ascoltare un discorso che spiegher\u00e0 quanto la sua morte sia importante per ogni singolo individuo o famiglia. Illustrer\u00e0 la promessa biblica di un tempo in cui l\u2019uomo sar\u00e0 in pace con la natura, le malattie saranno eliminate e ogni famiglia costruir\u00e0 la sua casa, coltiver\u00e0 il suo terreno e godr\u00e0 del frutto del suo lavoro (<\/span><span><a href=\"#v23011006-v23011009\">Isaia 11:6-9;<\/a><\/span><span><\/span><span><a href=\"#v23035005-v23035006\">35:5, 6;<\/a><\/span><span><\/span><span><a href=\"#v23065021-v23065023\">65:21-23<\/a><\/span><span>).<\/span><\/p>\n<p style=\"text-align: justify;\"><strong><span>Gli oltre otto milioni di Testimoni a livello mondiale<\/span><\/strong><span> stanno invitando di persona a questo evento gli abitanti delle loro zone. Lo scorso anno a Gioia hanno assistito alla commemorazione circa 150 persone, mentre il totale dei presenti nel mondo \u00e8 stato di oltre <span>20milioni.<\/span><\/span><\/p>\n<p style=\"text-align: justify;\"><span>Nella provincia di Bari <strong>la celebrazione potr\u00e0 essere seguita, oltre che in italiano<\/strong>, nella Lingua Italiana dei Segni, in inglese, cinese, albanese, russo, creolo, romeno, spagnolo e bengali a beneficio dei molti partecipanti stranieri che ormai vi risiedono stabilmente.<\/span><\/p>\n<p style=\"text-align: justify;\"><span>Come avviene in tutti gli incontri dei Testimoni, l\u2019ingresso \u00e8 libero e non saranno richieste raccolte di fondi. <strong>A Gioia del Colle l\u2019evento si terr\u00e0 presso il Chiostro del Palazzo Comunale<\/strong> in piazza Margherita di Savoia n.10 <\/span><span>alle ore 19,30.<\/span><\/p>\n<p style=\"text-align: justify;\"><span style=\"color: #00000a;\">Cliccando sui seguenti link sar\u00e0 possibile trovare il posto pi\u00f9 vicino in cui assistere alla commemorazione e vedere un breve video di presentazione:<\/span><\/p>\n<p style=\"text-align: justify;\"><span style=\"text-decoration: underline;\"><span style=\"color: blue;\">https:\/\/apps.jw.org\/I_SRCHMTGMAPS?txtAction=SEARCH_MEMORIAL<\/span><\/span><\/p>\n<p style=\"text-align: justify;\"><span style=\"text-decoration: underline;\"><span style=\"color: blue;\"><a href=\"https:\/\/www.jw.org\/it\/testimoni-di-geova\/commemorazione\/ricordiamo-morte-ges\u00f9\/\">https:\/\/www.jw.org\/it\/testimoni-di-geova\/commemorazione\/ricordiamo-morte-ges\u00f9\/<\/a>\u201d<\/span><\/span><\/p>\n<p>&nbsp;<\/p>\n","protected":false},"excerpt":{"rendered":"","protected":false},"author":1,"featured_media":0,"comment_status":"open","ping_status":"closed","sticky":false,"template":"","format":"standard","meta":{"colormag_page_container_layout":"default_layout","colormag_page_sidebar_layout":"default_layout","footnotes":""},"categories":[7],"tags":[],"class_list":["post-55106","post","type-post","status-publish","format-standard","hentry","category-attualita"],"_links":{"self":[{"href":"https:\/\/archiviogioia.lavocedelpaese.info\/index.php?rest_route=\/wp\/v2\/posts\/55106","targetHints":{"allow":["GET"]}}],"collection":[{"href":"https:\/\/archiviogioia.lavocedelpaese.info\/index.php?rest_route=\/wp\/v2\/posts"}],"about":[{"href":"https:\/\/archiviogioia.lavocedelpaese.info\/index.php?rest_route=\/wp\/v2\/types\/post"}],"author":[{"embeddable":true,"href":"https:\/\/archiviogioia.lavocedelpaese.info\/index.php?rest_route=\/wp\/v2\/users\/1"}],"replies":[{"embeddable":true,"href":"https:\/\/archiviogioia.lavocedelpaese.info\/index.php?rest_route=%2Fwp%2Fv2%2Fcomments&post=55106"}],"version-history":[{"count":0,"href":"https:\/\/archiviogioia.lavocedelpaese.info\/index.php?rest_route=\/wp\/v2\/posts\/55106\/revisions"}],"wp:attachment":[{"href":"https:\/\/archiviogioia.lavocedelpaese.info\/index.php?rest_route=%2Fwp%2Fv2%2Fmedia&parent=55106"}],"wp:term":[{"taxonomy":"category","embeddable":true,"href":"https:\/\/archiviogioia.lavocedelpaese.info\/index.php?rest_route=%2Fwp%2Fv2%2Fcategories&post=55106"},{"taxonomy":"post_tag","embeddable":true,"href":"https:\/\/archiviogioia.lavocedelpaese.info\/index.php?rest_route=%2Fwp%2Fv2%2Ftags&post=55106"}],"curies":[{"name":"wp","href":"https:\/\/api.w.org\/{rel}","templated":true}]}}