{"id":55216,"date":"2017-04-19T09:23:22","date_gmt":"2017-04-19T09:23:22","guid":{"rendered":"https:\/\/archiviogioia.lavocedelpaese.info\/?p=55216"},"modified":"2017-04-19T09:23:22","modified_gmt":"2017-04-19T09:23:22","slug":"lo-stilista-gioiese-filippo-laterza-in-rai-a-i-fatti-vostri-2","status":"publish","type":"post","link":"https:\/\/archiviogioia.lavocedelpaese.info\/?p=55216","title":{"rendered":"LO STILISTA GIOIESE FILIPPO LATERZA IN RAI A \u201cI FATTI VOSTRI\u201d"},"content":{"rendered":"<p><a title=\"filippo-laterza\" href=\"https:\/\/www.flickr.com\/photos\/91470992@N02\/33979916262\/in\/dateposted-public\/\" data-flickr-embed=\"true\"><img loading=\"lazy\" decoding=\"async\" style=\"display: block; margin-left: auto; margin-right: auto; vertical-align: middle;\" src=\"https:\/\/c1.staticflickr.com\/3\/2865\/33979916262_cf94d16972_z.jpg\" alt=\"filippo-laterza\" width=\"320\" height=\"240\" \/><\/a><\/p>\n<p><!--more--><\/p>\n<p style=\"text-align: justify;\"><a title=\"filippo laterza a i fatti vostri\" href=\"https:\/\/www.flickr.com\/photos\/91470992@N02\/34137325785\/in\/dateposted-public\/\" data-flickr-embed=\"true\"><img loading=\"lazy\" decoding=\"async\" style=\"margin: 4px; float: left;\" src=\"https:\/\/c1.staticflickr.com\/3\/2887\/34137325785_1ca6374a84_z.jpg\" alt=\"filippo laterza a i fatti vostri\" width=\"400\" height=\"216\" \/><\/a> Lo stilista gioiese <strong>Filippo Laterza &#8211; 21 anni di geniale ed artistica creativit\u00e0<\/strong> nel mondo dell\u2019alta moda &#8211; porta tre suoi abiti ispirati e dedicati ai protagonisti dell\u2019arte Contemporanea <strong>in Rai nella trasmissione \u201cI fatti vostri\u201d<\/strong>. Ad accoglierlo <strong>Giancarlo Magalli, Adriana Volpe e Marcello Cirillo<\/strong>.<\/p>\n<p style=\"text-align: justify;\"><span><strong>Gli abiti tratti da \u201cCapsule Collection\u201d<\/strong> presentata ad \u201cAltaRoma 2017\u201d ed esposti in via Margutta presso la Galleria Marchetti, <strong>esprimono <\/strong>attraverso i colori ispirati alle opere di artisti contemporanei, <strong>linee fresche e ricche di suggestioni<\/strong>, <strong>dipinti a mano<\/strong> su tessuti preziosi, trasformando lo stesso capo in opera d\u2019arte di grande duttilit\u00e0.<\/span><\/p>\n<p style=\"text-align: justify;\"><span><strong>Filippo Laterza vi<\/strong><\/span><a title=\"filippo laterza a i fatti vostri\" href=\"https:\/\/www.flickr.com\/photos\/91470992@N02\/33752405450\/in\/dateposted-public\/\" data-flickr-embed=\"true\"><img loading=\"lazy\" decoding=\"async\" style=\"margin: 4px; float: right;\" src=\"https:\/\/c1.staticflickr.com\/3\/2901\/33752405450_e82cfbfef9_z.jpg\" alt=\"filippo laterza a i fatti vostri\" width=\"400\" height=\"259\" \/><\/a><span><strong>ncitore del concorso \u201cIl talento, la passione e la fatica\u201d<\/strong>, promosso da Stefano Cavalleri per spingere i giovani talenti&nbsp;provenienti da Istituti di Moda specializzati nel womenswear ad aprirsi anche al mondo del kidswear, collabora con il Pitti Bimbo. <strong>Dopo il debutto ad AltaRoma<\/strong> con una serie di coreografiche creazioni Haute Couture, <strong>il giovane stilista gioiese approda in Rai<\/strong> ed attraverso le sue pregiatissime creazioni veste i corpi d\u2019arte &#8211; quella dei pi\u00f9 grandi artisti del \u2018900: Sonia Delaunay, Georgia O\u2019Keeffe, Tamara de Lempicka, Yayoi Kusama, Henri Matisse, Lucio Fontana, Kazimir Malevi, Gustav Klimt, Yves Klein, Vincent Van Gogh. <\/span><\/p>\n<p style=\"text-align: justify;\">\u201cFantasie e colori vivaci che prendono vita grazie ad&nbsp;abiti da sogno, per donne protagoniste, sensuali e sicure di s\u00e9 dove la creativit\u00e0, l\u2019estrema abilit\u00e0 artigianale e la sapienza esecutiva, sono riuscite a plasmare piccoli capolavori sartoriali, unici e inimitabili, meravigliosi. Le sue creazioni d\u2019alta moda sono realizzate in materiali preziosi come taffet\u00e0, tulle,&nbsp;gazar&nbsp;di seta pura stampata a mano, tessuti puri con lavorazioni, ricami, dipinti e patchwork, perch\u00e9 la moda non \u00e8 arte finch\u00e9 no<a title=\"filippo laterza a i fatti vostri\" href=\"https:\/\/www.flickr.com\/photos\/91470992@N02\/33752406410\/in\/dateposted-public\/\" data-flickr-embed=\"true\"><img loading=\"lazy\" decoding=\"async\" style=\"margin: 4px; float: left;\" src=\"https:\/\/c1.staticflickr.com\/3\/2876\/33752406410_e5ef1e8846_z.jpg\" alt=\"filippo laterza a i fatti vostri\" width=\"400\" height=\"238\" \/><\/a>n comunica emozioni&#8230;\u201d<\/p>\n<p style=\"text-align: justify;\">L\u2019innato gusto del giovane stilista, non pi\u00f9 una promessa ma una certezza nel mondo della moda ed il suo spigliato modo di porsi davanti alle telecamere, nella trasmissione del 29 marzo ne fanno una star! Racconta di provenire da Gioia e di aver scoperto di amare dall\u2019et\u00e0 di sette anni la moda, parla del laboratorio della sua famiglia e dell\u2019arrivo a Bergamo, dell\u2019esperienza con Stefano Cavalleri suo mentore, nel settore bambino, sempre alta moda ma in miniatura\u2026 e confessa la sua pi\u00f9 grande passione: vestire le donne.<\/p>\n<p style=\"text-align: justify;\">\u201cL\u2019idea dell\u2019arte associata alla moda \u00e8 intesa qui come fonte di comunicazione. L\u2019ispirazione dall\u2019arte mi viene naturale, perch\u00e9 vivo di questo, di emozioni che provo, prendo, e cerco di buttare gi\u00f9 attraverso tessuti, ricami, dipint<a title=\"filippo laterza a i fatti vostri\" href=\"https:\/\/www.flickr.com\/photos\/91470992@N02\/33752408120\/in\/dateposted-public\/\" data-flickr-embed=\"true\"><img loading=\"lazy\" decoding=\"async\" style=\"margin: 4px; float: right;\" src=\"https:\/\/c1.staticflickr.com\/3\/2845\/33752408120_0c70249d92_z.jpg\" alt=\"filippo laterza a i fatti vostri\" width=\"400\" height=\"299\" \/><\/a>i.\u201d<\/p>\n<p style=\"text-align: justify;\">Le dieci creazioni portate ad AltaRoma da cui sono state scelte le due portate in trasmissione, indossate da Giulia e Federica ed ispirate a Yves Klein e Yayoi Kusama, rappresentano le contraddizioni e la complessa personalit\u00e0 del giovane stilista.<\/p>\n<p style=\"text-align: justify;\"><span><strong>Il suo sogno \u00e8 \u201c\u2026essere libero di poter creare<\/strong>. Non avere un limite di tipo commerciale e di espressione, perch\u00e9 le barriere limitano la creativit\u00e0.\u201d<\/span><\/p>\n<p style=\"text-align: justify;\">\u201cQuesta Collezione &#8211; dichiara Filippo ad AltaRoma &#8211; la dedico a chi ha veramente creduto in me: a Stefano Cavalleri che mi ha dato le ali per volare e mi ha mostrato orizzonti luminosi, all\u2019amico fraterno Anoop Goyat, che ha condiviso con me i miei primi anni nella moda; un grazie speciale va a Rachel Mathew che mi ha dato la possibilit\u00e0 con le sue sapienti mani di poter realizzare i capolavori di Van Gogh, Klimt, O\u2019Keeffe e Kline; ad Anoop che si \u00e8 trasferito in India per seguire tutte le fasi del lavoro a mano; a Barbara Pavan, amica cara che ha realizzato <a title=\"filippo laterza a i fatti vostri\" href=\"https:\/\/www.flickr.com\/photos\/91470992@N02\/33325936663\/in\/dateposted-public\/\" data-flickr-embed=\"true\"><img loading=\"lazy\" decoding=\"async\" style=\"margin: 4px; float: left;\" src=\"https:\/\/c1.staticflickr.com\/4\/3942\/33325936663_df241610bb_z.jpg\" alt=\"filippo laterza a i fatti vostri\" width=\"400\" height=\"266\" \/><\/a>per me e con me i ricami di Matisse; a Mitzi Micalef che ha dipinto a mano su tessuto l\u2019albero della vita di Klimt e le pennellate di Tamara De Lempicka; a Stefano Luraschi che ha prodotto per me le stampe superlative e precise su faille, mikado e gazzarre di seta per gli abiti di Kusama, Delaunay, De Lempicka; ai maestri modellisti Sergio Reggiani e Fausto Pedrini che hanno saputo interpretare ogni mio disegno e mi hanno garantito silhouette e vestibilit\u00e0 perfette; a tutte le sarte, le lavoranti e le premier che hanno dedicato il loro tempo e la loro maestria per la costruzione della collezione; a Giovanna Roveda, Marco e Valentina Uzzo che mi hanno spinto a partecipare a questa prestigiosa edizione di AltaRoma ed infine sono sinceramente riconoscente a Roney Simon che mi ha permesso di chiudere il cerchio dei dettagli in Italia e mi ha dedicato una frase del Dalai Lama: \u2018la felicit\u00e0 non \u00e8 qualcosa di gi\u00e0 pronto. Si ottiene con le proprie azioni\u2019. Grazie a tutti loro io e la mia Arte ora esistiamo\u201d.<\/p>\n<p>&nbsp;<\/p>\n","protected":false},"excerpt":{"rendered":"","protected":false},"author":1,"featured_media":0,"comment_status":"open","ping_status":"closed","sticky":false,"template":"","format":"standard","meta":{"colormag_page_container_layout":"default_layout","colormag_page_sidebar_layout":"default_layout","footnotes":""},"categories":[7],"tags":[],"class_list":["post-55216","post","type-post","status-publish","format-standard","hentry","category-attualita"],"_links":{"self":[{"href":"https:\/\/archiviogioia.lavocedelpaese.info\/index.php?rest_route=\/wp\/v2\/posts\/55216","targetHints":{"allow":["GET"]}}],"collection":[{"href":"https:\/\/archiviogioia.lavocedelpaese.info\/index.php?rest_route=\/wp\/v2\/posts"}],"about":[{"href":"https:\/\/archiviogioia.lavocedelpaese.info\/index.php?rest_route=\/wp\/v2\/types\/post"}],"author":[{"embeddable":true,"href":"https:\/\/archiviogioia.lavocedelpaese.info\/index.php?rest_route=\/wp\/v2\/users\/1"}],"replies":[{"embeddable":true,"href":"https:\/\/archiviogioia.lavocedelpaese.info\/index.php?rest_route=%2Fwp%2Fv2%2Fcomments&post=55216"}],"version-history":[{"count":0,"href":"https:\/\/archiviogioia.lavocedelpaese.info\/index.php?rest_route=\/wp\/v2\/posts\/55216\/revisions"}],"wp:attachment":[{"href":"https:\/\/archiviogioia.lavocedelpaese.info\/index.php?rest_route=%2Fwp%2Fv2%2Fmedia&parent=55216"}],"wp:term":[{"taxonomy":"category","embeddable":true,"href":"https:\/\/archiviogioia.lavocedelpaese.info\/index.php?rest_route=%2Fwp%2Fv2%2Fcategories&post=55216"},{"taxonomy":"post_tag","embeddable":true,"href":"https:\/\/archiviogioia.lavocedelpaese.info\/index.php?rest_route=%2Fwp%2Fv2%2Ftags&post=55216"}],"curies":[{"name":"wp","href":"https:\/\/api.w.org\/{rel}","templated":true}]}}