{"id":55327,"date":"2017-04-30T07:17:15","date_gmt":"2017-04-30T07:17:15","guid":{"rendered":"https:\/\/archiviogioia.lavocedelpaese.info\/?p=55327"},"modified":"2017-04-30T07:17:15","modified_gmt":"2017-04-30T07:17:15","slug":"i-rifiuti-diventano-nuovi-oggetti-di-arredo-con-bea-2","status":"publish","type":"post","link":"https:\/\/archiviogioia.lavocedelpaese.info\/?p=55327","title":{"rendered":"I RIFIUTI DIVENTANO NUOVI OGGETTI DI ARREDO CON BEA"},"content":{"rendered":"<p><a title=\"laboratorio linfa\" href=\"https:\/\/www.flickr.com\/photos\/91470992@N02\/34359456865\/in\/dateposted-public\/\" data-flickr-embed=\"true\"><img loading=\"lazy\" decoding=\"async\" style=\"display: block; margin-left: auto; margin-right: auto;\" src=\"https:\/\/c1.staticflickr.com\/3\/2885\/34359456865_61a05f0933_o.jpg\" alt=\"laboratorio linfa\" width=\"320\" height=\"240\" \/><\/a><\/p>\n<p><!--more--><\/p>\n<p style=\"text-align: justify;\"><a title=\"Materiali per upcycling\" href=\"https:\/\/www.flickr.com\/photos\/91470992@N02\/34318155806\/in\/dateposted-public\/\" data-flickr-embed=\"true\"><img loading=\"lazy\" decoding=\"async\" style=\"margin: 4px; float: left;\" src=\"https:\/\/c1.staticflickr.com\/5\/4183\/34318155806_9e1fd0730d_o.jpg\" alt=\"Materiali per upcycling\" width=\"400\" height=\"267\" \/><\/a> \u201cIl laboratorio urbano di Veglie <strong>CulturAmbiente Lab<\/strong> diventa un cantiere aperto per la trasformazione di rifiuti in nuovi oggetti con <strong>BEA \u2013 Bottega dell\u2019EcoArredo<\/strong>, il laboratorio partecipato di design ecologico. Creativit\u00e0, upcycling e life-coaching per un progetto promosso da CulturAmbiente onlus insieme a <strong>Urban Lab e Laboratorio Linfa<\/strong> nell\u2019ambito dell\u2019avviso pubblico della Regione Puglia per le organizzazioni giovanili \u201c<strong>Laboratori Urbani Mettici Le Mani<\/strong>\u201d.<\/p>\n<p style=\"text-align: justify;\">\u00c8 un percorso multiplo che si chiuder\u00e0 il prossimo settembre, sviluppato intorno a due diverse declinazioni dei concetti di design, progettazione e autocostruzione, partendo dall\u2019ecologia della mente fino a quella ambientale.<\/p>\n<p style=\"text-align: justify;\">Il progetto sar\u00e0 presentato venerd\u00ec 5 maggio alle ore 18.30 negli spazi di CulturAmbiente Lab in via Salice, in occasione della proiezione del film documentario di <a title=\"laboratorio\" href=\"https:\/\/www.flickr.com\/photos\/91470992@N02\/34318157376\/in\/dateposted-public\/\" data-flickr-embed=\"true\"><img loading=\"lazy\" decoding=\"async\" style=\"margin: 4px; float: right;\" src=\"https:\/\/c1.staticflickr.com\/3\/2883\/34318157376_6474644a65_o.jpg\" alt=\"laboratorio\" width=\"400\" height=\"266\" \/><\/a>Marco Fantacuzzi \u201cRePLAY- in viaggio nell\u2019upcycling\u201d, nato dalla collaborazione tra l&#8217;associazione La Mente Comune e la casa di produzione Cinema Key.<\/p>\n<p style=\"text-align: justify;\">Ogni venerd\u00ec del mese di maggio e di giugno sar\u00e0 possibile esplorare i nodi cruciali della progettazione di s\u00e9, dell\u2019intelligenza emotiva e della riscoperta delle proprie potenzialit\u00e0 grazie al percorso di life-coaching e crescita personale \u201cE_motiva_mente\u201d guidato da psicologhe ed esperte di servizi alla persona. Progettare il pensiero, quindi, attraverso la conoscenza e la gestione delle proprie emozioni, il problem solving, il pensiero positivo, il public speaking e la comunicazione di s\u00e9, interpersonale e di un progetto.<\/p>\n<p style=\"text-align: justify;\">Potenziare le proprie capacit\u00e0 individuali e relazionali \u00e8 la fase preparatoria al vero e proprio Summer Camp per la costruzione di oggetti di design, in programma dal 29 giugno al 23 luglio in cicli da 4 giorni a settimana presso l&#8217;Istituto Comprensivo di Veglie Polo 1 nella Scuola Primaria in via Casa Savoia. A guidarlo, i giovani designer e ar<a title=\"locandina prova - bea_Versione 13_03\" href=\"https:\/\/www.flickr.com\/photos\/91470992@N02\/34201109682\/in\/dateposted-public\/\" data-flickr-embed=\"true\"><img loading=\"lazy\" decoding=\"async\" style=\"margin: 4px; float: left;\" src=\"https:\/\/c1.staticflickr.com\/3\/2851\/34201109682_77c1b8e8c2_o.jpg\" alt=\"locandina prova - bea_Versione 13_03\" width=\"400\" height=\"566\" \/><\/a>tigiani del Laboratorio Linfa, un collettivo impegnato nella tutela dell\u2019ambiente attraverso la progettazione e la produzione di mobili, allestimenti e installazioni impiegando legno usato e sostanze atossiche. Parola d\u2019ordine, quindi, l\u2019upcycling, per trasformare oggetti \u201crifiutati\u201d e dargli nuova vita attraverso la pratica creativa.<\/p>\n<p style=\"text-align: justify;\">Il Summer Camp sar\u00e0 un\u2019occasione per conoscere tecniche di costruzione e mettere in gioco le proprie capacit\u00e0 per la realizzazione pratica di un\u2019idea creativa, secondo i principi del design sostenibile e della comunicazione sociale. Il tutto in chiave green per progettare in modo partecipato gli spazi del laboratorio urbano e gli elementi di arredo, riutilizzando materiali ed elementi \u201cscartati\u201d, raccolti o donati da cittadini e aziende. Tutti, infatti, sono chiamati a donare oggetti destinati ad essere buttati e contribuire al processo di trasformazione creativa, in particolare vecchi mobili, pallet e pedane, scarti di legname semilavorato, ecc.<\/p>\n<p style=\"text-align: justify;\">BEA \u00e8 aperto a tutti coloro che vogliano mettersi in gioco ed \u00e8 consigliabile, ma non vincolante, la partecipazione a entrambi i percorsi.<\/p>\n<p style=\"text-align: justify;\"><strong>Per informazioni<\/strong>: <a href=\"mailto:culturambientelab@gmail.com\">culturambientelab@gmail.com<\/a> \u2013 320\/6394354.<\/p>\n<p style=\"text-align: left;\" align=\"left\"><strong><span style=\"color: #1d2129;\">Replay &#8211; <\/span><\/strong><strong>in viaggio nell\u2019upcycling<\/strong><\/p>\n<p style=\"text-align: justify;\"><span style=\"color: #1d2129;\">RePlay \u00e8 un road movie che <strong>racconta il lavoro creativo e geniale di artisti e designer che si dedicano al riuso di materiali di scarto<\/strong>. Due curatori saltano su&nbsp;un vecchio camper e partono per raggiungere gli atelier di questi artisti, per osservare e studiare da vicino il loro lavoro. Nel loro percorrere l&#8217;Italia dai trulli della Puglia alla periferia di Milano incontrano vari personaggi geniali e appassionati. Il film \u00e8 stato realizzato grazie alla collaborazione tra l&#8217;associazione di promozione sociale La Mente Comune e la casa di produzione Cinema Key di Marco Fantacuzzi. <strong>Il film \u00e8 la sintesi per immagini del lavoro svolto<\/strong> durante il progetto SCRAPout #2, sostenuto dalla Fondazione Cassa di Risparmio di Padova e Rovigo nell&#8217;ambito del bando Culturalmente (edizione 2013) e con il contributo<\/span><span style=\"color: #1d2129;\"> del Comune di Padova_Settore Ambiente e Territorio \u2013 Ufficio Informambiente\u201d.<\/span><\/p>\n<p style=\"text-align: right;\" align=\"right\"><strong>Ufficio stampa CulturAmbiente Lab<\/strong><\/p>\n<p>&nbsp;<\/p>\n","protected":false},"excerpt":{"rendered":"","protected":false},"author":1,"featured_media":0,"comment_status":"open","ping_status":"closed","sticky":false,"template":"","format":"standard","meta":{"colormag_page_container_layout":"default_layout","colormag_page_sidebar_layout":"default_layout","footnotes":""},"categories":[7],"tags":[],"class_list":["post-55327","post","type-post","status-publish","format-standard","hentry","category-attualita"],"_links":{"self":[{"href":"https:\/\/archiviogioia.lavocedelpaese.info\/index.php?rest_route=\/wp\/v2\/posts\/55327","targetHints":{"allow":["GET"]}}],"collection":[{"href":"https:\/\/archiviogioia.lavocedelpaese.info\/index.php?rest_route=\/wp\/v2\/posts"}],"about":[{"href":"https:\/\/archiviogioia.lavocedelpaese.info\/index.php?rest_route=\/wp\/v2\/types\/post"}],"author":[{"embeddable":true,"href":"https:\/\/archiviogioia.lavocedelpaese.info\/index.php?rest_route=\/wp\/v2\/users\/1"}],"replies":[{"embeddable":true,"href":"https:\/\/archiviogioia.lavocedelpaese.info\/index.php?rest_route=%2Fwp%2Fv2%2Fcomments&post=55327"}],"version-history":[{"count":0,"href":"https:\/\/archiviogioia.lavocedelpaese.info\/index.php?rest_route=\/wp\/v2\/posts\/55327\/revisions"}],"wp:attachment":[{"href":"https:\/\/archiviogioia.lavocedelpaese.info\/index.php?rest_route=%2Fwp%2Fv2%2Fmedia&parent=55327"}],"wp:term":[{"taxonomy":"category","embeddable":true,"href":"https:\/\/archiviogioia.lavocedelpaese.info\/index.php?rest_route=%2Fwp%2Fv2%2Fcategories&post=55327"},{"taxonomy":"post_tag","embeddable":true,"href":"https:\/\/archiviogioia.lavocedelpaese.info\/index.php?rest_route=%2Fwp%2Fv2%2Ftags&post=55327"}],"curies":[{"name":"wp","href":"https:\/\/api.w.org\/{rel}","templated":true}]}}