{"id":55378,"date":"2017-05-07T20:47:43","date_gmt":"2017-05-07T20:47:43","guid":{"rendered":"https:\/\/archiviogioia.lavocedelpaese.info\/?p=55378"},"modified":"2017-05-07T20:47:43","modified_gmt":"2017-05-07T20:47:43","slug":"anziano-finisce-in-ospedale-dopo-caduta-in-piazza-2","status":"publish","type":"post","link":"https:\/\/archiviogioia.lavocedelpaese.info\/?p=55378","title":{"rendered":"ANZIANO FINISCE IN OSPEDALE DOPO CADUTA IN PIAZZA"},"content":{"rendered":"<p><a title=\"ambulanza 118 notte\" href=\"https:\/\/www.flickr.com\/photos\/91470992@N02\/28857805825\/in\/photolist-GSBZ9R-KY4Nhi-DWA7sA-EBy3aJ-EBy4Ny-E7F7pu-ETcaem-E7ihLV-EBy6Am-EkTBEc-AW6Z36-DWfJku-DYzqJ6-DQjTAB-DQjBkk-DYz4Vc-DWf5ab-Dq5wJr-wSPfUU-tSuf5n-rWR38z-rWJ3bA-rWJ3sh-seieSV-rWHdWy-rUYuBx-se9G97-sc1FLA-sefN5n-ryafa1-qTKqyQ-qHHSf2-qyBhcj-pSQsdz-q2jN6F-qjWHDi-oWW5Xv-pBiaNg-oVafjy-nLtNry-ohaFRZ-nzpQ6p-nJBvjY-nNrs8a-nuaRJx-nuao3d-nLDY6X-nuaQHV-nuart9-nuaS26\/\" data-flickr-embed=\"true\"><img loading=\"lazy\" decoding=\"async\" style=\"display: block; margin-left: auto; margin-right: auto;\" src=\"https:\/\/c1.staticflickr.com\/9\/8235\/28857805825_4d217aef91_z.jpg\" alt=\"ambulanza 118 notte\" width=\"320\" height=\"240\" \/><\/a><\/p>\n<p><!--more--><\/p>\n<p style=\"text-align: justify;\"><a title=\"parcheggi selvaggi bloccano ambulanza\" href=\"https:\/\/www.flickr.com\/photos\/91470992@N02\/25017087074\/in\/photolist-E7F7pu-ETcaem-E7ihLV-EBy6Am-EkTBEc-AW6Z36-DWfJku-DYzqJ6-DQjTAB-DQjBkk-DYz4Vc-DWf5ab-Dq5wJr-wSPfUU-tSuf5n-rWR38z-rWJ3bA-rWJ3sh-seieSV-rWHdWy-rUYuBx-se9G97-sc1FLA-sefN5n-ryafa1-qTKqyQ-qHHSf2-qyBhcj-pSQsdz-q2jN6F-qjWHDi-oWW5Xv-pBiaNg-oVafjy-nLtNry-ohaFRZ-nzpQ6p-nJBvjY-nNrs8a-nuaRJx-nuao3d-nLDY6X-nuaQHV-nuart9-nuaS26-nNrpZx-nJBrQd-nuaQ6c-nuaTDe-nuadq6\" data-flickr-embed=\"true\"><img loading=\"lazy\" decoding=\"async\" style=\"margin: 4px; float: left;\" src=\"https:\/\/c1.staticflickr.com\/2\/1684\/25017087074_f784bc97e7_z.jpg\" alt=\"parcheggi selvaggi bloccano ambulanza\" width=\"400\" height=\"301\" \/><\/a><strong>Alle 20.30 circa di questa sera, un anziano gioiese<\/strong>, <strong>colto da una crisi epilettica<\/strong> in Piazza Plebiscito (ndr), angolo via Dante, nei pressi del monumento ai Caduti, <strong>\u00e8 caduto sbattendo violentemente la testa per terra<\/strong> con conseguente perdita di sangue.<\/p>\n<p style=\"text-align: justify;\">In attesa dell\u2019ambulanza, giunta poco dopo dalla postazione del 118 di Sammichele, <strong>\u00e8 stato soccorso da due volontari di Gioia Soccorso<\/strong> che passeggiavano nelle vicinanze. Sul posto anche una pattuglia di Carabinieri, oltre a diversi cittadini presenti in Piazza e tanti curiosi di passaggio.<\/p>\n<p style=\"text-align: justify;\">Dopo le prime cure il ferito <strong>\u00e8<\/strong> <strong>stato trasportato presso il Pronto Soccorso dell\u2019Ospedale Miulli<\/strong> per ulteriori accertamenti.<\/p>\n<p style=\"text-align: justify;\"><strong>Sulle sue condizioni nulla \u00e8 trapelato<\/strong>, nemmeno sulle sue generalit\u00e0 ed et\u00e0. Con s\u00e9 non aveva alcun documento di riconoscimento.<\/p>\n<p>&nbsp;<\/p>\n","protected":false},"excerpt":{"rendered":"","protected":false},"author":1,"featured_media":0,"comment_status":"open","ping_status":"closed","sticky":false,"template":"","format":"standard","meta":{"colormag_page_container_layout":"default_layout","colormag_page_sidebar_layout":"default_layout","footnotes":""},"categories":[8],"tags":[],"class_list":["post-55378","post","type-post","status-publish","format-standard","hentry","category-cronaca"],"_links":{"self":[{"href":"https:\/\/archiviogioia.lavocedelpaese.info\/index.php?rest_route=\/wp\/v2\/posts\/55378","targetHints":{"allow":["GET"]}}],"collection":[{"href":"https:\/\/archiviogioia.lavocedelpaese.info\/index.php?rest_route=\/wp\/v2\/posts"}],"about":[{"href":"https:\/\/archiviogioia.lavocedelpaese.info\/index.php?rest_route=\/wp\/v2\/types\/post"}],"author":[{"embeddable":true,"href":"https:\/\/archiviogioia.lavocedelpaese.info\/index.php?rest_route=\/wp\/v2\/users\/1"}],"replies":[{"embeddable":true,"href":"https:\/\/archiviogioia.lavocedelpaese.info\/index.php?rest_route=%2Fwp%2Fv2%2Fcomments&post=55378"}],"version-history":[{"count":0,"href":"https:\/\/archiviogioia.lavocedelpaese.info\/index.php?rest_route=\/wp\/v2\/posts\/55378\/revisions"}],"wp:attachment":[{"href":"https:\/\/archiviogioia.lavocedelpaese.info\/index.php?rest_route=%2Fwp%2Fv2%2Fmedia&parent=55378"}],"wp:term":[{"taxonomy":"category","embeddable":true,"href":"https:\/\/archiviogioia.lavocedelpaese.info\/index.php?rest_route=%2Fwp%2Fv2%2Fcategories&post=55378"},{"taxonomy":"post_tag","embeddable":true,"href":"https:\/\/archiviogioia.lavocedelpaese.info\/index.php?rest_route=%2Fwp%2Fv2%2Ftags&post=55378"}],"curies":[{"name":"wp","href":"https:\/\/api.w.org\/{rel}","templated":true}]}}