{"id":55395,"date":"2017-05-11T10:57:19","date_gmt":"2017-05-11T10:57:19","guid":{"rendered":"https:\/\/archiviogioia.lavocedelpaese.info\/?p=55395"},"modified":"2017-05-11T10:57:19","modified_gmt":"2017-05-11T10:57:19","slug":"il-giro-ditalia-sbarca-ad-alberobello-video","status":"publish","type":"post","link":"https:\/\/archiviogioia.lavocedelpaese.info\/?p=55395","title":{"rendered":"IL GIRO D\u2019ITALIA SBARCA AD ALBEROBELLO-video"},"content":{"rendered":"<p><a title=\"bici ciclisti giro d'Italia-2\" href=\"https:\/\/www.flickr.com\/photos\/91470992@N02\/34554938666\/in\/dateposted-public\/\" data-flickr-embed=\"true\"><img loading=\"lazy\" decoding=\"async\" style=\"display: block; margin-left: auto; margin-right: auto;\" src=\"https:\/\/c1.staticflickr.com\/5\/4169\/34554938666_3a7d9b25aa_z.jpg\" alt=\"bici ciclisti giro d'Italia-2\" width=\"320\" height=\"240\" \/><\/a><\/p>\n<p><!--more--><\/p>\n<p style=\"text-align: justify;\"><a title=\"Alberobello-Rosa-Giro-dItalia2\" href=\"https:\/\/www.flickr.com\/photos\/91470992@N02\/34596403455\/in\/dateposted-public\/\" data-flickr-embed=\"true\"><img loading=\"lazy\" decoding=\"async\" style=\"margin: 4px; float: left;\" src=\"https:\/\/c1.staticflickr.com\/5\/4185\/34596403455_4cafbf1ce9_z.jpg\" alt=\"Alberobello-Rosa-Giro-dItalia2\" width=\"400\" height=\"300\" \/><\/a> Domani, 12 maggio, <strong>la carovana del Giro d\u2019Italia sbarca<\/strong> in Puglia. La 7^ tappa, lunga 224 km, concluder\u00e0 la sua corsa <strong>ad Alberobello<\/strong>, localit\u00e0 turistica per eccellenza conosciuta in tutto il mondo, a pochi chilometri dalla nostra citt\u00e0. La \u00abCorsa rosa\u00bb, dopo aver attraversato Calabria e Basilicata, le citt\u00e0 di Massafra, Martina Franca, Ceglie Messapica, Cisternino e Locorotondo, approder\u00e0 <strong>nella terra dei trulli<\/strong>, in un arrivo che sulla carta sembrerebbe pi\u00f9 adatto ai velocisti.<\/p>\n<p style=\"text-align: justify;\"><strong>\u00c8 la prima volta che la citt\u00e0 dei Trulli ospiter\u00e0 l\u2019arrivo di una tappa del Giro<\/strong>, e questo capita a 20 anni dal riconoscimento dell\u2019Unesco come patrimonio dell\u2019umanit\u00e0. Per l\u2019occasione <strong>i trulli sono addobbati di rosa<\/strong>, e tutto \u00e8 pronto per l\u2019attesissimo evento.<\/p>\n<p style=\"text-align: justify;\">\u201cTappa praticamente pianeggiante per i primi 140 km (breve discesa in partenza) lungo strade prevalentemente ampie e rettilinee. Brevi tratti pi\u00f9 impegnativi e articolati in corrispondenza degli attraversamenti cittadini. Breve salita in corrispondenza al GPM di Bosco delle Pianelle e ultima parte molto impegnativa per la serie di attraversamenti cittadini con i consueti ostacoli della viabilit\u00e0 <a title=\"T13_Jesolo_alt\" href=\"https:\/\/www.flickr.com\/photos\/91470992@N02\/34596402295\/in\/dateposted-public\/\" data-flickr-embed=\"true\"><img loading=\"lazy\" decoding=\"async\" style=\"margin: 4px; float: right;\" src=\"https:\/\/c1.staticflickr.com\/5\/4157\/34596402295_938e30fafd_z.jpg\" alt=\"T13_Jesolo_alt\" width=\"400\" height=\"234\" \/><\/a>come rotatorie, spartitraffico, isole pedonali, pav\u00e9, dossi. Ultimi 40 km ondulati tendenti a salire con arrivo a Alberobello, per la prima volta citt\u00e0 di tappa. &nbsp; Ultimi chilometri molto articolati e impegnativi. Si percorrono in parte strade larghe e rettilinee e in parte vie cittadine caratterizzate da svolte consecutive e parziali restringimenti della carreggiata. Dai 5 km a 1.5 km all\u2019arrivo prevalentemente in salita con una breve discesa che termina ai 700 m. Finale con leggeri cambi di direzione in leggera salita. Linea di arrivo su rettilineo in asfalto di 100 m larga 7.5 m\u201d.<\/p>\n<p style=\"text-align: justify;\">Da Alberobello <strong>la carovana si avvier\u00e0 in direzione di Molfetta<\/strong> dove sabato mattina partir\u00e0 l\u2019ottava tappa che avr\u00e0 <strong>Peschici come punto di <\/strong><strong>arrivo<\/strong>.<\/p>\n<p><iframe loading=\"lazy\" src=\"\/\/www.dailymotion.com\/embed\/video\/x5k24es\" width=\"660\" height=\"371\" allowfullscreen=\"allowfullscreen\"><\/iframe><\/p>\n","protected":false},"excerpt":{"rendered":"","protected":false},"author":1,"featured_media":0,"comment_status":"open","ping_status":"closed","sticky":false,"template":"","format":"standard","meta":{"colormag_page_container_layout":"default_layout","colormag_page_sidebar_layout":"default_layout","footnotes":""},"categories":[5],"tags":[],"class_list":["post-55395","post","type-post","status-publish","format-standard","hentry","category-sport"],"_links":{"self":[{"href":"https:\/\/archiviogioia.lavocedelpaese.info\/index.php?rest_route=\/wp\/v2\/posts\/55395","targetHints":{"allow":["GET"]}}],"collection":[{"href":"https:\/\/archiviogioia.lavocedelpaese.info\/index.php?rest_route=\/wp\/v2\/posts"}],"about":[{"href":"https:\/\/archiviogioia.lavocedelpaese.info\/index.php?rest_route=\/wp\/v2\/types\/post"}],"author":[{"embeddable":true,"href":"https:\/\/archiviogioia.lavocedelpaese.info\/index.php?rest_route=\/wp\/v2\/users\/1"}],"replies":[{"embeddable":true,"href":"https:\/\/archiviogioia.lavocedelpaese.info\/index.php?rest_route=%2Fwp%2Fv2%2Fcomments&post=55395"}],"version-history":[{"count":0,"href":"https:\/\/archiviogioia.lavocedelpaese.info\/index.php?rest_route=\/wp\/v2\/posts\/55395\/revisions"}],"wp:attachment":[{"href":"https:\/\/archiviogioia.lavocedelpaese.info\/index.php?rest_route=%2Fwp%2Fv2%2Fmedia&parent=55395"}],"wp:term":[{"taxonomy":"category","embeddable":true,"href":"https:\/\/archiviogioia.lavocedelpaese.info\/index.php?rest_route=%2Fwp%2Fv2%2Fcategories&post=55395"},{"taxonomy":"post_tag","embeddable":true,"href":"https:\/\/archiviogioia.lavocedelpaese.info\/index.php?rest_route=%2Fwp%2Fv2%2Ftags&post=55395"}],"curies":[{"name":"wp","href":"https:\/\/api.w.org\/{rel}","templated":true}]}}