{"id":55489,"date":"2017-05-24T07:50:15","date_gmt":"2017-05-24T07:50:15","guid":{"rendered":"https:\/\/archiviogioia.lavocedelpaese.info\/?p=55489"},"modified":"2017-05-24T07:50:15","modified_gmt":"2017-05-24T07:50:15","slug":"etranger-film-festival-2017-le-novita-del-programma-2","status":"publish","type":"post","link":"https:\/\/archiviogioia.lavocedelpaese.info\/?p=55489","title":{"rendered":"\u00c9TRANGER FILM FESTIVAL 2017. LE NOVIT\u00c0 DEL PROGRAMMA"},"content":{"rendered":"<p><a title=\"etranger film festival\" href=\"https:\/\/www.flickr.com\/photos\/91470992@N02\/34481694750\/in\/dateposted-public\/\" data-flickr-embed=\"true\"><img loading=\"lazy\" decoding=\"async\" style=\"display: block; margin-left: auto; margin-right: auto;\" src=\"https:\/\/c1.staticflickr.com\/5\/4274\/34481694750_4daf20ef82_z.jpg\" alt=\"etranger film festival\" width=\"320\" height=\"240\" \/><\/a><\/p>\n<p><!--more--><\/p>\n<p style=\"margin-bottom: 0.0001pt; text-align: justify; line-height: normal;\"><a title=\"etranger film festival\" href=\"https:\/\/www.flickr.com\/photos\/91470992@N02\/34481697790\/in\/dateposted-public\/\" data-flickr-embed=\"true\"><img loading=\"lazy\" decoding=\"async\" style=\"margin: 4px; float: left;\" src=\"https:\/\/c1.staticflickr.com\/5\/4249\/34481697790_c39c7a5be7_z.jpg\" alt=\"etranger film festival\" width=\"400\" height=\"148\" \/><\/a> \u201cLa data fatidica si sta avvicinando e il 29 maggio, nella sede della Mediateca Regionale Pugliese (<span style=\"color: #222222; background: white none repeat scroll 0% 0%;\">Via Giuseppe Zanardelli, 30, Bari), alle 11.30 <strong>sar\u00e0 presentato il programma ufficiale di \u00c9tranger Film Festival 2017<\/strong>, il festival dedicato al cinema della diversit\u00e0 che <\/span><strong>dal 7 all\u201911 giugno<\/strong><span style=\"color: #222222; background: white none repeat scroll 0% 0%;\"> <strong>proporr\u00e0 per 5 giorni un cartellone fitto di proiezioni<\/strong> di 35 autori provenienti da tutto il mondo e 10 eventi speciali. <\/span><\/p>\n<p style=\"margin-bottom: 0.0001pt; text-align: justify; line-height: normal;\">La diversit\u00e0 \u00e8 l\u2019oggetto di indagine dell\u2019osservatorio sulla cinematografia contemporanea lanciato dall\u2019associazione <strong>\u201c\u00c9tranger\u201d di Gioia del Colle<\/strong> che, dopo il successo del 2014 (oltre 650 presenze nelle 3 giornate di proiezione e oltre 1000 ingressi registrati alla mostra d\u2019arte contemporanea collaterale EtrA), presenta la seconda edizione di \u00c9tranger Film Festival<strong>. Le opere <\/strong>di registi emergenti e video artisti internazionali che sapranno mettere a fuoco il tema della diversit\u00e0 declinata come differenza etnica, soci<a title=\"etranger film festival\" href=\"https:\/\/www.flickr.com\/photos\/91470992@N02\/34481696020\/in\/dateposted-public\/\" data-flickr-embed=\"true\"><img loading=\"lazy\" decoding=\"async\" style=\"margin: 4px; float: right;\" src=\"https:\/\/c1.staticflickr.com\/5\/4246\/34481696020_8f90e9c2c3_z.jpg\" alt=\"etranger film festival\" width=\"400\" height=\"298\" \/><\/a>ale, religiosa, politica, di genere, concorreranno per la vincita di 2 importanti premi in denaro.<\/p>\n<p style=\"margin-bottom: 0.0001pt; text-align: justify; line-height: normal;\">Le novit\u00e0 dell\u2019edizione 2017 sono tante. A partire dal sodalizio con I \u201c<strong>Presidi del libro<\/strong>\u201d per imbastire insieme ad autori e lettori il dibattito sulla complessit\u00e0 del presente e sulla Puglia come frontiera e territorio di migrazione.<\/p>\n<p style=\"margin-bottom: 0.0001pt; text-align: justify; line-height: normal;\">Poi l\u2019istituzione di una giuria dei ragazzi, per coinvolgere attivamente gli studenti delle scuole superiori nel progetto del festival.<\/p>\n<p style=\"margin-bottom: 0.0001pt; text-align: justify; line-height: normal;\">E ancora la rinnovata collaborazione con <strong>Massimo Causo<\/strong>, critico cinematografico e direttore della sezione \u201cOnde\u201d del Torino Film Festival, che ha anticipato<i>: \u201cCercheremo di raccontare il mondo con lo sguardo del cinema, per spingerci da stranieri curiosi nei territori delle storie, delle culture e di nuovi linguaggi da esplorare\u201d. <\/i><\/p>\n<p style=\"margin-bottom: 0.0001pt; text-align: justify; line-height: normal;\">Numerose le iniziative in cantiere e le sorprese per cinque giorni all\u2019insegna del cinema, della letteratura, della video arte e della responsabilit\u00e0, che vedranno alternarsi sul palco artisti affermati e scrittori, come il super ospite <strong>Edoardo De Angelis<\/strong>, regista del film \u201cIndivisibili\u201d, premiato con 6 statuette ai David di Donatello e 17 nomination: <i>\u201cL&#8217;omaggio a De Angelis \u2013 sottolinea Causo \u2013 \u00e8 motivo d\u2019orgoglio per il festival, ancor di pi\u00f9 dopo le statuette conquistate alla 61ma edizione dei David di Donatello, dove \u00e8 stato l&#8217;autentico campione del cinema italiano pi\u00f9 indipendente. Col suo sguardo visionario ha scandagliato la societ\u00e0 partendo dal margine, con una vivida attenzione per quelle figure che cercano una via d&#8217;uscita dai luoghi comuni del destino. Sar\u00e0 interessante raccontare assieme a lui il suo cinema\u201d. <\/i><\/p>\n<p style=\"margin-bottom: 0.0001pt; text-align: justify; line-height: normal;\">L\u2019evento di apertura si terr\u00e0 il 7 giugno<a title=\"etranger film festival\" href=\"https:\/\/www.flickr.com\/photos\/91470992@N02\/34481697270\/in\/dateposted-public\/\" data-flickr-embed=\"true\"><img loading=\"lazy\" decoding=\"async\" style=\"margin: 4px; float: left;\" src=\"https:\/\/c1.staticflickr.com\/5\/4275\/34481697270_e2c446de14_z.jpg\" alt=\"etranger film festival\" width=\"400\" height=\"267\" \/><\/a>, alle 18.30, nella sala Javarone di Palazzo San Domenico, Gioia del Colle, e sar\u00e0 dedicato al torinese <strong>Roberto Pedron<\/strong>, fotoreporter che continua a testimoniare gli orrori della guerra in Siria e in Medio Oriente. Pedron dopo anni passati a realizzare reportage per International Web Post presenter\u00e0 \u201cTi racconto una storia\u201d, una raccolta di 40 istantanee sulla guerra vista con gli occhi dei bambini. La mostra rilancer\u00e0 la riflessione sull\u2019emarginazione e la disperazione dei sopravvissuti di guerra.<\/p>\n<p style=\"margin-bottom: 0.0001pt; text-align: justify; line-height: normal;\">Il festival sar\u00e0 costellato di proiezioni, incontri con registi, autori, mostre, oltre al concorso che richieder\u00e0 la partecipazione attiva del pubblico al cui giudizio insindacabile sar\u00e0 affidata la consegna del Premio \u201cLe Barisienne\u201d dedicato a Ricciotto Canudo. Mentre alla giuria tecnica composta dai registi <strong>Edoardo Winspeare, Marco Santarelli e Angelo Amoruso D\u2019Aragona<\/strong> sar\u00e0 affidata l\u2019assegnazione del premio \u201c\u00c9tranger\u201d.<\/p>\n<p style=\"margin-bottom: 0.0001pt; text-align: justify; line-height: normal;\">L\u2019artwork \u00e8 firmato dall\u2019artista-fumettista Angelo Luisi (Ang Hellone _ Instangram e Facebook).<\/p>\n<p style=\"margin-bottom: 0.0001pt; text-align: justify; line-height: normal;\">La regia del video promo \u00e8 curata da Filippo Tolentino.<\/p>\n<p style=\"margin-bottom: 0.0001pt; text-align: justify; line-height: normal;\">Per seguire gli aggiornamenti rinviamo ai canali ufficiali: www.etrangerfilmfestival.it e alla Fanpage Facebook e profilo Instagram Etranger Film Festival\u201d.<\/p>\n<p style=\"margin-bottom: 0.0001pt; text-align: right; line-height: normal;\" align=\"right\"><span><strong>Ufficio stampa \u00c9tranger Film Festival<\/strong><\/span><\/p>\n<p><iframe loading=\"lazy\" src=\"https:\/\/www.youtube.com\/embed\/etfGfokjQ9U\" width=\"640\" height=\"360\" allowfullscreen=\"allowfullscreen\"><\/iframe><\/p>\n","protected":false},"excerpt":{"rendered":"","protected":false},"author":1,"featured_media":0,"comment_status":"open","ping_status":"closed","sticky":false,"template":"","format":"standard","meta":{"colormag_page_container_layout":"default_layout","colormag_page_sidebar_layout":"default_layout","footnotes":""},"categories":[7],"tags":[],"class_list":["post-55489","post","type-post","status-publish","format-standard","hentry","category-attualita"],"_links":{"self":[{"href":"https:\/\/archiviogioia.lavocedelpaese.info\/index.php?rest_route=\/wp\/v2\/posts\/55489","targetHints":{"allow":["GET"]}}],"collection":[{"href":"https:\/\/archiviogioia.lavocedelpaese.info\/index.php?rest_route=\/wp\/v2\/posts"}],"about":[{"href":"https:\/\/archiviogioia.lavocedelpaese.info\/index.php?rest_route=\/wp\/v2\/types\/post"}],"author":[{"embeddable":true,"href":"https:\/\/archiviogioia.lavocedelpaese.info\/index.php?rest_route=\/wp\/v2\/users\/1"}],"replies":[{"embeddable":true,"href":"https:\/\/archiviogioia.lavocedelpaese.info\/index.php?rest_route=%2Fwp%2Fv2%2Fcomments&post=55489"}],"version-history":[{"count":0,"href":"https:\/\/archiviogioia.lavocedelpaese.info\/index.php?rest_route=\/wp\/v2\/posts\/55489\/revisions"}],"wp:attachment":[{"href":"https:\/\/archiviogioia.lavocedelpaese.info\/index.php?rest_route=%2Fwp%2Fv2%2Fmedia&parent=55489"}],"wp:term":[{"taxonomy":"category","embeddable":true,"href":"https:\/\/archiviogioia.lavocedelpaese.info\/index.php?rest_route=%2Fwp%2Fv2%2Fcategories&post=55489"},{"taxonomy":"post_tag","embeddable":true,"href":"https:\/\/archiviogioia.lavocedelpaese.info\/index.php?rest_route=%2Fwp%2Fv2%2Ftags&post=55489"}],"curies":[{"name":"wp","href":"https:\/\/api.w.org\/{rel}","templated":true}]}}