{"id":55539,"date":"2017-05-30T09:54:30","date_gmt":"2017-05-30T09:54:30","guid":{"rendered":"https:\/\/archiviogioia.lavocedelpaese.info\/?p=55539"},"modified":"2017-05-30T09:54:30","modified_gmt":"2017-05-30T09:54:30","slug":"santantonio-santo-di-dio-e-santo-del-popolo-programma-2","status":"publish","type":"post","link":"https:\/\/archiviogioia.lavocedelpaese.info\/?p=55539","title":{"rendered":"SANT\u2019ANTONIO SANTO DI DIO E SANTO DEL POPOLO. PROGRAMMA"},"content":{"rendered":"<p><a title=\"Sant'Antonio della Chiesa di San Francesco in Gioia del Colle\" href=\"https:\/\/www.flickr.com\/photos\/91470992@N02\/14313509666\/in\/photolist-upj4LV-tH5ZNm-sNzXre-st2dtg-rNdZGk-sfK9jT-rJkyZ8-rhBtLB-qdhGVi-pPzy19-nUPv31-nUPuZf-nWKcM1-nyonJr-nNQtKq-ju59cs-ju58UU-ju39gX-ju3QGN-jizQY5-ju6q2t-ju6g4Z-ju59NX-ju558z-ju8iTq-ju6cA6-g33kwy-ju68Tg-ju64FP-ju4f1x-ju6F3b-ju7KBS-ju7SKQ-ju7rJh-ju5f32-ju5jrH-ju59M2-ju34Bi-ju51NM-ju4RVY-ju6H4N-qxbCB9-ju5HGJ-ju6dF5-ju4xxK-ju2Upv-ju3uon-ju4oXD-ju656E-ju2zJ4\/\" data-flickr-embed=\"true\"><img loading=\"lazy\" decoding=\"async\" style=\"display: block; margin-left: auto; margin-right: auto;\" src=\"https:\/\/c1.staticflickr.com\/4\/3872\/14313509666_0b8d656551_o.jpg\" alt=\"Sant'Antonio della Chiesa di San Francesco in Gioia del Colle\" width=\"320\" height=\"240\" \/><\/a><\/p>\n<p><!--more--><\/p>\n<p style=\"text-align: justify;\"><a title=\"sant'antonio\" href=\"https:\/\/www.flickr.com\/photos\/91470992@N02\/34145703504\/in\/dateposted-public\/\" data-flickr-embed=\"true\"><img loading=\"lazy\" decoding=\"async\" style=\"margin: 4px; float: left;\" src=\"https:\/\/c1.staticflickr.com\/5\/4201\/34145703504_b3c8000ab7_o.jpg\" alt=\"sant'antonio\" width=\"400\" height=\"534\" \/><\/a> \u201cDal 14 marzo scorso nella chiesa di San Francesco, con la celebrazione settimanale dei \u201c<strong>13 Martedi Maggiori<\/strong>\u201d dedicati a Sant\u2019Antonio, si stanno svolgendo le celebrazioni in onore del Santo di Padova, <strong>marted\u00ec 30 maggio<\/strong> alle ore 18.00, si vivr\u00e0 il <strong>12\u00b0 appuntamento settimanale<\/strong>.<\/p>\n<p style=\"text-align: justify;\">Da mercoled\u00ec <strong>31 Maggio<\/strong> con la Solenne Celebrazione della Santa Messa avr\u00e0 inizio la Tredicina in onore di Sant\u2019Antonio, <strong>ogni giorno fino al 12 giugno<\/strong> ci sar\u00e0 alle ore 18.15 la recita del Santo Rosario e canto delle Litanie al Santo \u201cTaumaturgo\u201d alle ore 19.00 la santa Messa che sar\u00e0 presieduta nei primi giorni dal <strong>Don Peppino Pietroforte<\/strong> e a seguire dal predicatore francescano <strong>Padre Miki Mangialardi<\/strong> ofm mentre il giorno della festa le celebrazioni eucaristiche saranno presiedute dai parroci presenti sul territorio.<\/p>\n<p style=\"text-align: justify;\"><span><strong>Sabato 10 giugno<\/strong> avr\u00e0 inizio il triduo solenne con la giornata dedicata alla carit\u00e0, sar\u00e0 difatti organizzata in chiesa una raccolta di alimenti da devolvere alle famiglie in difficolt\u00e0 della nostra parrocchia. <strong>Luned\u00ec 12 giugno<\/strong>, giornata del ringraziamento, ultimo giorno della tredicina, a conclusione delle celebrazioni di preparazione alla festa, la Santa Messa delle ore 19.00 sar\u00e0 coronata dal canto del Te Deum. <strong>Marted\u00ec 13 giugno<\/strong> <strong>festa di Sant\u2019Antonio dal Padova<\/strong>, le SS. Messe nella chiesa di San Francesco saranno le seguenti: 6.00 \u2013 7.30 \u2013 9.00 \u2013 10.30 \u2013 12.00 (con l\u2019atto di affidamento e vestizione dei bambini a Sant\u2019Antonio). <strong>Alle ore 18.00 Solenne Concelebrazione Eucaristica<\/strong> presieduta dall\u2019Arcivescovo della nostra Diocesi S.E. Rev.ma <strong>Mons. Francesco Cacucci<\/strong> a seguire <strong>alle ore 19.00 processione<\/strong> con l\u2019immagine del Santo per le vie del territorio parrocchiale con il seguente tragitto: chiesa di San Francesco, Piazza Plebiscito, Piazza Umberto I, Via Carducci, Via Celiberti, Via Leonardo Da Vinci, Via Dante, Piazza Plebiscito e rientro nella chiesa di San Francesco. Invitiamo i residenti ad addobbare a festa i balconi durante il transito della processione.<\/span><\/p>\n<p style=\"text-align: justify;\">Per quanto riguarda <a title=\"sant'antonio\" href=\"https:\/\/www.flickr.com\/photos\/91470992@N02\/34948704226\/in\/dateposted-public\/\" data-flickr-embed=\"true\"><img loading=\"lazy\" decoding=\"async\" style=\"margin: 4px; float: right;\" src=\"https:\/\/c1.staticflickr.com\/5\/4243\/34948704226_08f0498f99_b.jpg\" alt=\"sant'antonio\" width=\"400\" height=\"566\" \/><\/a>le <strong>manifestazioni civili<\/strong>, <strong>il 10 giugno<\/strong>, subito dopo la Santa Messa alle ore 20.00 nella chiesa di San Francesco ci sar\u00e0 un <strong>concerto musicale<\/strong>: \u201c<strong>Ritorno Al Barocco<\/strong>\u201d organizzato dai cori: Coro Giovanile dell\u2019IIS \u201cDa Vinci-G.Galilei\u201d di Gioia del Colle, Coro di voci bianche Joha Yout Choir Esemple Vocale Femminile e strumentale, Vox Angelis di Gioia del Colle diretti da <strong>Fabio Mola<\/strong> con la partecipazione straordinaria e gradita del soprano <strong>Francesca Ruospo <\/strong>dell\u2019Accademia del Teatro \u201cLa Scala\u201d di Milano.<\/p>\n<p style=\"text-align: justify;\"><span><strong>Oltre alla giornata della carit\u00e0<\/strong>, la nostra Confraternita del Purgatorio come altro gesto concreto di aiuto ai bisognosi, sta collaborando con il gruppo \u201cPro \u2013 Amatrice di Gioia\u201d per la realizzazione di una <strong>lotteria benefica per aiutare le popolazioni del centro Italia<\/strong> duramente colpite del terremoto. Questa lotteria \u00e8 stata resa possibile grazie all\u2019aiuto e alla sensibilit\u00e0 di <strong>due grandi artisti gioiesi<\/strong> <strong>Gino<\/strong> <strong>Donvito e Michele Angelillo<\/strong> che <strong>hanno donato<\/strong> per questa causa <strong>due loro opere <\/strong>che saranno i due premi in palio della lotteria la quale <strong>estrazione <\/strong>avverr\u00e0<strong> il 12 giugno<\/strong> al termine della Santa Messa delle ore 19.00, il costo del biglietto \u00e8 di soli 5\u20ac (per info rivolgersi in San Francesco).<\/span><\/p>\n<p style=\"text-align: justify;\">Il <strong>13 giugno<\/strong>, la giornata sar\u00e0 allietata dalle note del <strong>concerto bandistico \u201cTommaso Traetta\u201d Citt\u00e0 di Bitonto<\/strong>.<\/p>\n<p style=\"text-align: justify;\">Anche quest\u2019anno la festa \u00e8 stata organizzata in maniera sobria. Le offerte che si raccoglieranno saranno destinate ai lavori di pulizia e restauro della facciate e del campanile della chiesa di San Francesco che ha breve andremo a iniziare. Come sempre un doveroso ringraziamento va al nostro Arcivescovo Mons. Cacucci per la sua presenza in mezzo a noi, al nostro Padre Spirituale <strong>Don Giuseppe Di Corrado<\/strong>, a <strong>Don Peppino Pietroforte<\/strong>, al francescano Padre Miki Mangialardi, ai parroci e sacerdoti gioiesi, al <strong>Diacono Lorenzo Petrera<\/strong>, a tutti i confratelli e consorelle della confraternita, all\u2019Associazione Antonia al Comando di Polizia Municipale e alla Compagnia Carabinieri di Gioia del Colle. Infine <strong>un ringraziamento a quant<\/strong><strong>i daranno il proprio contributo per la buona riuscita della festa<\/strong> ricordando che la nostra Confraternita non autorizza nessuno a raccogliere offerte presso le abitazioni in ossequio alla norma della Conferenza Episcopale Pugliese che vieta la questua casa per casa ad esclusione della sola Festa Patronale\u201d.<\/p>\n<p style=\"text-align: right;\" align=\"right\"><span><strong>La Confraternita<\/strong><\/span><\/p>\n<p>&nbsp;<\/p>\n","protected":false},"excerpt":{"rendered":"","protected":false},"author":1,"featured_media":0,"comment_status":"open","ping_status":"closed","sticky":false,"template":"","format":"standard","meta":{"colormag_page_container_layout":"default_layout","colormag_page_sidebar_layout":"default_layout","footnotes":""},"categories":[7],"tags":[],"class_list":["post-55539","post","type-post","status-publish","format-standard","hentry","category-attualita"],"_links":{"self":[{"href":"https:\/\/archiviogioia.lavocedelpaese.info\/index.php?rest_route=\/wp\/v2\/posts\/55539","targetHints":{"allow":["GET"]}}],"collection":[{"href":"https:\/\/archiviogioia.lavocedelpaese.info\/index.php?rest_route=\/wp\/v2\/posts"}],"about":[{"href":"https:\/\/archiviogioia.lavocedelpaese.info\/index.php?rest_route=\/wp\/v2\/types\/post"}],"author":[{"embeddable":true,"href":"https:\/\/archiviogioia.lavocedelpaese.info\/index.php?rest_route=\/wp\/v2\/users\/1"}],"replies":[{"embeddable":true,"href":"https:\/\/archiviogioia.lavocedelpaese.info\/index.php?rest_route=%2Fwp%2Fv2%2Fcomments&post=55539"}],"version-history":[{"count":0,"href":"https:\/\/archiviogioia.lavocedelpaese.info\/index.php?rest_route=\/wp\/v2\/posts\/55539\/revisions"}],"wp:attachment":[{"href":"https:\/\/archiviogioia.lavocedelpaese.info\/index.php?rest_route=%2Fwp%2Fv2%2Fmedia&parent=55539"}],"wp:term":[{"taxonomy":"category","embeddable":true,"href":"https:\/\/archiviogioia.lavocedelpaese.info\/index.php?rest_route=%2Fwp%2Fv2%2Fcategories&post=55539"},{"taxonomy":"post_tag","embeddable":true,"href":"https:\/\/archiviogioia.lavocedelpaese.info\/index.php?rest_route=%2Fwp%2Fv2%2Ftags&post=55539"}],"curies":[{"name":"wp","href":"https:\/\/api.w.org\/{rel}","templated":true}]}}