{"id":55643,"date":"2017-06-13T08:02:22","date_gmt":"2017-06-13T08:02:22","guid":{"rendered":"https:\/\/archiviogioia.lavocedelpaese.info\/?p=55643"},"modified":"2017-06-13T08:02:22","modified_gmt":"2017-06-13T08:02:22","slug":"quinta-edizione-della-strana-marathon-una-gara-da-vivere-2","status":"publish","type":"post","link":"https:\/\/archiviogioia.lavocedelpaese.info\/?p=55643","title":{"rendered":"QUINTA EDIZIONE DELLA\u201d STRANA MARATHON\u201d UNA GARA DA VIVERE"},"content":{"rendered":"<p><a title=\"mappa-percorso\" href=\"https:\/\/www.flickr.com\/photos\/91470992@N02\/35287066415\/in\/dateposted-public\/\" data-flickr-embed=\"true\"><img loading=\"lazy\" decoding=\"async\" style=\"display: block; margin-left: auto; margin-right: auto;\" src=\"https:\/\/c1.staticflickr.com\/5\/4239\/35287066415_d1778b8b4c_z.jpg\" alt=\"mappa-percorso\" width=\"320\" height=\"240\" \/><\/a><\/p>\n<p><!--more--><\/p>\n<p style=\"margin-bottom: 0.0001pt; text-align: justify; line-height: normal;\"><a title=\"p496177091-4\" href=\"https:\/\/www.flickr.com\/photos\/91470992@N02\/35157268201\/in\/dateposted-public\/\" data-flickr-embed=\"true\"><img loading=\"lazy\" decoding=\"async\" style=\"margin: 4px; float: left;\" src=\"https:\/\/c1.staticflickr.com\/5\/4211\/35157268201_3cf01bf79a_z.jpg\" alt=\"p496177091-4\" width=\"400\" height=\"268\" \/><\/a> \u201c<strong>Sport e convivialit\u00e0 per una giornata da vivere intensamente<\/strong> nella cornice green dell\u2019estrema periferia del paese, dove la macchia mediterranea circostante render\u00e0 indimenticabile un\u2019esperienza che ormai si ripete da ben 5 anni all\u2019insegna del podismo.<\/p>\n<p style=\"margin-bottom: 0.0001pt; text-align: justify; line-height: normal;\">Quest\u2019anno c\u2019\u00e8 anche la Festa! Infatti durante e soprattutto dopo le gare, ci sar\u00e0 da svagarsi fino a notte con spettacoli e buon cibo per celebrare il sano divertimento per grandi e piccini a cui \u00e8 richiesto di indossare scarpe comode.<\/p>\n<p style=\"margin-bottom: 0.0001pt; text-align: justify; line-height: normal;\">Il tutto grazie alla simbiosi organizzativa dell\u2019associazione patron dell\u2019evento, <strong>La<\/strong> <strong>Palestra in Fitness, con Trullando<\/strong> che uniscono le forze per creare le basi di un appuntamento teso a esaltare il territorio agreste e la genuinit\u00e0 intesa come veicolo per abbattere le barriere sociali.<\/p>\n<p style=\"margin-bottom: 0.0001pt; text-align: justify; line-height: normal;\">Nello specifico della gara, <strong>sabato 17 giugno<\/strong>, la natura incontaminata traccer\u00e0 il percorso della <strong>quinta edizione della Strana Marathon<\/strong>, evento podistico inserito nel calendario FIDAL e <strong>valida come Gran Prix IUTA<\/strong>.<\/p>\n<p style=\"margin-bottom: 0.0001pt; text-align: justify; line-height: normal;\">Con partenza dalle ore 15, saranno <strong>3 le discipline ad interessare atleti provenienti da tutt\u2019Italia<\/strong> in un percorso mozzafiato di 4 kilometri pronto ad <strong>attraversare il bellissimo bosco di San Pietro Piturno <\/strong>e coinvolgere le strade di campagna con i loro muretti a secco.<a title=\"1006168_557977650907519_2067543465_n\" href=\"https:\/\/www.flickr.com\/photos\/91470992@N02\/34477305543\/in\/dateposted-public\/\" data-flickr-embed=\"true\"><img loading=\"lazy\" decoding=\"async\" style=\"margin: 4px; float: right;\" src=\"https:\/\/c1.staticflickr.com\/5\/4261\/34477305543_ab8748387f_z.jpg\" alt=\"1006168_557977650907519_2067543465_n\" width=\"400\" height=\"300\" \/><\/a><\/p>\n<p style=\"margin-bottom: 0.0001pt; text-align: justify; line-height: normal;\"><strong>Ultramaratona, maratona e mezza maratona<\/strong> per accendere il riflettore sulla sana competizione agonistica per riqualificare un vero e proprio \u201cquartiere\u201d spesso dimenticato, popolato da gente genuina pronta a collaborare al progetto con le sue realt\u00e0 aggregative: il Parco e Spp-Lit.<\/p>\n<p style=\"margin-bottom: 0.0001pt; text-align: justify; line-height: normal;\"><strong>E poi in serata la Sgnaiuss Fest<\/strong>, come precedentemente accennato, dedicata soprattutto alla famiglia con giochi a impatto zero, aree ludiche e animazione per far felici i bambini senza trascurare i giovani in tarda serata, tra concerti e dj set, stregati dal cibo di strada che con i suoi profumi tradizionali avvolger\u00e0 la location dalle prime ore del pomeriggio.<\/p>\n<p style=\"margin-bottom: 0.0001pt; text-align: justify; line-height: normal;\">Degno di nota il corner dedicato ai rifugiati per omaggiarne la loro giornata mondiale del 20 giugno, appuntamento annuale voluto dall\u2019Assemblea Generale delle Nazioni Unite, che da oltre un decennio ha come obbiettivo la sensibilizzazione dell\u2019opinione pubblica sulle condizioni dei migranti. Evento patrocinato dal Comune di Putignano.<\/p>\n<p style=\"margin-bottom: 0.0001pt; text-align: justify; line-height: normal;\"><strong>Ingresso libero<\/strong>.<\/p>\n<p style=\"margin-bottom: 0.0001pt; text-align: justify; line-height: normal;\"><strong>Iscrizioni<\/strong>: <a>http:\/\/www.icron.it\/services\/icronGO\/elencoiscrittipubblico.php?idgara=2017191&amp;raggruppa=ALF<\/a><\/p>\n<p style=\"margin-bottom: 0.0001pt; text-align: justify; line-height: normal;\"><a href=\"http:\/\/www.icron.it\/services\/icronGO\/elencoiscrittipubblico.php?idgara=2017191&amp;raggruppa=ALF\"><\/a><strong>Info<\/strong>: <a href=\"http:\/\/www.stranamarathon.it\">www.stranamarathon.it<\/a> &#8211; <a href=\"mailto:info@stranamarathon.it\"><span style=\"color: windowtext; text-decoration: none;\">info@stranamarathon.it<\/span><\/a> &#8211; 338.2513649 \u2013 392.1676030 &#8211; Fb <a href=\"https:\/\/www.facebook.com\/stranamarathon\/?hc_ref=PAGES_TIMELINE&amp;fref=nf\"><span style=\"color: windowtext; text-decoration: none;\">Strana Marathon<\/span><\/a>\u201d<strong>\u200e.<\/strong><\/p>\n<p style=\"margin-bottom: 0.0001pt; text-align: right; line-height: normal;\" align=\"right\"><strong>Ufficio stampa Strana Marathon<\/strong><\/p>\n<p><a title=\"Locandina Strana Marathon + Sgniauss Fest Web\" href=\"https:\/\/www.flickr.com\/photos\/91470992@N02\/35287062245\/in\/dateposted-public\/\" data-flickr-embed=\"true\"><img loading=\"lazy\" decoding=\"async\" src=\"https:\/\/c1.staticflickr.com\/5\/4245\/35287062245_6695a2bc2e_z.jpg\" alt=\"Locandina Strana Marathon + Sgniauss Fest Web\" width=\"660\" height=\"884\" \/><\/a><\/p>\n","protected":false},"excerpt":{"rendered":"","protected":false},"author":1,"featured_media":0,"comment_status":"open","ping_status":"closed","sticky":false,"template":"","format":"standard","meta":{"colormag_page_container_layout":"default_layout","colormag_page_sidebar_layout":"default_layout","footnotes":""},"categories":[7],"tags":[],"class_list":["post-55643","post","type-post","status-publish","format-standard","hentry","category-attualita"],"_links":{"self":[{"href":"https:\/\/archiviogioia.lavocedelpaese.info\/index.php?rest_route=\/wp\/v2\/posts\/55643","targetHints":{"allow":["GET"]}}],"collection":[{"href":"https:\/\/archiviogioia.lavocedelpaese.info\/index.php?rest_route=\/wp\/v2\/posts"}],"about":[{"href":"https:\/\/archiviogioia.lavocedelpaese.info\/index.php?rest_route=\/wp\/v2\/types\/post"}],"author":[{"embeddable":true,"href":"https:\/\/archiviogioia.lavocedelpaese.info\/index.php?rest_route=\/wp\/v2\/users\/1"}],"replies":[{"embeddable":true,"href":"https:\/\/archiviogioia.lavocedelpaese.info\/index.php?rest_route=%2Fwp%2Fv2%2Fcomments&post=55643"}],"version-history":[{"count":0,"href":"https:\/\/archiviogioia.lavocedelpaese.info\/index.php?rest_route=\/wp\/v2\/posts\/55643\/revisions"}],"wp:attachment":[{"href":"https:\/\/archiviogioia.lavocedelpaese.info\/index.php?rest_route=%2Fwp%2Fv2%2Fmedia&parent=55643"}],"wp:term":[{"taxonomy":"category","embeddable":true,"href":"https:\/\/archiviogioia.lavocedelpaese.info\/index.php?rest_route=%2Fwp%2Fv2%2Fcategories&post=55643"},{"taxonomy":"post_tag","embeddable":true,"href":"https:\/\/archiviogioia.lavocedelpaese.info\/index.php?rest_route=%2Fwp%2Fv2%2Ftags&post=55643"}],"curies":[{"name":"wp","href":"https:\/\/api.w.org\/{rel}","templated":true}]}}