{"id":55697,"date":"2017-06-21T08:19:10","date_gmt":"2017-06-21T08:19:10","guid":{"rendered":"https:\/\/archiviogioia.lavocedelpaese.info\/?p=55697"},"modified":"2017-06-21T08:19:10","modified_gmt":"2017-06-21T08:19:10","slug":"festa-del-sacro-cuore-programma-religioso-e-civile-2","status":"publish","type":"post","link":"https:\/\/archiviogioia.lavocedelpaese.info\/?p=55697","title":{"rendered":"FESTA DEL SACRO CUORE. PROGRAMMA RELIGIOSO E CIVILE"},"content":{"rendered":"<p><a title=\"FESTA SACRO CUORE\" href=\"https:\/\/www.flickr.com\/photos\/91470992@N02\/35331395051\/in\/dateposted-public\/\" data-flickr-embed=\"true\"><img loading=\"lazy\" decoding=\"async\" style=\"display: block; margin-left: auto; margin-right: auto;\" src=\"https:\/\/c1.staticflickr.com\/5\/4278\/35331395051_bc257e01a4_z.jpg\" alt=\"FESTA SACRO CUORE\" width=\"320\" height=\"240\" \/><\/a><\/p>\n<p><!--more--><\/p>\n<p style=\"margin-bottom: 0.0001pt; text-align: justify; line-height: normal;\"><a title=\"FESTA SACRO CUORE\" href=\"https:\/\/www.flickr.com\/photos\/91470992@N02\/35295106942\/in\/dateposted-public\/\" data-flickr-embed=\"true\"><img loading=\"lazy\" decoding=\"async\" style=\"margin: 4px; float: left;\" src=\"https:\/\/c1.staticflickr.com\/5\/4266\/35295106942_5a2f72ac67_z.jpg\" alt=\"FESTA SACRO CUORE\" width=\"350\" height=\"412\" \/><\/a> <strong>Fino al 25 Giugno 2017<\/strong> si terr\u00e0 la festa del Sacro Cuore. Di seguito \u00e8 riportato il programma liturgico e civile a cui sono tutti invitati:<\/p>\n<p style=\"margin-bottom: 0.0001pt; text-align: justify; line-height: normal;\"><strong>PROGRAMMA LITURGICO:<\/strong><\/p>\n<p style=\"margin-bottom: 0.0001pt; text-align: justify; line-height: normal;\">&#8211; <strong>22 Giugno<\/strong> triduo in preparazione alla Solennit\u00e0 del Sacro Cuore, animato da don Tonino Posa (arciprete della Chiesa Madre):<\/p>\n<div style=\"margin-bottom: 0.0001pt; text-align: justify; line-height: normal;\">18:00 Santo Rosario con Litanie del Sacro Cuore;<\/div>\n<div style=\"margin-bottom: 0.0001pt; text-align: justify; line-height: normal;\">18:30 Santa Messa;<\/div>\n<p style=\"margin-bottom: 0.0001pt; text-align: justify; line-height: normal;\">&#8211; <strong>23 Giugno<\/strong>:<\/p>\n<div style=\"margin-bottom: 0.0001pt; text-align: justify; line-height: normal;\">18:00 Santo Rosario;<\/div>\n<div style=\"margin-bottom: 0.0001pt; text-align: justify; line-height: normal;\">18:30 Santa Messa solenne, animata da tutta la comunit\u00e0 con consacrazione dei bambini al Sacro Cuore;<\/div>\n<p style=\"margin-bottom: 0.0001pt; text-align: justify; line-height: normal;\">&#8211; <strong>24 Giugno<\/strong>:<\/p>\n<div>18:00 Santo Rosario;<\/div>\n<div>18:30 Santa Messa concelebrata da parte della comunit\u00e0 dei Discepoli con rinnovo dei voti religiosi;<\/div>\n<p style=\"margin-bottom: 0.0001pt; text-align: justify; line-height: normal;\">&#8211; <strong>25 Giugno<\/strong>:<\/p>\n<div style=\"margin-bottom: 0.0001pt; text-align: justify; line-height: normal;\">9:30 Santa Messa celebrata nella cappella di Padre Semeria;<\/div>\n<div style=\"margin-bottom: 0.0001pt; text-align: justify; line-height: normal;\">11:00 Santa Messa;<\/div>\n<div style=\"margin-bottom: 0.0001pt; text-align: justify; line-height: normal;\">19:00 Santa Messa di ringraziamento per il lavoro pastorale dell\u2019anno e consacrazione della comunit\u00e0 al Sacro Cuore.<\/div>\n<p style=\"margin-bottom: 0.0001pt; text-align: justify; line-height: normal;\"><strong>PROGRAMMA CIVILE:<\/strong><\/p>\n<p style=\"margin-bottom: 0.0001pt; text-align: justify; line-height: normal;\">&#8211; <strong>23 Giugno<\/strong>:<\/p>\n<div style=\"margin-bottom: 0.0001pt; text-align: justify; line-height: normal;\">20:30 \u201c<strong>Guerra dei colori<\/strong>\u201d e \u201c<strong>Il re addormentato<\/strong>\u201d spettacoli a cura dei bambini e ragazzi della catechesi;<\/div>\n<div style=\"margin-bottom: 0.0001pt; text-align: justify; line-height: normal;\">a seguire \u201c<strong>Nell\u2019isola della gioia<\/strong>\u201d spettacolo a cura dei giovanissimi<\/div>\n<p style=\"margin-bottom: 0.0001pt; text-align: justify; line-height: normal;\">&#8211; <strong>24 Giugno<\/strong>:<a title=\"FESTA SACRO CUORE\" href=\"https:\/\/www.flickr.com\/photos\/91470992@N02\/35461783105\/in\/dateposted-public\/\" data-flickr-embed=\"true\"><img loading=\"lazy\" decoding=\"async\" style=\"margin: 4px; float: right;\" src=\"https:\/\/c1.staticflickr.com\/5\/4232\/35461783105_6499b96446_z.jpg\" alt=\"FESTA SACRO CUORE\" width=\"350\" height=\"500\" \/><\/a><\/p>\n<p style=\"margin-bottom: 0.0001pt; text-align: justify; line-height: normal;\">\u201c<strong>Madin poesche<\/strong>\u201d commedia teatrale scritta e diretta da <strong>Adriano Geramo<\/strong>;<\/p>\n<p style=\"margin-bottom: 0.0001pt; text-align: justify; line-height: normal;\">&#8211; <strong>25 Giugno<\/strong>:<\/p>\n<p style=\"margin-bottom: 0.0001pt; text-align: justify; line-height: normal;\">20:30 <strong>Festa della comunit\u00e0<\/strong>: balli, giochi, divertimento; pesca di beneficienza. Al termine della serata ci sar\u00e0 l\u2019estrazione della lotteria e premiazione dei tornei interparrocchiali.<\/p>\n<p style=\"margin-bottom: 0.0001pt; text-align: justify; line-height: normal;\">Ricordiamo che sar\u00e0 allestita una bancarella con creazioni fatte da alcuni ragazzi della parrocchia; inoltre fino al 25 Giugno saranno <strong>in vendita i biglietti della lotteria<\/strong> al costo di 1,00 euro.<br \/> Per chi non potr\u00e0 essere presente all\u2019estrazione finale, avvisiamo che nei giorni successivi sar\u00e0 affisso in bacheca un cartellone con i numeri vincenti e i relativi premi e sar\u00e0 possibile anche visionarli sul sito di \u201c<strong>Gioianet<\/strong>\u201d o sul giornale \u201c<strong>La voce del paese<\/strong>\u201d.<\/p>\n<p style=\"margin-bottom: 0.0001pt; text-align: justify; line-height: normal;\">Di seguito una poesia di<strong> Enzo Diana<\/strong>, autore della foto raffigurante la statua di Ges\u00f9 riportata nell&#8217;articolo, dedicata al&#8230; festeggiato!<\/p>\n<p style=\"margin-bottom: 0.0001pt; line-height: normal;\">&#8212;&#8212;&#8212;&#8212;&#8212;&#8212;&#8212;&#8212;&#8212;&#8212;&#8212;&#8212;&#8211;<\/p>\n<p style=\"margin-bottom: 0.0001pt; line-height: normal;\"><strong>&nbsp;&nbsp;&nbsp;&nbsp;&nbsp;&nbsp;&nbsp;&nbsp;&nbsp;&nbsp; Volgi lo sguardo<\/strong><\/p>\n<p style=\"margin-bottom: 0.0001pt; line-height: normal;\">E\u2019 solo in alto che dovrai guardare,<\/p>\n<div style=\"margin-bottom: 0.0001pt; line-height: normal;\">perch\u00e9 lass\u00f9 \u00e8 la fonte della luce,<\/div>\n<div style=\"margin-bottom: 0.0001pt; line-height: normal;\">se guardi in basso mai potrai capire<\/div>\n<div style=\"margin-bottom: 0.0001pt; line-height: normal;\">quello che a vita vera ci conduce;<\/div>\n<div style=\"margin-bottom: 0.0001pt; line-height: normal;\">vita che pu\u00f2 sembrare anche d\u2019inferno,<\/div>\n<div style=\"margin-bottom: 0.0001pt; line-height: normal;\">ma non guardarti accanto a cercar colpe,<\/div>\n<div style=\"margin-bottom: 0.0001pt; line-height: normal;\">cercati dentro se ti senti stanco<\/div>\n<div style=\"margin-bottom: 0.0001pt; line-height: normal;\">ed alza gli occhi, non sfuggirti sempre;<\/div>\n<div style=\"margin-bottom: 0.0001pt; line-height: normal;\">alza lo sguardo verso quelle mani,<\/div>\n<div style=\"margin-bottom: 0.0001pt; line-height: normal;\">sembrano tese a te come un invito,<\/div>\n<div style=\"margin-bottom: 0.0001pt; line-height: normal;\">faranno strada verso il tuo domani,<\/div>\n<div style=\"margin-bottom: 0.0001pt; line-height: normal;\">dolce, se sai sperare l\u2019infinito;<\/div>\n<div style=\"margin-bottom: 0.0001pt; line-height: normal;\">se guardi il volto, poi, la gioia \u00e8 vera,<\/div>\n<div style=\"margin-bottom: 0.0001pt; line-height: normal;\">leniscono, quegli occhi, ogni dolore,<\/div>\n<div style=\"margin-bottom: 0.0001pt; line-height: normal;\">qualunque inverno rinasce a primavera,<\/div>\n<div style=\"margin-bottom: 0.0001pt; line-height: normal;\">volgi lo sguardo a Lui e al Sacro Cuore.<\/div>\n<p>&nbsp;<\/p>\n","protected":false},"excerpt":{"rendered":"","protected":false},"author":1,"featured_media":0,"comment_status":"open","ping_status":"closed","sticky":false,"template":"","format":"standard","meta":{"colormag_page_container_layout":"default_layout","colormag_page_sidebar_layout":"default_layout","footnotes":""},"categories":[7],"tags":[],"class_list":["post-55697","post","type-post","status-publish","format-standard","hentry","category-attualita"],"_links":{"self":[{"href":"https:\/\/archiviogioia.lavocedelpaese.info\/index.php?rest_route=\/wp\/v2\/posts\/55697","targetHints":{"allow":["GET"]}}],"collection":[{"href":"https:\/\/archiviogioia.lavocedelpaese.info\/index.php?rest_route=\/wp\/v2\/posts"}],"about":[{"href":"https:\/\/archiviogioia.lavocedelpaese.info\/index.php?rest_route=\/wp\/v2\/types\/post"}],"author":[{"embeddable":true,"href":"https:\/\/archiviogioia.lavocedelpaese.info\/index.php?rest_route=\/wp\/v2\/users\/1"}],"replies":[{"embeddable":true,"href":"https:\/\/archiviogioia.lavocedelpaese.info\/index.php?rest_route=%2Fwp%2Fv2%2Fcomments&post=55697"}],"version-history":[{"count":0,"href":"https:\/\/archiviogioia.lavocedelpaese.info\/index.php?rest_route=\/wp\/v2\/posts\/55697\/revisions"}],"wp:attachment":[{"href":"https:\/\/archiviogioia.lavocedelpaese.info\/index.php?rest_route=%2Fwp%2Fv2%2Fmedia&parent=55697"}],"wp:term":[{"taxonomy":"category","embeddable":true,"href":"https:\/\/archiviogioia.lavocedelpaese.info\/index.php?rest_route=%2Fwp%2Fv2%2Fcategories&post=55697"},{"taxonomy":"post_tag","embeddable":true,"href":"https:\/\/archiviogioia.lavocedelpaese.info\/index.php?rest_route=%2Fwp%2Fv2%2Ftags&post=55697"}],"curies":[{"name":"wp","href":"https:\/\/api.w.org\/{rel}","templated":true}]}}