{"id":55712,"date":"2017-06-24T20:48:17","date_gmt":"2017-06-24T20:48:17","guid":{"rendered":"https:\/\/archiviogioia.lavocedelpaese.info\/?p=55712"},"modified":"2017-06-24T20:48:17","modified_gmt":"2017-06-24T20:48:17","slug":"cari-amministratori-cosi-non-si-fa-a-tutto-ce-un-limite","status":"publish","type":"post","link":"https:\/\/archiviogioia.lavocedelpaese.info\/?p=55712","title":{"rendered":"CARI AMMINISTRATORI COS\u00cc NON SI FA. A TUTTO C\u2019\u00c8 UN LIMITE"},"content":{"rendered":"<p><a title=\"conferenza stampa lucilla\" href=\"https:\/\/www.flickr.com\/photos\/91470992@N02\/34701033423\/in\/dateposted-public\/\" data-flickr-embed=\"true\"><img loading=\"lazy\" decoding=\"async\" style=\"display: block; margin-left: auto; margin-right: auto;\" src=\"https:\/\/c1.staticflickr.com\/5\/4288\/34701033423_325b3d059f_z.jpg\" alt=\"conferenza stampa lucilla\" width=\"320\" height=\"240\" \/><\/a><\/p>\n<p><!--more--><\/p>\n<p style=\"text-align: justify;\"><a title=\"conferenza stampa lucilla\" href=\"https:\/\/www.flickr.com\/photos\/91470992@N02\/35124270490\/in\/dateposted-public\/\" data-flickr-embed=\"true\"><img loading=\"lazy\" decoding=\"async\" style=\"margin: 4px; float: left;\" src=\"https:\/\/c1.staticflickr.com\/5\/4230\/35124270490_31d8596a7b_z.jpg\" alt=\"conferenza stampa lucilla\" width=\"400\" height=\"271\" \/><\/a> Di questa amministrazione di tutto si pu\u00f2 dire fuorch\u00e8 non sappia <strong>adeguarsi ad ogni circostanza<\/strong>, anche negativa, fino al punto di pensare di trarre un sostanziale vantaggio da una situazione critica, se non paradossale. Come accaduto questa sera. <strong>Ma a tutto c\u2019\u00e8 un limite<\/strong>. Un limite che non pu\u00f2 prevaricare il rispetto dei ruoli. <strong>Alle ore 19:00 di oggi, sabato 24 giugno 2017, in piazza Plebiscito<\/strong> era previsto un incontro con la citt\u00e0, organizzato dalla stessa amministrazione. <strong>Una sorta di conferenza stampa allargata<\/strong> in cui preventivamente si chiedeva \u201calle testate giornalistiche di indicare \u2013 per l\u2019accredito \u2013 il nome di un giornalista abilitato dalla testata a porre domande. Ci\u00f2 con invio di apposita mail all\u2019indirizzo dell\u2019Ufficio Stampa entro le ore 12 di mercoled\u00ec 21 giugno\u201d. Indicazione che <strong>la Redazione di GioiaNet e \u201cLa voce del paese\u201d<\/strong>, con risposta inviata alle ore 09:42 del 21 giugno, <strong>ha rispettato<\/strong> indicando, come referente, il sottoscritto.<\/p>\n<p style=\"text-align: justify;\">E fin qui non ci sarebbe nulla di anomalo se non fosse per la comunicazione data ai cittadini presenti in piazza, in attesa che l\u2019incontro avesse inizio, che \u201c<strong>la stampa si era rifiutata di partecipare<\/strong>\u201d invitando i cittadini a porre le loro domande ad un preposto (consigliere Romanelli) che a sua volta le avrebbe girate a Piero Romanazzi, autoproclamatosi, nel frattempo, \u201cmoderatore della serata\u201d. Riuscendoci in pieno. Infatti, a tratti, pi\u00f9 che una conferenza stampa \u00e8 sembrata essere uno spettacolo, uno show politico.<\/p>\n<p style=\"text-align: justify;\"><strong>Ma quale \u201cstampa\u201d avrebbe deciso di non partecipare? In rappresentanza di chi?<\/strong> Parlava per se stessa o per tutte le testate giornalistiche? Per quelle cartacee o per quelle online? Come mai nessuno si \u00e8 posto questa domanda? <strong>Eppure, noi (plurale maiestatis) eravamo l\u00ec, pronti a porre le nostre domande<\/strong>, ci hanno visto e salutato, qualcuno a malincuore, perch\u00e9 non siamo stati interpellati? A precisa domanda, <strong>ci hanno risposto che non risultavamo tra gli accreditati<\/strong>, e che per esserlo avremmo dovuto inviare una nostra mail di accredito all\u2019ufficio stampa del comune. Cosa che abbiamo fatto utilizzando questa mail <span><a href=\"mailto:ufficiostampa.gioiadelcolle@pec.rupar.puglia.it\">ufficiostampa.gioiadelcolle@pec.rupar.puglia.it<\/a>, la stessa indicata nell\u2019invito. <strong>Forse qualcuno<\/strong> ha dimenticato di aprirla o <strong>non voleva la nostra presenza?<\/strong> Sta di fatto che l\u2019improvvisato e autoproclamatosi moderatore politico ha preso in mano la situazione (il microfono) decidendo di proseguire cos\u00ec come gi\u00e0 programmato, da chi?<\/span><\/p>\n<p style=\"text-align: justify;\"><span><strong>Potevamo anche chiuderla l\u00ec e andarcene a festeggiare i vari Giovanni<\/strong> di nostra conoscenza, o <strong>fare altro di pi\u00f9 importante<\/strong>, <strong>ma<\/strong>, visto che c\u2019eravamo, che comunque avevamo preso questo impegno, <strong>siamo<\/strong> <strong>rimasti ad ascoltare, stando, cos\u00ec come si dice in gergo, \u201cal gioco\u201d<\/strong>.<\/span><\/p>\n<p style=\"text-align: justify;\"><span>Le domande si sono alternate, su argomenti scontati, pi\u00f9 o meno personali o di nicchia, quanto le risposte, e non poteva essere diversamente, ovviamente.<\/span><\/p>\n<p style=\"text-align: justify;\"><span>Ma il conduttore, pardon, il moderatore, dopo aver pi\u00f9 volte detto di no al consigliere <strong>Rosa Addabbo<\/strong>, che perorava la richiesta di un nostro intervento, non poteva assolutamente pensare di chiudere la serata con un invito a \u201cfare un\u2019ultima domanda, c&#8217;\u00e8 solo un minuto di tempo\u201d, cos\u00ec, tanto per accontentarci o togliersi lo scrupolo; non si sa mai, qualcuno avrebbe potuto avere da ridire sul fatto che non ci sia stata data la parola o la possibilit\u00e0 di farlo. Ma, come dicevamo in apertura, <strong>a tutto c\u2019\u00e8 un limite<\/strong>. Avremmo potuto far finta di niente, ma non in questo caso. <strong>Prima di tutto c\u2019\u00e8 il rispetto, dei ruoli<\/strong>, dicevamo prima, <strong>delle persone e dell\u2019amor proprio, del proprio orgoglio<\/strong>. <strong>Cos\u00ec non si fa, cos\u00ec non ci si comporta, non \u00e8 corretto<\/strong>, non nei nostri confronti e di chi ci segue, ma di tutti i cittadini, non solo di quelli presenti, che meritano di pi\u00f9, molto di pi\u00f9. <strong>A meno che anche loro, gli amministratori di oggi, ci considerino<\/strong>, alla stregua degli stessi \u201cprofessionisti\u201d di ieri, oggi e domani, <strong>dei giornalai solo perch\u00e9<\/strong>, pur non avendo un pezzo di carta, <strong>scriviamo la verit\u00e0 quella vera, dando voce alla citt\u00e0 e ai suoi cittadini<\/strong>.<\/span><\/p>\n<p><a href=\"https:\/\/www.facebook.com\/ComuneDiGioiaDelColle\/videos\/1587183644649572\/\">https:\/\/www.facebook.com\/ComuneDiGioiaDelColle\/videos\/1587183644649572\/<\/a><\/p>\n<p>&nbsp;<\/p>\n","protected":false},"excerpt":{"rendered":"","protected":false},"author":1,"featured_media":0,"comment_status":"open","ping_status":"closed","sticky":false,"template":"","format":"standard","meta":{"colormag_page_container_layout":"default_layout","colormag_page_sidebar_layout":"default_layout","footnotes":""},"categories":[4],"tags":[],"class_list":["post-55712","post","type-post","status-publish","format-standard","hentry","category-politica"],"_links":{"self":[{"href":"https:\/\/archiviogioia.lavocedelpaese.info\/index.php?rest_route=\/wp\/v2\/posts\/55712","targetHints":{"allow":["GET"]}}],"collection":[{"href":"https:\/\/archiviogioia.lavocedelpaese.info\/index.php?rest_route=\/wp\/v2\/posts"}],"about":[{"href":"https:\/\/archiviogioia.lavocedelpaese.info\/index.php?rest_route=\/wp\/v2\/types\/post"}],"author":[{"embeddable":true,"href":"https:\/\/archiviogioia.lavocedelpaese.info\/index.php?rest_route=\/wp\/v2\/users\/1"}],"replies":[{"embeddable":true,"href":"https:\/\/archiviogioia.lavocedelpaese.info\/index.php?rest_route=%2Fwp%2Fv2%2Fcomments&post=55712"}],"version-history":[{"count":0,"href":"https:\/\/archiviogioia.lavocedelpaese.info\/index.php?rest_route=\/wp\/v2\/posts\/55712\/revisions"}],"wp:attachment":[{"href":"https:\/\/archiviogioia.lavocedelpaese.info\/index.php?rest_route=%2Fwp%2Fv2%2Fmedia&parent=55712"}],"wp:term":[{"taxonomy":"category","embeddable":true,"href":"https:\/\/archiviogioia.lavocedelpaese.info\/index.php?rest_route=%2Fwp%2Fv2%2Fcategories&post=55712"},{"taxonomy":"post_tag","embeddable":true,"href":"https:\/\/archiviogioia.lavocedelpaese.info\/index.php?rest_route=%2Fwp%2Fv2%2Ftags&post=55712"}],"curies":[{"name":"wp","href":"https:\/\/api.w.org\/{rel}","templated":true}]}}