{"id":55734,"date":"2017-06-27T07:07:57","date_gmt":"2017-06-27T07:07:57","guid":{"rendered":"https:\/\/archiviogioia.lavocedelpaese.info\/?p=55734"},"modified":"2017-06-27T07:07:57","modified_gmt":"2017-06-27T07:07:57","slug":"bari-in-jazz-buona-la-prima-baloji-strega-gioia-foto","status":"publish","type":"post","link":"https:\/\/archiviogioia.lavocedelpaese.info\/?p=55734","title":{"rendered":"BARI IN JAZZ. BUONA LA PRIMA: BALOJI STREGA GIOIA-foto"},"content":{"rendered":"<p><a title=\"concerto di Baloji a Gioia\" href=\"https:\/\/www.flickr.com\/photos\/91470992@N02\/35433503661\/in\/album-72157685561923035\/\" data-flickr-embed=\"true\"><img loading=\"lazy\" decoding=\"async\" style=\"display: block; margin-left: auto; margin-right: auto;\" src=\"https:\/\/c1.staticflickr.com\/5\/4281\/35433503661_1229d9dd34_z.jpg\" alt=\"concerto di Baloji a Gioia\" width=\"320\" height=\"240\" \/><\/a><\/p>\n<p><!--more--><\/p>\n<p style=\"margin-bottom: 0.0001pt; text-align: justify; line-height: normal;\"><a title=\"concerto di Baloji a Gioia\" href=\"https:\/\/www.flickr.com\/photos\/91470992@N02\/34722704854\/in\/album-72157685561923035\/\" data-flickr-embed=\"true\"><img loading=\"lazy\" decoding=\"async\" style=\"margin: 4px; float: left;\" src=\"https:\/\/c1.staticflickr.com\/5\/4241\/34722704854_ef1ee9a65b_z.jpg\" alt=\"concerto di Baloji a Gioia\" width=\"400\" height=\"300\" \/><\/a> Il festival metropolitano \u201c<strong>Bari in Jazz<\/strong>\u201d giunto alla sua tredicesima edizione, quest\u2019anno \u00e8 partito proprio dalla nostra citt\u00e0. Lo scorso gioved\u00ec 15 giugno infatti in un\u2019affollata piazza D\u2019Andrano ha avuto luogo il <strong>concerto di Baloji<\/strong>, rapper congolese, belga d\u2019adozione. Definirlo semplicemente rapper \u00e8 riduttivo, Baloji che nella lingua Swahili significa \u201cstregone\u201d, \u00e8 poeta, compositore lirico, sceneggiatore, attore, stilista e videomaker, nel 2008 pubblica il suo primo album \u201cHotel Impala\u201d una vera e propria missione per ritrovare la propria identit\u00e0, ricca di soul, afrobeat, e hip-hop. Disco d\u2019oro certificato l\u2019album fa anche incetta di premi presso la critica e lo porta <strong>in giro per il mondo con oltre 200 concerti<\/strong>. Dopo questo successo sente il bisogno di tornare in Congo per approfondire le sue radici e nasce \u201cKinshasa Succursale\u201d contenente i sette brani del precedente album, riarrangiati e ri-registrati grazie alla collaborazione dei migliori musicisti di Kinshasa, insieme a sei nuove tracce inizialmente non previste. A fine 2013 arriva la raccolta \u201cRed Hot + Fela\u201d con tre brani che lo consacrano nel mercato americano<a title=\"concerto di Baloji a Gioia\" href=\"https:\/\/www.flickr.com\/photos\/91470992@N02\/35433503171\/in\/album-72157685561923035\/\" data-flickr-embed=\"true\"><img loading=\"lazy\" decoding=\"async\" style=\"margin: 4px; float: right;\" src=\"https:\/\/c1.staticflickr.com\/5\/4287\/35433503171_4c1257abff_z.jpg\" alt=\"concerto di Baloji a Gioia\" width=\"400\" height=\"300\" \/><\/a>, \u201c64 Bits Malachite\u201d \u00e8 invece il titolo del suo ultimo Ep.<\/p>\n<p style=\"margin-bottom: 0.0001pt; line-height: normal; text-align: justify;\">Ad aprire il concerto del poliedrico artista lo spettacolo \u201cRitmi e danze aspettando le stelle\u201d a cura di Elizabeth Uvirov\u00e1, seguito dall\u2019intervento di <strong>Koblan<\/strong> che si dice onorato perch\u00e9 quest\u2019edizione del festival parte da Gioia, festival che conta sedici appuntamenti fino al 29 luglio che si svolgeranno in dieci comuni della Puglia e a Matera, e dopo aver invitato i presenti ad avvicinarsi al palco, cede la parola all\u2019Assessore alle Culture <strong>Anna Maria Longo<\/strong> che ha voluto fortemente questo evento a Gioia, la stessa ringrazia a sua volta lui per aver dato quest\u2019opportunit\u00e0 alla nostra citt\u00e0 che si apre ancor di pi\u00f9 a popoli diversi creando forti legami condensati in una musica e danza senza confini: \u201conorati noi di dare il via a questa tredicesima edizione, ringrazio K ?\u2026.per questo, \u00e8 davvero un peccato perdersi questo spettacolo\u201d afferma la dott.ssa Longo. La poliedricit\u00e0 di Baloji si estrinseca anche nella variet\u00e0 dei generi che me<a title=\"concerto di Baloji a Gioia\" href=\"https:\/\/www.flickr.com\/photos\/91470992@N02\/34722705564\/in\/album-72157685561923035\/\" data-flickr-embed=\"true\"><img loading=\"lazy\" decoding=\"async\" style=\"margin: 4px; float: left;\" src=\"https:\/\/c1.staticflickr.com\/5\/4238\/34722705564_be0ce4617f_z.jpg\" alt=\"concerto di Baloji a Gioia\" width=\"400\" height=\"300\" \/><\/a>scola nelle sue canzoni dove le sonorit\u00e0 tipiche afroamericane come il jazz, il soul e il funk vengono rivisitate attraverso la tecnica del campionamento e della musica elettronica, trance, deep house, che hanno preso piede nella regione del Belgio dove lui \u00e8 cresciuto. Queste influenze permettono al musicista di arricchire il suo progetto musicale rendendolo originale e coinvolgente.<\/p>\n<p style=\"margin-bottom: 0.0001pt; text-align: justify; line-height: normal;\">Come \u00e8 stata la sua performance sul palco in piazza D\u2019Andrano, nessuno dei presenti \u00e8 rimasto indifferente al fascino delle sonorit\u00e0 proposte da Baloji e la sua band, ancor di pi\u00f9 dal suo essere capace di parlare il linguaggio universale della musica anche attraverso il suo corpo e la mimica, abbattendo ogni tipo di barriera, qualora ce ne fosse, tra lui e chi era difronte il palco che non ha potuto fare a meno di seguire i movimenti che le sonorit\u00e0 proposte da Baloji suscitavano.<\/p>\n<p style=\"margin-bottom: 0.0001pt; text-align: justify; line-height: normal;\">Un vero padrone del palcoscenico che ha reso protagonisti anche i suoi musicisti, gli applausi scroscianti, che non sono mai mancati durante tutta la performance, hanno salutato il fuoriclasse congolese che ha portato tutto il calore, le sonorit\u00e0 e la gioia di vivere della sua terra sul palco del Bari in Jazz nella nostra Gioia. [<strong>foto Mimmo Castellaneta<\/strong>]<\/p>\n<p>\n<object data=\"https:\/\/www.flickr.com\/apps\/slideshow\/show.swf?v=261948265\" type=\"application\/x-shockwave-flash\" width=\"660\" height=\"495\"><param name=\"flashvars\" value=\"offsite=true&amp;lang=it-it&amp;page_show_url=%2Fphotos%2F91470992%40N02%2Fsets%2F72157685561923035%2Fshow%2F&amp;page_show_back_url=%2Fphotos%2F91470992%40N02%2Fsets%2F72157685561923035%2F&amp;set_id=72157685561923035&amp;jump_to=\" \/><param name=\"movie\" value=\"https:\/\/www.flickr.com\/apps\/slideshow\/show.swf?v=261948265\" \/><param name=\"allowFullScreen\" value=\"true\" \/><\/object><\/p>\n","protected":false},"excerpt":{"rendered":"","protected":false},"author":1,"featured_media":0,"comment_status":"open","ping_status":"closed","sticky":false,"template":"","format":"standard","meta":{"colormag_page_container_layout":"default_layout","colormag_page_sidebar_layout":"default_layout","footnotes":""},"categories":[7],"tags":[],"class_list":["post-55734","post","type-post","status-publish","format-standard","hentry","category-attualita"],"_links":{"self":[{"href":"https:\/\/archiviogioia.lavocedelpaese.info\/index.php?rest_route=\/wp\/v2\/posts\/55734","targetHints":{"allow":["GET"]}}],"collection":[{"href":"https:\/\/archiviogioia.lavocedelpaese.info\/index.php?rest_route=\/wp\/v2\/posts"}],"about":[{"href":"https:\/\/archiviogioia.lavocedelpaese.info\/index.php?rest_route=\/wp\/v2\/types\/post"}],"author":[{"embeddable":true,"href":"https:\/\/archiviogioia.lavocedelpaese.info\/index.php?rest_route=\/wp\/v2\/users\/1"}],"replies":[{"embeddable":true,"href":"https:\/\/archiviogioia.lavocedelpaese.info\/index.php?rest_route=%2Fwp%2Fv2%2Fcomments&post=55734"}],"version-history":[{"count":0,"href":"https:\/\/archiviogioia.lavocedelpaese.info\/index.php?rest_route=\/wp\/v2\/posts\/55734\/revisions"}],"wp:attachment":[{"href":"https:\/\/archiviogioia.lavocedelpaese.info\/index.php?rest_route=%2Fwp%2Fv2%2Fmedia&parent=55734"}],"wp:term":[{"taxonomy":"category","embeddable":true,"href":"https:\/\/archiviogioia.lavocedelpaese.info\/index.php?rest_route=%2Fwp%2Fv2%2Fcategories&post=55734"},{"taxonomy":"post_tag","embeddable":true,"href":"https:\/\/archiviogioia.lavocedelpaese.info\/index.php?rest_route=%2Fwp%2Fv2%2Ftags&post=55734"}],"curies":[{"name":"wp","href":"https:\/\/api.w.org\/{rel}","templated":true}]}}